{"id":17124,"date":"2024-11-25T15:11:14","date_gmt":"2024-11-25T15:11:14","guid":{"rendered":"https:\/\/diariotiempo.com.uy\/noticias\/?p=17124"},"modified":"2024-11-25T15:11:15","modified_gmt":"2024-11-25T15:11:15","slug":"intendente-metediera-dispone-medidas-para-reducir-carga-fiscal-a-las-cooperativas-de-viviendas-del-departamento","status":"publish","type":"post","link":"https:\/\/diariotiempo.com.uy\/noticias\/2024\/11\/25\/intendente-metediera-dispone-medidas-para-reducir-carga-fiscal-a-las-cooperativas-de-viviendas-del-departamento\/","title":{"rendered":"Intendente Metediera dispone medidas para reducir carga fiscal a las cooperativas de viviendas del departamento"},"content":{"rendered":"\n<figure class=\"wp-block-image size-full\"><img loading=\"lazy\" decoding=\"async\" width=\"800\" height=\"471\" src=\"https:\/\/diariotiempo.com.uy\/noticias\/wp-content\/uploads\/2024\/11\/viviendas.jpg\" alt=\"\" class=\"wp-image-17125\" srcset=\"https:\/\/diariotiempo.com.uy\/noticias\/wp-content\/uploads\/2024\/11\/viviendas.jpg 800w, https:\/\/diariotiempo.com.uy\/noticias\/wp-content\/uploads\/2024\/11\/viviendas-300x177.jpg 300w, https:\/\/diariotiempo.com.uy\/noticias\/wp-content\/uploads\/2024\/11\/viviendas-768x452.jpg 768w\" sizes=\"auto, (max-width: 800px) 100vw, 800px\" \/><\/figure>\n\n\n\n<p>El Intendente, Marcelo Metediera, remiti\u00f3 a la Junta Departamental una solicitud de aprobaci\u00f3n de reducci\u00f3n de la carga fiscal a las cooperativas de viviendas del departamento, exoner\u00e1ndolas de los costos municipales derivados de las gestiones de viabilidad y permisos de construcci\u00f3n.<\/p>\n\n\n\n<p>El jerarca realiz\u00f3 el anuncio tras recibir, junto a la Pro Secretaria General, As. Soc. Silvana Nieves, a una delegaci\u00f3n de la Federaci\u00f3n de Cooperativas del Programa de Vivienda Sindical del Pit-Cnt en el marco del di\u00e1logo que la Intendencia lleva adelante con las federaciones de cooperativas del departamento.<\/p>\n\n\n\n<p>Metediera explic\u00f3 que, una vez aprobada por el Legislativo departamental, la exoneraci\u00f3n \u2013que actualmente est\u00e1 vigente para las cooperativas de usuarios\u2013 tambi\u00e9n alcanzar\u00e1 a los propietarios, por lo que beneficiar\u00e1 a todas las cooperativas del departamento, lo que permitir\u00e1 aliviar la cuota mensual o generar ahorros que se pueden volcar en mejorar las caracter\u00edsticas de la vivienda.<\/p>\n\n\n\n<p>Durante el a\u00f1o 2023 fueron ocho las cooperativas que se presentaron ante la Intendencia, por lo que, de estar vigente la medida, la exoneraci\u00f3n tributaria en ambas categor\u00edas ascender\u00eda a $ 1.600.000 anuales.<\/p>\n\n\n\n<p>El Presidente de la Federaci\u00f3n de Cooperativas del Programa de Vivienda Sindical del Pit-Cnt, Eduardo Tropiano, afirm\u00f3 que los anuncios realizados por el Intendente representan un aporte fundamental para el movimiento cooperativo ya que significan un alivio econ\u00f3mico que se podr\u00e1 capitalizar en el incremento de la cartera de tierras.<\/p>\n\n\n\n<p>Tropiano inform\u00f3 que el movimiento sindical cuenta con 20 cooperativas de viviendas en distintos puntos del departamento y agreg\u00f3 que existe un inter\u00e9s creciente de los trabajadores y trabajadores canarios por sumarse a esta modalidad.<\/p>\n\n\n\n<p>Del encuentro participaron, adem\u00e1s, la Secretaria General de la Federaci\u00f3n de Cooperativas del Programa de Vivienda Sindical del Pit-Cnt, Viviana N\u00fa\u00f1ez, y Dami\u00e1n Bardanca, integrante de la directiva de la federaci\u00f3n.<\/p>\n\n\n\n<p><strong>Ventanilla \u00fanica y cartera de tierras<\/strong><\/p>\n\n\n\n<p>Durante el encuentro mantenido con los trabajadores tambi\u00e9n se avanz\u00f3 en el funcionamiento de la ventanilla \u00fanica con el objetivo de que las cooperativas puedan agilizar el tr\u00e1mite relativo a la habilitaci\u00f3n de sus terrenos para la construcci\u00f3n de viviendas.<\/p>\n\n\n\n<p>El mecanismo tambi\u00e9n permite determinar aquellos terrenos municipales que puedan ser utilizados por las cooperativas. En este sentido, el Intendente comunic\u00f3 que desde el 2005 hasta el 2023 se entregaron 360 terrenos, de las cuales 40 fueron destinadas a planes de vivienda.<\/p>\n\n\n\n<p>En el marco del di\u00e1logo permanente con los trabajadores y trabajadoras del departamento, en agosto pasado, Metediera firm\u00f3 la cesi\u00f3n de un terreno ubicado en Estaci\u00f3n Atl\u00e1ntida a la Asociaci\u00f3n de Empleados y Obreros Municipales (ADEOM) para la construccion de viviendas y anunci\u00f3 que pr\u00f3ximamente se adjudicar\u00e1n otros dos en las ciudades de Las Piedras y Pando.<\/p>\n\n\n\n<p>Con estas acciones la Intendencia de Canelones reafirma su compromiso para garantizar el acceso a la vivienda digna como un derecho fundamental consagrado en la Constituci\u00f3n de la Rep\u00fablica, en la Declaraci\u00f3n de Derechos Humanos y en el Pacto Internacional de los Derechos Econ\u00f3micos, Sociales y Culturales, del cual el Uruguay es Estado parte.<\/p>\n","protected":false},"excerpt":{"rendered":"<p>El Intendente, Marcelo Metediera, remiti\u00f3 a la Junta Departamental una solicitud de aprobaci\u00f3n de reducci\u00f3n&#8230;<\/p>\n","protected":false},"author":1,"featured_media":17125,"comment_status":"closed","ping_status":"closed","sticky":false,"template":"","format":"standard","meta":{"_monsterinsights_skip_tracking":false,"_monsterinsights_sitenote_active":false,"_monsterinsights_sitenote_note":"","_monsterinsights_sitenote_category":0,"footnotes":""},"categories":[4],"tags":[],"class_list":["post-17124","post","type-post","status-publish","format-standard","has-post-thumbnail","hentry","category-departamental"],"featured_image_urls":{"full":["https:\/\/diariotiempo.com.uy\/noticias\/wp-content\/uploads\/2024\/11\/viviendas.jpg",800,471,false],"thumbnail":["https:\/\/diariotiempo.com.uy\/noticias\/wp-content\/uploads\/2024\/11\/viviendas-150x150.jpg",150,150,true],"medium":["https:\/\/diariotiempo.com.uy\/noticias\/wp-content\/uploads\/2024\/11\/viviendas-300x177.jpg",300,177,true],"medium_large":["https:\/\/diariotiempo.com.uy\/noticias\/wp-content\/uploads\/2024\/11\/viviendas-768x452.jpg",640,377,true],"large":["https:\/\/diariotiempo.com.uy\/noticias\/wp-content\/uploads\/2024\/11\/viviendas.jpg",640,377,false],"rpg_gallery_admin_thumb":["https:\/\/diariotiempo.com.uy\/noticias\/wp-content\/uploads\/2024\/11\/viviendas-150x150.jpg",150,150,true],"rpg_gallery_thumb":["https:\/\/diariotiempo.com.uy\/noticias\/wp-content\/uploads\/2024\/11\/viviendas-150x150.jpg",150,150,true],"1536x1536":["https:\/\/diariotiempo.com.uy\/noticias\/wp-content\/uploads\/2024\/11\/viviendas.jpg",800,471,false],"2048x2048":["https:\/\/diariotiempo.com.uy\/noticias\/wp-content\/uploads\/2024\/11\/viviendas.jpg",800,471,false],"covernews-slider-full":["https:\/\/diariotiempo.com.uy\/noticias\/wp-content\/uploads\/2024\/11\/viviendas.jpg",800,471,false],"covernews-slider-center":["https:\/\/diariotiempo.com.uy\/noticias\/wp-content\/uploads\/2024\/11\/viviendas.jpg",800,471,false],"covernews-featured":["https:\/\/diariotiempo.com.uy\/noticias\/wp-content\/uploads\/2024\/11\/viviendas.jpg",800,471,false],"covernews-medium":["https:\/\/diariotiempo.com.uy\/noticias\/wp-content\/uploads\/2024\/11\/viviendas-540x340.jpg",540,340,true],"covernews-medium-square":["https:\/\/diariotiempo.com.uy\/noticias\/wp-content\/uploads\/2024\/11\/viviendas-400x250.jpg",400,250,true]},"author_info":{"display_name":"diario","author_link":"https:\/\/diariotiempo.com.uy\/noticias\/author\/diario\/"},"category_info":"<a href=\"https:\/\/diariotiempo.com.uy\/noticias\/category\/departamental\/\" rel=\"category tag\">DEPARTAMENTAL<\/a>","tag_info":"DEPARTAMENTAL","comment_count":"0","_links":{"self":[{"href":"https:\/\/diariotiempo.com.uy\/noticias\/wp-json\/wp\/v2\/posts\/17124","targetHints":{"allow":["GET"]}}],"collection":[{"href":"https:\/\/diariotiempo.com.uy\/noticias\/wp-json\/wp\/v2\/posts"}],"about":[{"href":"https:\/\/diariotiempo.com.uy\/noticias\/wp-json\/wp\/v2\/types\/post"}],"author":[{"embeddable":true,"href":"https:\/\/diariotiempo.com.uy\/noticias\/wp-json\/wp\/v2\/users\/1"}],"replies":[{"embeddable":true,"href":"https:\/\/diariotiempo.com.uy\/noticias\/wp-json\/wp\/v2\/comments?post=17124"}],"version-history":[{"count":1,"href":"https:\/\/diariotiempo.com.uy\/noticias\/wp-json\/wp\/v2\/posts\/17124\/revisions"}],"predecessor-version":[{"id":17126,"href":"https:\/\/diariotiempo.com.uy\/noticias\/wp-json\/wp\/v2\/posts\/17124\/revisions\/17126"}],"wp:featuredmedia":[{"embeddable":true,"href":"https:\/\/diariotiempo.com.uy\/noticias\/wp-json\/wp\/v2\/media\/17125"}],"wp:attachment":[{"href":"https:\/\/diariotiempo.com.uy\/noticias\/wp-json\/wp\/v2\/media?parent=17124"}],"wp:term":[{"taxonomy":"category","embeddable":true,"href":"https:\/\/diariotiempo.com.uy\/noticias\/wp-json\/wp\/v2\/categories?post=17124"},{"taxonomy":"post_tag","embeddable":true,"href":"https:\/\/diariotiempo.com.uy\/noticias\/wp-json\/wp\/v2\/tags?post=17124"}],"curies":[{"name":"wp","href":"https:\/\/api.w.org\/{rel}","templated":true}]}}