{"id":17130,"date":"2024-11-26T14:57:54","date_gmt":"2024-11-26T14:57:54","guid":{"rendered":"https:\/\/diariotiempo.com.uy\/noticias\/?p=17130"},"modified":"2024-11-26T14:57:55","modified_gmt":"2024-11-26T14:57:55","slug":"uruguay-y-portugal-acordaron-visado-de-vacaciones-y-trabajo-para-jovenes","status":"publish","type":"post","link":"https:\/\/diariotiempo.com.uy\/noticias\/2024\/11\/26\/uruguay-y-portugal-acordaron-visado-de-vacaciones-y-trabajo-para-jovenes\/","title":{"rendered":"Uruguay y Portugal acordaron visado de vacaciones y trabajo para j\u00f3venes"},"content":{"rendered":"\n<figure class=\"wp-block-image size-full\"><img loading=\"lazy\" decoding=\"async\" width=\"800\" height=\"532\" src=\"https:\/\/diariotiempo.com.uy\/noticias\/wp-content\/uploads\/2024\/11\/firma-portugal.jpg\" alt=\"\" class=\"wp-image-17131\" srcset=\"https:\/\/diariotiempo.com.uy\/noticias\/wp-content\/uploads\/2024\/11\/firma-portugal.jpg 800w, https:\/\/diariotiempo.com.uy\/noticias\/wp-content\/uploads\/2024\/11\/firma-portugal-300x200.jpg 300w, https:\/\/diariotiempo.com.uy\/noticias\/wp-content\/uploads\/2024\/11\/firma-portugal-768x511.jpg 768w\" sizes=\"auto, (max-width: 800px) 100vw, 800px\" \/><\/figure>\n\n\n\n<p>Los gobiernos de Uruguay y Portugal firmaron un memorando de entendimiento para que j\u00f3venes de entre 18 y 35 a\u00f1os que viajen de vacaciones a cualquiera de esos pa\u00edses puedan trabajar en ellos por seis meses. Las autoridades coincidieron en que la experiencia es enriquecedora, permite conocer culturas y mercados laborales. En el caso del portugu\u00e9s, aseguraron una alta disponibilidad de empleo en el sector hotelero y agr\u00edcola.<\/p>\n\n\n\n<p>El ministro de Relaciones Exteriores, Omar Paganini, y el embajador de Portugal en Uruguay, Jo\u00e3o Pedro Louren\u00e7o Antunes, rubricaron un acuerdo vinculado a un programa de movilidad juvenil sobre vacaciones y trabajo. Al acto, realizado este viernes 22 en el Palacio Santos, asisti\u00f3 tambi\u00e9n el subsecretario de la referida cartera, Nicol\u00e1s Albertoni.<\/p>\n\n\n\n<p>El beneficio establecido en el memorando ya est\u00e1 vigente, abarca a j\u00f3venes de entre 18 y 35 a\u00f1os de Uruguay y Portugal que prevean viajar por vacaciones prolongadas a cualquiera de esos pa\u00edses y les ofrece la posibilidad de trabajar en ellos por un per\u00edodo no mayor a los seis meses, pese a que el visado es por hasta un a\u00f1o.<\/p>\n\n\n\n<p>Para acceder a la visa, es fundamental, adem\u00e1s, haber comprado los pasajes de ida y vuelta o contar con los fondos para costearlos, as\u00ed como con dinero para los primeros d\u00edas de estad\u00eda hasta conseguir un empleo. El cupo comprende a 200 j\u00f3venes de cada naci\u00f3n por a\u00f1o. La solicitud debe realizarse en la embajada o el consultado del otro estado ubicado en cada territorio. Por m\u00e1s informaci\u00f3n, se sugiere escribir a la direcci\u00f3n de correo electr\u00f3nico sconsular.montevideu@mne.pt.<\/p>\n\n\n\n<p>Paganini record\u00f3 que hay acuerdos similares recientes con otras naciones, como Reino Unido, y con este se ampl\u00eda la oferta. La iniciativa comprende tambi\u00e9n la posibilidad de formaci\u00f3n acad\u00e9mica. Es un modo de cooperaci\u00f3n bilateral y, en el caso de los uruguayos, permite que conozcan Portugal, adquieran una experiencia valiosa, mantengan contacto con diferentes culturas, su idioma y cultiven otras relaciones, para luego regresar a Uruguay enriquecidos en sus capacidades y potencial.<\/p>\n\n\n\n<p>El embajador de Portugal, en tanto, destac\u00f3 las conexiones y diferencias entre ambos pa\u00edses y consider\u00f3 que este mecanismo ayuda a acercar a los j\u00f3venes. Explic\u00f3 que, al tratarse de vacaciones largas, la modalidad permite trabajar para permanecer en el pa\u00eds y conocerlo. Es una visa de bajo costo, ya que lo \u00fanico que abonan son tasas. Es fundamental disponer de pasaporte y los medios econ\u00f3micos garantizados hasta el momento de obtener un empleo, insisti\u00f3 Jo\u00e3o Pedro Louren\u00e7o Antunes.<\/p>\n\n\n\n<p>En cuanto a la oferta laboral de Portugal, asegur\u00f3 que es enorme, ya que hay muchos puestos disponibles, sobre todo, en sectores como el agr\u00edcola y el hotelero. \u201cHay facilidad para conseguir un empleo para quienes est\u00e9n interesados en este mecanismo. Incluso, hay una estacionalidad inversa en Uruguay y Portugal\u201d, explic\u00f3 el diplom\u00e1tico, ya que quienes trabajan en la temporada estival en Uruguay, por ejemplo, luego pueden viajar y hacerlo en la portuguesa.<\/p>\n","protected":false},"excerpt":{"rendered":"<p>Los gobiernos de Uruguay y Portugal firmaron un memorando de entendimiento para que j\u00f3venes de&#8230;<\/p>\n","protected":false},"author":1,"featured_media":17131,"comment_status":"closed","ping_status":"closed","sticky":false,"template":"","format":"standard","meta":{"_monsterinsights_skip_tracking":false,"_monsterinsights_sitenote_active":false,"_monsterinsights_sitenote_note":"","_monsterinsights_sitenote_category":0,"footnotes":""},"categories":[11],"tags":[],"class_list":["post-17130","post","type-post","status-publish","format-standard","has-post-thumbnail","hentry","category-noticia-destacada"],"featured_image_urls":{"full":["https:\/\/diariotiempo.com.uy\/noticias\/wp-content\/uploads\/2024\/11\/firma-portugal.jpg",800,532,false],"thumbnail":["https:\/\/diariotiempo.com.uy\/noticias\/wp-content\/uploads\/2024\/11\/firma-portugal-150x150.jpg",150,150,true],"medium":["https:\/\/diariotiempo.com.uy\/noticias\/wp-content\/uploads\/2024\/11\/firma-portugal-300x200.jpg",300,200,true],"medium_large":["https:\/\/diariotiempo.com.uy\/noticias\/wp-content\/uploads\/2024\/11\/firma-portugal-768x511.jpg",640,426,true],"large":["https:\/\/diariotiempo.com.uy\/noticias\/wp-content\/uploads\/2024\/11\/firma-portugal.jpg",640,426,false],"rpg_gallery_admin_thumb":["https:\/\/diariotiempo.com.uy\/noticias\/wp-content\/uploads\/2024\/11\/firma-portugal-150x150.jpg",150,150,true],"rpg_gallery_thumb":["https:\/\/diariotiempo.com.uy\/noticias\/wp-content\/uploads\/2024\/11\/firma-portugal-150x150.jpg",150,150,true],"1536x1536":["https:\/\/diariotiempo.com.uy\/noticias\/wp-content\/uploads\/2024\/11\/firma-portugal.jpg",800,532,false],"2048x2048":["https:\/\/diariotiempo.com.uy\/noticias\/wp-content\/uploads\/2024\/11\/firma-portugal.jpg",800,532,false],"covernews-slider-full":["https:\/\/diariotiempo.com.uy\/noticias\/wp-content\/uploads\/2024\/11\/firma-portugal.jpg",800,532,false],"covernews-slider-center":["https:\/\/diariotiempo.com.uy\/noticias\/wp-content\/uploads\/2024\/11\/firma-portugal-800x500.jpg",800,500,true],"covernews-featured":["https:\/\/diariotiempo.com.uy\/noticias\/wp-content\/uploads\/2024\/11\/firma-portugal.jpg",800,532,false],"covernews-medium":["https:\/\/diariotiempo.com.uy\/noticias\/wp-content\/uploads\/2024\/11\/firma-portugal-540x340.jpg",540,340,true],"covernews-medium-square":["https:\/\/diariotiempo.com.uy\/noticias\/wp-content\/uploads\/2024\/11\/firma-portugal-400x250.jpg",400,250,true]},"author_info":{"display_name":"diario","author_link":"https:\/\/diariotiempo.com.uy\/noticias\/author\/diario\/"},"category_info":"<a href=\"https:\/\/diariotiempo.com.uy\/noticias\/category\/noticia-destacada\/\" rel=\"category tag\">NOTICIA DESTACADA<\/a>","tag_info":"NOTICIA DESTACADA","comment_count":"0","_links":{"self":[{"href":"https:\/\/diariotiempo.com.uy\/noticias\/wp-json\/wp\/v2\/posts\/17130","targetHints":{"allow":["GET"]}}],"collection":[{"href":"https:\/\/diariotiempo.com.uy\/noticias\/wp-json\/wp\/v2\/posts"}],"about":[{"href":"https:\/\/diariotiempo.com.uy\/noticias\/wp-json\/wp\/v2\/types\/post"}],"author":[{"embeddable":true,"href":"https:\/\/diariotiempo.com.uy\/noticias\/wp-json\/wp\/v2\/users\/1"}],"replies":[{"embeddable":true,"href":"https:\/\/diariotiempo.com.uy\/noticias\/wp-json\/wp\/v2\/comments?post=17130"}],"version-history":[{"count":1,"href":"https:\/\/diariotiempo.com.uy\/noticias\/wp-json\/wp\/v2\/posts\/17130\/revisions"}],"predecessor-version":[{"id":17132,"href":"https:\/\/diariotiempo.com.uy\/noticias\/wp-json\/wp\/v2\/posts\/17130\/revisions\/17132"}],"wp:featuredmedia":[{"embeddable":true,"href":"https:\/\/diariotiempo.com.uy\/noticias\/wp-json\/wp\/v2\/media\/17131"}],"wp:attachment":[{"href":"https:\/\/diariotiempo.com.uy\/noticias\/wp-json\/wp\/v2\/media?parent=17130"}],"wp:term":[{"taxonomy":"category","embeddable":true,"href":"https:\/\/diariotiempo.com.uy\/noticias\/wp-json\/wp\/v2\/categories?post=17130"},{"taxonomy":"post_tag","embeddable":true,"href":"https:\/\/diariotiempo.com.uy\/noticias\/wp-json\/wp\/v2\/tags?post=17130"}],"curies":[{"name":"wp","href":"https:\/\/api.w.org\/{rel}","templated":true}]}}