{"id":17145,"date":"2024-11-29T22:36:54","date_gmt":"2024-11-29T22:36:54","guid":{"rendered":"https:\/\/diariotiempo.com.uy\/noticias\/?p=17145"},"modified":"2024-11-29T22:36:55","modified_gmt":"2024-11-29T22:36:55","slug":"fueron-inauguradas-mas-camaras-de-videovigilancia-para-pando","status":"publish","type":"post","link":"https:\/\/diariotiempo.com.uy\/noticias\/2024\/11\/29\/fueron-inauguradas-mas-camaras-de-videovigilancia-para-pando\/","title":{"rendered":"Fueron inauguradas m\u00e1s C\u00e1maras de Videovigilancia para Pando\u00a0"},"content":{"rendered":"\n<figure class=\"wp-block-gallery has-nested-images columns-2 is-cropped wp-block-gallery-1 is-layout-flex wp-block-gallery-is-layout-flex\">\n<figure class=\"wp-block-image size-large\"><img loading=\"lazy\" decoding=\"async\" width=\"719\" height=\"437\" data-id=\"17146\" src=\"https:\/\/diariotiempo.com.uy\/noticias\/wp-content\/uploads\/2024\/11\/pando-camara-columna.jpg\" alt=\"\" class=\"wp-image-17146\" srcset=\"https:\/\/diariotiempo.com.uy\/noticias\/wp-content\/uploads\/2024\/11\/pando-camara-columna.jpg 719w, https:\/\/diariotiempo.com.uy\/noticias\/wp-content\/uploads\/2024\/11\/pando-camara-columna-300x182.jpg 300w\" sizes=\"auto, (max-width: 719px) 100vw, 719px\" \/><\/figure>\n\n\n\n<figure class=\"wp-block-image size-large\"><img loading=\"lazy\" decoding=\"async\" width=\"900\" height=\"503\" data-id=\"17148\" src=\"https:\/\/diariotiempo.com.uy\/noticias\/wp-content\/uploads\/2024\/11\/pando-camaras-cerca.jpg\" alt=\"\" class=\"wp-image-17148\" srcset=\"https:\/\/diariotiempo.com.uy\/noticias\/wp-content\/uploads\/2024\/11\/pando-camaras-cerca.jpg 900w, https:\/\/diariotiempo.com.uy\/noticias\/wp-content\/uploads\/2024\/11\/pando-camaras-cerca-300x168.jpg 300w, https:\/\/diariotiempo.com.uy\/noticias\/wp-content\/uploads\/2024\/11\/pando-camaras-cerca-768x429.jpg 768w\" sizes=\"auto, (max-width: 900px) 100vw, 900px\" \/><\/figure>\n\n\n\n<figure class=\"wp-block-image size-large\"><img loading=\"lazy\" decoding=\"async\" width=\"900\" height=\"533\" data-id=\"17147\" src=\"https:\/\/diariotiempo.com.uy\/noticias\/wp-content\/uploads\/2024\/11\/pando-ministro.jpg\" alt=\"\" class=\"wp-image-17147\" srcset=\"https:\/\/diariotiempo.com.uy\/noticias\/wp-content\/uploads\/2024\/11\/pando-ministro.jpg 900w, https:\/\/diariotiempo.com.uy\/noticias\/wp-content\/uploads\/2024\/11\/pando-ministro-300x178.jpg 300w, https:\/\/diariotiempo.com.uy\/noticias\/wp-content\/uploads\/2024\/11\/pando-ministro-768x455.jpg 768w\" sizes=\"auto, (max-width: 900px) 100vw, 900px\" \/><\/figure>\n<\/figure>\n\n\n\n<p>En el marco del proyecto Atl\u00e1ntico se esper\u00e1 una instalaci\u00f3n de 461 c\u00e1maras de videovigilancia en zonas claves de Canelones.<\/p>\n\n\n\n<p>El Ministerio del Interior present\u00f3 24 nuevas c\u00e1maras y 92 c\u00e1maras recambiadas en 32 sitios operativos de Pando, como parte del Proyecto Atl\u00e1ntico. Este sistema de videovigilancia integra tecnolog\u00eda avanzada, incluyendo c\u00e1maras LPR, PTZ y c\u00e1maras fijas, que ser\u00e1n parte de la red nacional de videovigilancia urbana de la Polic\u00eda Nacional.<\/p>\n\n\n\n<p>El subsecretario del Ministerio del Interior, Pablo Abdala, destac\u00f3 que este sistema cuenta con capacidades avanzadas como la lectura autom\u00e1tica de matr\u00edculas y el monitoreo en tiempo real. Adem\u00e1s, inform\u00f3 que en el marco del Proyecto Atl\u00e1ntico se instalar\u00e1n un total de 461 c\u00e1maras en 136 sitios operativos en todo el departamento de Canelones, consolidando un avance significativo en la seguridad p\u00fablica y en la prevenci\u00f3n de delitos.<\/p>\n\n\n\n<p>Por su parte, el Jefe de Polic\u00eda de Canelones, V\u00edctor Trezza, resalt\u00f3 que estas c\u00e1maras forman parte de una estrategia integral para reforzar zonas clave, como Atl\u00e1ntida y sus alrededores antes de la temporada estival, as\u00ed como otros puntos estrat\u00e9gicos, incluyendo Santoral y Pando. Desde la traslaci\u00f3n de c\u00e1maras en 2020, el departamento ha instalado m\u00e1s de 1.046 c\u00e1maras, y con los proyectos en curso, se espera superar las 3.000 c\u00e1maras instaladas en toda la jurisdicci\u00f3n de Canelones.<\/p>\n\n\n\n<p>La presentaci\u00f3n cont\u00f3 con la presencia de autoridades como el subsecretario del Ministerio del Interior, Pablo Abdala; la directora general del Ministerio del Interior, Mar\u00eda Jos\u00e9 Obiedo; el subdirector ejecutivo de la Polic\u00eda Nacional, Efra\u00edn Abreu; y el Jefe de Polic\u00eda de Canelones, V\u00edctor Trezza, entre otros.<\/p>\n\n\n\n<p>Fotos Ministerio del Interior<\/p>\n","protected":false},"excerpt":{"rendered":"<p>En el marco del proyecto Atl\u00e1ntico se esper\u00e1 una instalaci\u00f3n de 461 c\u00e1maras de videovigilancia&#8230;<\/p>\n","protected":false},"author":1,"featured_media":17148,"comment_status":"closed","ping_status":"closed","sticky":false,"template":"","format":"standard","meta":{"_monsterinsights_skip_tracking":false,"_monsterinsights_sitenote_active":false,"_monsterinsights_sitenote_note":"","_monsterinsights_sitenote_category":0,"footnotes":""},"categories":[11],"tags":[],"class_list":["post-17145","post","type-post","status-publish","format-standard","has-post-thumbnail","hentry","category-noticia-destacada"],"featured_image_urls":{"full":["https:\/\/diariotiempo.com.uy\/noticias\/wp-content\/uploads\/2024\/11\/pando-camaras-cerca.jpg",900,503,false],"thumbnail":["https:\/\/diariotiempo.com.uy\/noticias\/wp-content\/uploads\/2024\/11\/pando-camaras-cerca-150x150.jpg",150,150,true],"medium":["https:\/\/diariotiempo.com.uy\/noticias\/wp-content\/uploads\/2024\/11\/pando-camaras-cerca-300x168.jpg",300,168,true],"medium_large":["https:\/\/diariotiempo.com.uy\/noticias\/wp-content\/uploads\/2024\/11\/pando-camaras-cerca-768x429.jpg",640,358,true],"large":["https:\/\/diariotiempo.com.uy\/noticias\/wp-content\/uploads\/2024\/11\/pando-camaras-cerca.jpg",640,358,false],"rpg_gallery_admin_thumb":["https:\/\/diariotiempo.com.uy\/noticias\/wp-content\/uploads\/2024\/11\/pando-camaras-cerca-150x150.jpg",150,150,true],"rpg_gallery_thumb":["https:\/\/diariotiempo.com.uy\/noticias\/wp-content\/uploads\/2024\/11\/pando-camaras-cerca-150x150.jpg",150,150,true],"1536x1536":["https:\/\/diariotiempo.com.uy\/noticias\/wp-content\/uploads\/2024\/11\/pando-camaras-cerca.jpg",900,503,false],"2048x2048":["https:\/\/diariotiempo.com.uy\/noticias\/wp-content\/uploads\/2024\/11\/pando-camaras-cerca.jpg",900,503,false],"covernews-slider-full":["https:\/\/diariotiempo.com.uy\/noticias\/wp-content\/uploads\/2024\/11\/pando-camaras-cerca.jpg",900,503,false],"covernews-slider-center":["https:\/\/diariotiempo.com.uy\/noticias\/wp-content\/uploads\/2024\/11\/pando-camaras-cerca-800x500.jpg",800,500,true],"covernews-featured":["https:\/\/diariotiempo.com.uy\/noticias\/wp-content\/uploads\/2024\/11\/pando-camaras-cerca.jpg",900,503,false],"covernews-medium":["https:\/\/diariotiempo.com.uy\/noticias\/wp-content\/uploads\/2024\/11\/pando-camaras-cerca-540x340.jpg",540,340,true],"covernews-medium-square":["https:\/\/diariotiempo.com.uy\/noticias\/wp-content\/uploads\/2024\/11\/pando-camaras-cerca-400x250.jpg",400,250,true]},"author_info":{"display_name":"diario","author_link":"https:\/\/diariotiempo.com.uy\/noticias\/author\/diario\/"},"category_info":"<a href=\"https:\/\/diariotiempo.com.uy\/noticias\/category\/noticia-destacada\/\" rel=\"category tag\">NOTICIA DESTACADA<\/a>","tag_info":"NOTICIA DESTACADA","comment_count":"0","_links":{"self":[{"href":"https:\/\/diariotiempo.com.uy\/noticias\/wp-json\/wp\/v2\/posts\/17145","targetHints":{"allow":["GET"]}}],"collection":[{"href":"https:\/\/diariotiempo.com.uy\/noticias\/wp-json\/wp\/v2\/posts"}],"about":[{"href":"https:\/\/diariotiempo.com.uy\/noticias\/wp-json\/wp\/v2\/types\/post"}],"author":[{"embeddable":true,"href":"https:\/\/diariotiempo.com.uy\/noticias\/wp-json\/wp\/v2\/users\/1"}],"replies":[{"embeddable":true,"href":"https:\/\/diariotiempo.com.uy\/noticias\/wp-json\/wp\/v2\/comments?post=17145"}],"version-history":[{"count":1,"href":"https:\/\/diariotiempo.com.uy\/noticias\/wp-json\/wp\/v2\/posts\/17145\/revisions"}],"predecessor-version":[{"id":17149,"href":"https:\/\/diariotiempo.com.uy\/noticias\/wp-json\/wp\/v2\/posts\/17145\/revisions\/17149"}],"wp:featuredmedia":[{"embeddable":true,"href":"https:\/\/diariotiempo.com.uy\/noticias\/wp-json\/wp\/v2\/media\/17148"}],"wp:attachment":[{"href":"https:\/\/diariotiempo.com.uy\/noticias\/wp-json\/wp\/v2\/media?parent=17145"}],"wp:term":[{"taxonomy":"category","embeddable":true,"href":"https:\/\/diariotiempo.com.uy\/noticias\/wp-json\/wp\/v2\/categories?post=17145"},{"taxonomy":"post_tag","embeddable":true,"href":"https:\/\/diariotiempo.com.uy\/noticias\/wp-json\/wp\/v2\/tags?post=17145"}],"curies":[{"name":"wp","href":"https:\/\/api.w.org\/{rel}","templated":true}]}}