{"id":17163,"date":"2024-11-29T22:47:18","date_gmt":"2024-11-29T22:47:18","guid":{"rendered":"https:\/\/diariotiempo.com.uy\/noticias\/?p=17163"},"modified":"2024-11-29T22:47:19","modified_gmt":"2024-11-29T22:47:19","slug":"martes-3-movilizacion-por-mili","status":"publish","type":"post","link":"https:\/\/diariotiempo.com.uy\/noticias\/2024\/11\/29\/martes-3-movilizacion-por-mili\/","title":{"rendered":"Martes 3 movilizaci\u00f3n por Mili"},"content":{"rendered":"\n<figure class=\"wp-block-image size-full\"><img loading=\"lazy\" decoding=\"async\" width=\"900\" height=\"900\" src=\"https:\/\/diariotiempo.com.uy\/noticias\/wp-content\/uploads\/2024\/11\/mili.jpg\" alt=\"\" class=\"wp-image-17164\" srcset=\"https:\/\/diariotiempo.com.uy\/noticias\/wp-content\/uploads\/2024\/11\/mili.jpg 900w, https:\/\/diariotiempo.com.uy\/noticias\/wp-content\/uploads\/2024\/11\/mili-300x300.jpg 300w, https:\/\/diariotiempo.com.uy\/noticias\/wp-content\/uploads\/2024\/11\/mili-150x150.jpg 150w, https:\/\/diariotiempo.com.uy\/noticias\/wp-content\/uploads\/2024\/11\/mili-768x768.jpg 768w\" sizes=\"auto, (max-width: 900px) 100vw, 900px\" \/><\/figure>\n\n\n\n<p>El martes 3 de diciembre se realizar\u00e1 una concentraci\u00f3n desde las 16:30h en la plaza de Pando (frente al Juzgado) para recordar que ya pasaron 8 a\u00f1os de la desaparici\u00f3n de Milagros Cuello Balad\u00e1n (Mili) y se sigue sin saber d\u00f3nde est\u00e1.<\/p>\n\n\n\n<p>Desde el colectivo \u00abDonde est\u00e1n nuestras gurisas\u00bb expresan \u00abAcompa\u00f1amos a Nancy, su madre, que no ha dejado de buscarla y reclamar justicia en todo momento, con escasos apoyos. Su familia se merece saber qu\u00e9 ocurri\u00f3 con Mili.<\/p>\n\n\n\n<p>Denunciamos la existencia de redes de trata y explotaci\u00f3n sexual en nuestro pa\u00eds que violentan y desaparecen a ni\u00f1as, adolescentes y mujeres. *Nuestros cuerpos no son mercanc\u00edas*<\/p>\n\n\n\n<p>El grito por Mili es una voz colectiva por todas las desaparecidas. Sabemos que a las mujeres no se las traga la tierra. *Nos queremos vivas*.<\/p>\n\n\n\n<p>Acercate a la plaza de Pando y tra\u00e9 tus carteles, pancarta, consignas, bombo, meg\u00e1fono.<\/p>\n\n\n\n<p>*Seguiremos llenando las calles, las redes y los juzgados hasta que aparezca. Por Mili y por todas*El grito por Mili es una voz colectiva por todas las desaparecidas. Sabemos que a las mujeres no se las traga la tierra. *Nos queremos vivas*.<\/p>\n\n\n\n<p>Acercate a la plaza de Pando y tra\u00e9 tus carteles, pancarta, consignas, bombo, meg\u00e1fono.<\/p>\n\n\n\n<p>*Seguiremos llenando las calles, las redes y los juzgados hasta que aparezca. Por Mili y por todas*<\/p>\n","protected":false},"excerpt":{"rendered":"<p>El martes 3 de diciembre se realizar\u00e1 una concentraci\u00f3n desde las 16:30h en la plaza&#8230;<\/p>\n","protected":false},"author":1,"featured_media":17164,"comment_status":"closed","ping_status":"closed","sticky":false,"template":"","format":"standard","meta":{"_monsterinsights_skip_tracking":false,"_monsterinsights_sitenote_active":false,"_monsterinsights_sitenote_note":"","_monsterinsights_sitenote_category":0,"footnotes":""},"categories":[19],"tags":[],"class_list":["post-17163","post","type-post","status-publish","format-standard","has-post-thumbnail","hentry","category-pando"],"featured_image_urls":{"full":["https:\/\/diariotiempo.com.uy\/noticias\/wp-content\/uploads\/2024\/11\/mili.jpg",900,900,false],"thumbnail":["https:\/\/diariotiempo.com.uy\/noticias\/wp-content\/uploads\/2024\/11\/mili-150x150.jpg",150,150,true],"medium":["https:\/\/diariotiempo.com.uy\/noticias\/wp-content\/uploads\/2024\/11\/mili-300x300.jpg",300,300,true],"medium_large":["https:\/\/diariotiempo.com.uy\/noticias\/wp-content\/uploads\/2024\/11\/mili-768x768.jpg",640,640,true],"large":["https:\/\/diariotiempo.com.uy\/noticias\/wp-content\/uploads\/2024\/11\/mili.jpg",640,640,false],"rpg_gallery_admin_thumb":["https:\/\/diariotiempo.com.uy\/noticias\/wp-content\/uploads\/2024\/11\/mili-150x150.jpg",150,150,true],"rpg_gallery_thumb":["https:\/\/diariotiempo.com.uy\/noticias\/wp-content\/uploads\/2024\/11\/mili-150x150.jpg",150,150,true],"1536x1536":["https:\/\/diariotiempo.com.uy\/noticias\/wp-content\/uploads\/2024\/11\/mili.jpg",900,900,false],"2048x2048":["https:\/\/diariotiempo.com.uy\/noticias\/wp-content\/uploads\/2024\/11\/mili.jpg",900,900,false],"covernews-slider-full":["https:\/\/diariotiempo.com.uy\/noticias\/wp-content\/uploads\/2024\/11\/mili-900x715.jpg",900,715,true],"covernews-slider-center":["https:\/\/diariotiempo.com.uy\/noticias\/wp-content\/uploads\/2024\/11\/mili-800x500.jpg",800,500,true],"covernews-featured":["https:\/\/diariotiempo.com.uy\/noticias\/wp-content\/uploads\/2024\/11\/mili.jpg",900,900,false],"covernews-medium":["https:\/\/diariotiempo.com.uy\/noticias\/wp-content\/uploads\/2024\/11\/mili-540x340.jpg",540,340,true],"covernews-medium-square":["https:\/\/diariotiempo.com.uy\/noticias\/wp-content\/uploads\/2024\/11\/mili-400x250.jpg",400,250,true]},"author_info":{"display_name":"diario","author_link":"https:\/\/diariotiempo.com.uy\/noticias\/author\/diario\/"},"category_info":"<a href=\"https:\/\/diariotiempo.com.uy\/noticias\/category\/departamental\/pando\/\" rel=\"category tag\">Pando<\/a>","tag_info":"Pando","comment_count":"0","_links":{"self":[{"href":"https:\/\/diariotiempo.com.uy\/noticias\/wp-json\/wp\/v2\/posts\/17163","targetHints":{"allow":["GET"]}}],"collection":[{"href":"https:\/\/diariotiempo.com.uy\/noticias\/wp-json\/wp\/v2\/posts"}],"about":[{"href":"https:\/\/diariotiempo.com.uy\/noticias\/wp-json\/wp\/v2\/types\/post"}],"author":[{"embeddable":true,"href":"https:\/\/diariotiempo.com.uy\/noticias\/wp-json\/wp\/v2\/users\/1"}],"replies":[{"embeddable":true,"href":"https:\/\/diariotiempo.com.uy\/noticias\/wp-json\/wp\/v2\/comments?post=17163"}],"version-history":[{"count":1,"href":"https:\/\/diariotiempo.com.uy\/noticias\/wp-json\/wp\/v2\/posts\/17163\/revisions"}],"predecessor-version":[{"id":17165,"href":"https:\/\/diariotiempo.com.uy\/noticias\/wp-json\/wp\/v2\/posts\/17163\/revisions\/17165"}],"wp:featuredmedia":[{"embeddable":true,"href":"https:\/\/diariotiempo.com.uy\/noticias\/wp-json\/wp\/v2\/media\/17164"}],"wp:attachment":[{"href":"https:\/\/diariotiempo.com.uy\/noticias\/wp-json\/wp\/v2\/media?parent=17163"}],"wp:term":[{"taxonomy":"category","embeddable":true,"href":"https:\/\/diariotiempo.com.uy\/noticias\/wp-json\/wp\/v2\/categories?post=17163"},{"taxonomy":"post_tag","embeddable":true,"href":"https:\/\/diariotiempo.com.uy\/noticias\/wp-json\/wp\/v2\/tags?post=17163"}],"curies":[{"name":"wp","href":"https:\/\/api.w.org\/{rel}","templated":true}]}}