{"id":17166,"date":"2024-11-29T22:48:29","date_gmt":"2024-11-29T22:48:29","guid":{"rendered":"https:\/\/diariotiempo.com.uy\/noticias\/?p=17166"},"modified":"2024-11-29T22:48:30","modified_gmt":"2024-11-29T22:48:30","slug":"belen-giacussa-presenta-show-musical-hoy-en-plaza-constitucion","status":"publish","type":"post","link":"https:\/\/diariotiempo.com.uy\/noticias\/2024\/11\/29\/belen-giacussa-presenta-show-musical-hoy-en-plaza-constitucion\/","title":{"rendered":"Bel\u00e9n Giacussa presenta show musical hoy en Plaza Constituci\u00f3n\u00a0"},"content":{"rendered":"\n<figure class=\"wp-block-image size-full\"><img loading=\"lazy\" decoding=\"async\" width=\"765\" height=\"434\" src=\"https:\/\/diariotiempo.com.uy\/noticias\/wp-content\/uploads\/2024\/11\/belen.jpg\" alt=\"\" class=\"wp-image-17167\" srcset=\"https:\/\/diariotiempo.com.uy\/noticias\/wp-content\/uploads\/2024\/11\/belen.jpg 765w, https:\/\/diariotiempo.com.uy\/noticias\/wp-content\/uploads\/2024\/11\/belen-300x170.jpg 300w\" sizes=\"auto, (max-width: 765px) 100vw, 765px\" \/><\/figure>\n\n\n\n<p>El proyecto \u201cBel\u00e9n Giacussa\u201d fue seleccionado por \u201cCanelones PRENDE, Fondos Culturales\u201d (edici\u00f3n 2023) en la categor\u00eda M\u00fasica y en el d\u00eda de hoy llega con entrada libre presentando su show desde la hora 11 a Plaza Constituci\u00f3n de Pando en el marco de \u00abPor una vida sin violencia, \u00bf C\u00f3mo impacta la violencia en las mujeres de Canelones?\u00bb &nbsp;<\/p>\n\n\n\n<p>Propone un espect\u00e1culo \u00edntimo, interpretado con voz y guitarra, conformado por canciones de la autora, de g\u00e9nero popular, pop\/rock y alternativo, con influencias de otros g\u00e9neros; entre las canciones, ella realiza algunas intervenciones verbales que acompa\u00f1an el transcurso.<\/p>\n\n\n\n<p>El show invita a transitar por diferentes emociones y estados, partiendo de canciones con una narrativa altamente reflexiva. La b\u00fasqueda sonora tambi\u00e9n recorre diversos climas, reflotando la sensibilidad, a trav\u00e9s de m\u00fasicas para acompa\u00f1ar los d\u00edas.<\/p>\n\n\n\n<p>Estos fondos de la Direcci\u00f3n de Cultura de la Intendencia de Canelones tienen la intenci\u00f3n de potenciar la expansi\u00f3n del sector cultural, en t\u00e9rminos concretos, a partir de la implementaci\u00f3n de diversos proyectos que contribuyan al desarrollo art\u00edstico integral de personas, colectivos y comunidades.<\/p>\n","protected":false},"excerpt":{"rendered":"<p>El proyecto \u201cBel\u00e9n Giacussa\u201d fue seleccionado por \u201cCanelones PRENDE, Fondos Culturales\u201d (edici\u00f3n 2023) en la&#8230;<\/p>\n","protected":false},"author":1,"featured_media":17167,"comment_status":"closed","ping_status":"closed","sticky":false,"template":"","format":"standard","meta":{"_monsterinsights_skip_tracking":false,"_monsterinsights_sitenote_active":false,"_monsterinsights_sitenote_note":"","_monsterinsights_sitenote_category":0,"footnotes":""},"categories":[19],"tags":[],"class_list":["post-17166","post","type-post","status-publish","format-standard","has-post-thumbnail","hentry","category-pando"],"featured_image_urls":{"full":["https:\/\/diariotiempo.com.uy\/noticias\/wp-content\/uploads\/2024\/11\/belen.jpg",765,434,false],"thumbnail":["https:\/\/diariotiempo.com.uy\/noticias\/wp-content\/uploads\/2024\/11\/belen-150x150.jpg",150,150,true],"medium":["https:\/\/diariotiempo.com.uy\/noticias\/wp-content\/uploads\/2024\/11\/belen-300x170.jpg",300,170,true],"medium_large":["https:\/\/diariotiempo.com.uy\/noticias\/wp-content\/uploads\/2024\/11\/belen.jpg",640,363,false],"large":["https:\/\/diariotiempo.com.uy\/noticias\/wp-content\/uploads\/2024\/11\/belen.jpg",640,363,false],"rpg_gallery_admin_thumb":["https:\/\/diariotiempo.com.uy\/noticias\/wp-content\/uploads\/2024\/11\/belen-150x150.jpg",150,150,true],"rpg_gallery_thumb":["https:\/\/diariotiempo.com.uy\/noticias\/wp-content\/uploads\/2024\/11\/belen-150x150.jpg",150,150,true],"1536x1536":["https:\/\/diariotiempo.com.uy\/noticias\/wp-content\/uploads\/2024\/11\/belen.jpg",765,434,false],"2048x2048":["https:\/\/diariotiempo.com.uy\/noticias\/wp-content\/uploads\/2024\/11\/belen.jpg",765,434,false],"covernews-slider-full":["https:\/\/diariotiempo.com.uy\/noticias\/wp-content\/uploads\/2024\/11\/belen.jpg",765,434,false],"covernews-slider-center":["https:\/\/diariotiempo.com.uy\/noticias\/wp-content\/uploads\/2024\/11\/belen.jpg",765,434,false],"covernews-featured":["https:\/\/diariotiempo.com.uy\/noticias\/wp-content\/uploads\/2024\/11\/belen.jpg",765,434,false],"covernews-medium":["https:\/\/diariotiempo.com.uy\/noticias\/wp-content\/uploads\/2024\/11\/belen-540x340.jpg",540,340,true],"covernews-medium-square":["https:\/\/diariotiempo.com.uy\/noticias\/wp-content\/uploads\/2024\/11\/belen-400x250.jpg",400,250,true]},"author_info":{"display_name":"diario","author_link":"https:\/\/diariotiempo.com.uy\/noticias\/author\/diario\/"},"category_info":"<a href=\"https:\/\/diariotiempo.com.uy\/noticias\/category\/departamental\/pando\/\" rel=\"category tag\">Pando<\/a>","tag_info":"Pando","comment_count":"0","_links":{"self":[{"href":"https:\/\/diariotiempo.com.uy\/noticias\/wp-json\/wp\/v2\/posts\/17166","targetHints":{"allow":["GET"]}}],"collection":[{"href":"https:\/\/diariotiempo.com.uy\/noticias\/wp-json\/wp\/v2\/posts"}],"about":[{"href":"https:\/\/diariotiempo.com.uy\/noticias\/wp-json\/wp\/v2\/types\/post"}],"author":[{"embeddable":true,"href":"https:\/\/diariotiempo.com.uy\/noticias\/wp-json\/wp\/v2\/users\/1"}],"replies":[{"embeddable":true,"href":"https:\/\/diariotiempo.com.uy\/noticias\/wp-json\/wp\/v2\/comments?post=17166"}],"version-history":[{"count":1,"href":"https:\/\/diariotiempo.com.uy\/noticias\/wp-json\/wp\/v2\/posts\/17166\/revisions"}],"predecessor-version":[{"id":17168,"href":"https:\/\/diariotiempo.com.uy\/noticias\/wp-json\/wp\/v2\/posts\/17166\/revisions\/17168"}],"wp:featuredmedia":[{"embeddable":true,"href":"https:\/\/diariotiempo.com.uy\/noticias\/wp-json\/wp\/v2\/media\/17167"}],"wp:attachment":[{"href":"https:\/\/diariotiempo.com.uy\/noticias\/wp-json\/wp\/v2\/media?parent=17166"}],"wp:term":[{"taxonomy":"category","embeddable":true,"href":"https:\/\/diariotiempo.com.uy\/noticias\/wp-json\/wp\/v2\/categories?post=17166"},{"taxonomy":"post_tag","embeddable":true,"href":"https:\/\/diariotiempo.com.uy\/noticias\/wp-json\/wp\/v2\/tags?post=17166"}],"curies":[{"name":"wp","href":"https:\/\/api.w.org\/{rel}","templated":true}]}}