{"id":17169,"date":"2024-11-29T22:50:31","date_gmt":"2024-11-29T22:50:31","guid":{"rendered":"https:\/\/diariotiempo.com.uy\/noticias\/?p=17169"},"modified":"2024-11-29T22:51:02","modified_gmt":"2024-11-29T22:51:02","slug":"intendencia-de-canelones-anuncio-la-creacion-del-parque-metropolitano-de-barros-blancos-y-su-16-polideportivo","status":"publish","type":"post","link":"https:\/\/diariotiempo.com.uy\/noticias\/2024\/11\/29\/intendencia-de-canelones-anuncio-la-creacion-del-parque-metropolitano-de-barros-blancos-y-su-16-polideportivo\/","title":{"rendered":"Intendencia de Canelones anunci\u00f3 la creaci\u00f3n del Parque Metropolitano de Barros Blancos y su 16\u00b0 polideportivo"},"content":{"rendered":"\n<figure class=\"wp-block-gallery has-nested-images columns-default is-cropped wp-block-gallery-1 is-layout-flex wp-block-gallery-is-layout-flex\">\n<figure class=\"wp-block-image size-large\"><img loading=\"lazy\" decoding=\"async\" width=\"900\" height=\"600\" data-id=\"17170\" src=\"https:\/\/diariotiempo.com.uy\/noticias\/wp-content\/uploads\/2024\/11\/barros-blancos-croquis.jpg\" alt=\"\" class=\"wp-image-17170\" srcset=\"https:\/\/diariotiempo.com.uy\/noticias\/wp-content\/uploads\/2024\/11\/barros-blancos-croquis.jpg 900w, https:\/\/diariotiempo.com.uy\/noticias\/wp-content\/uploads\/2024\/11\/barros-blancos-croquis-300x200.jpg 300w, https:\/\/diariotiempo.com.uy\/noticias\/wp-content\/uploads\/2024\/11\/barros-blancos-croquis-768x512.jpg 768w\" sizes=\"auto, (max-width: 900px) 100vw, 900px\" \/><\/figure>\n\n\n\n<figure class=\"wp-block-image size-large\"><img loading=\"lazy\" decoding=\"async\" width=\"900\" height=\"600\" data-id=\"17171\" src=\"https:\/\/diariotiempo.com.uy\/noticias\/wp-content\/uploads\/2024\/11\/dd-1.jpg\" alt=\"\" class=\"wp-image-17171\" srcset=\"https:\/\/diariotiempo.com.uy\/noticias\/wp-content\/uploads\/2024\/11\/dd-1.jpg 900w, https:\/\/diariotiempo.com.uy\/noticias\/wp-content\/uploads\/2024\/11\/dd-1-300x200.jpg 300w, https:\/\/diariotiempo.com.uy\/noticias\/wp-content\/uploads\/2024\/11\/dd-1-768x512.jpg 768w\" sizes=\"auto, (max-width: 900px) 100vw, 900px\" \/><\/figure>\n<\/figure>\n\n\n\n<p>Se present\u00f3 el proyecto del Polideportivo en el Parque Metropolitano de Barros Blancos en una audiencia p\u00fablica celebrada en el Centro C\u00edvico Salvador Allende. La iniciativa, largamente anhelada por la comunidad, se concretar\u00e1 gracias a la inversi\u00f3n de $ 40.000.000, fondos provenientes de recursos de la Intendencia de Canelones y del Programa de Desarrollo de Gesti\u00f3n Subnacional (PDGS) de la Oficina de Planeamiento y Presupuesto (OPP).<\/p>\n\n\n\n<p>La mesa de autoridades estuvo compuesta por el Coordinador del Gabinete Territorial, Sergio Ashfield, el Director General de la Secretar\u00eda de Descentralizaci\u00f3n y Participaci\u00f3n, Ruben Moreno, la Directora General de Gesti\u00f3n Territorial, Arq. Mar\u00eda Eugenia Gonz\u00e1lez, el Coordinador de Inversiones del PDGS-OPP, Arq. Ricardo Cordero, y la Concejala del Municipio de Barros Blancos Graciela Bergalo. Adem\u00e1s, la instancia fue acompa\u00f1ada por el equipo t\u00e9cnico conformado por la Directora de Acondicionamiento Urbano, Arq. Virginia Olivera, y la Arq. Karina Falero, quien trabaja en el proyecto desde hace varios a\u00f1os, directores y directoras de la Intendencia de Canelones, ediles y edilas departamentales, vecinos y vecinas de la localidad.<\/p>\n\n\n\n<p><strong>Un espacio para todos y todas<\/strong><\/p>\n\n\n\n<p>En su primera etapa, el Parque Metropolitano se enfocar\u00e1 en la construcci\u00f3n del Polideportivo, un espacio techado y cerrado de 40 por 20 metros. El parque, de cinco hect\u00e1reas, forma parte del plan de ordenamiento territorial de las microrregiones 6 y 8 y se ubicar\u00e1 en la intersecci\u00f3n de las calles Rep\u00fablica y Trinidad.<\/p>\n\n\n\n<p>El nuevo polideportivo \u2013el decimosexto de gesti\u00f3n departamental\u2013 contar\u00e1 con una cancha polideportiva, apta para la pr\u00e1ctica de b\u00e1squetbol, f\u00fatbol de sal\u00f3n, voleibol y handball. Asimismo, esta \u00e1rea techada de 1.500 metros cuadrados incluir\u00e1 \u00e1reas de servicio como ba\u00f1os, vestuarios, oficinas y un espacio para gradas. El dise\u00f1o de la estructura ser\u00e1 de tipo industrial, con hierro y cubierta liviana. Se implementar\u00e1 un sistema de colectores solares para calentar agua e iluminaci\u00f3n LED para la eficiencia energ\u00e9tica. Se inaugurar\u00e1 a mediados de 2026 y se instalar\u00e1 equipamiento que no solo permitir\u00e1 la actividad deportiva, sino que tambi\u00e9n promover\u00e1 la actividad social y cultural.<\/p>\n\n\n\n<p><strong>Pr\u00e1ctica deportiva y participaci\u00f3n ciudadana<\/strong><\/p>\n\n\n\n<p>Durante la audiencia p\u00fablica, los participantes tuvieron la oportunidad de expresar sus opiniones, sugerencias e inquietudes sobre el proyecto. Las autoridades tomaron nota sobre accesibilidad, seguridad vial, movilidad, cronograma de actividades y participaci\u00f3n de instituciones, entre otros temas planteados.<\/p>\n\n\n\n<p>En este marco, el Director Moreno inform\u00f3 que las autoridades se comprometieron a tener en cuenta las sugerencias en el desarrollo del proyecto asegurando que esta audiencia se enmarcara dentro de un proceso de participaci\u00f3n ciudadana que busca involucrar a la comunidad. En esta l\u00ednea, se espera la participaci\u00f3n de centros educativos, deportivos y culturales para hacer uso de este espacio.<\/p>\n\n\n\n<p>Por su parte, la Directora Gonz\u00e1lez explic\u00f3 que este polideportivo es parte de un plan m\u00e1s amplio de infraestructura deportiva departamental. La Intendencia de Canelones, a trav\u00e9s de la Direcci\u00f3n General de Deportes, ha desarrollado una infraestructura que incluye 14 polideportivos de este estilo, adem\u00e1s de canchas polideportivas abiertas, pistas de pat\u00edn, circuitos aer\u00f3bicos y el Parque Metropolitano de La Paz. Pr\u00f3ximamente, el martes 26 de noviembre, con la inauguraci\u00f3n del polideportivo de Migues, ser\u00e1n 15 los gimnasios construidos y gestionados por el Gobierno de Canelones.<\/p>\n\n\n\n<p>Durante la actividad, el Coordinador de Inversiones del PDGS-OPP, Arq. Ricardo Cordero, destac\u00f3 el trabajo conjunto con la Intendencia de Canelones y record\u00f3 las obras desarrolladas en el marco del PDGS. Entre ellas mencion\u00f3 la calle Ferreira, C y 1, que une a Parque del Plata con Atl\u00e1ntida, el Paseo Pelouse Racine en Parque Roosevelt, la consolidaci\u00f3n barrial en el barrio Pilarica de Las Piedras y los barrios perif\u00e9ricos en la ciudad de Canelones. Actualmente, el PDGS trabaja en dos proyectos: la consolidaci\u00f3n barrial de Aeroparque, Paso Escobar y Villa El Tato y el Proyecto del Parque Metropolitano de Barros Blancos.<\/p>\n\n\n\n<p><strong>M\u00e1s que un polideportivo<\/strong><\/p>\n\n\n\n<p>El parque metropolitano incluir\u00e1 una pista de atletismo de 400 metros, la tercera en el departamento, una cancha de f\u00fatbol en su centro, senderos para caminatas, circuitos aer\u00f3bicos y \u00e1reas de recreaci\u00f3n y en el entorno una forestaci\u00f3n con vegetaci\u00f3n nativa para realizar actividades f\u00edsicas al aire libre. La instalaci\u00f3n de juegos infantiles y estaciones saludables tambi\u00e9n est\u00e1 contemplada dentro del plan para promover la actividad f\u00edsica y el esparcimiento.<\/p>\n\n\n\n<p>El proyecto ejecutivo estar\u00e1 listo en tres meses. A continuaci\u00f3n, se realizar\u00e1 una licitaci\u00f3n p\u00fablica y se espera que el polideportivo inicie sus actividades a mediados del a\u00f1o 2026, de acuerdo al cronograma estipulado. Previo a su inauguraci\u00f3n, se trabajar\u00e1 en conjunto con la Direcci\u00f3n General de Deportes para realizar el plan de gesti\u00f3n y comenzar con las actividades al finalizar las obras.<\/p>\n\n\n\n<p><strong>Un sue\u00f1o de 15 a\u00f1os<\/strong><\/p>\n\n\n\n<p>La edila departamental y vecina de Barros Blancos Sonia Aguirre expres\u00f3 que el proyecto fue una inquietud planteada por vecinos hace unos 15 a\u00f1os. Aunque hoy Barros Blancos cuenta con tres canchas polifuncionales, financiadas a trav\u00e9s de los fondos concursables del programa Realizar 2011, son espacios abiertos e insertos en algunos clubes e instituciones. Esta propuesta de parque metropolitano, y en su primera etapa polideportivo, responde a la necesidad de la poblaci\u00f3n de realizar deportes en un lugar cerrado y con la posibilidad de albergar eventos deportivos y culturales.<\/p>\n\n\n\n<p>El polideportivo promete mejorar la calidad de vida de los habitantes, fomentando la pr\u00e1ctica deportiva, la salud, el sentido de pertenencia y la mejora de la calidad de vida en general. De esta forma, Barros Blancos se posicionar\u00e1 como un espacio de referencia para competencias y eventos.<\/p>\n","protected":false},"excerpt":{"rendered":"<p>Se present\u00f3 el proyecto del Polideportivo en el Parque Metropolitano de Barros Blancos en una&#8230;<\/p>\n","protected":false},"author":1,"featured_media":17171,"comment_status":"closed","ping_status":"closed","sticky":false,"template":"","format":"standard","meta":{"_monsterinsights_skip_tracking":false,"_monsterinsights_sitenote_active":false,"_monsterinsights_sitenote_note":"","_monsterinsights_sitenote_category":0,"footnotes":""},"categories":[22],"tags":[],"class_list":["post-17169","post","type-post","status-publish","format-standard","has-post-thumbnail","hentry","category-barros-blancos"],"featured_image_urls":{"full":["https:\/\/diariotiempo.com.uy\/noticias\/wp-content\/uploads\/2024\/11\/dd-1.jpg",900,600,false],"thumbnail":["https:\/\/diariotiempo.com.uy\/noticias\/wp-content\/uploads\/2024\/11\/dd-1-150x150.jpg",150,150,true],"medium":["https:\/\/diariotiempo.com.uy\/noticias\/wp-content\/uploads\/2024\/11\/dd-1-300x200.jpg",300,200,true],"medium_large":["https:\/\/diariotiempo.com.uy\/noticias\/wp-content\/uploads\/2024\/11\/dd-1-768x512.jpg",640,427,true],"large":["https:\/\/diariotiempo.com.uy\/noticias\/wp-content\/uploads\/2024\/11\/dd-1.jpg",640,427,false],"rpg_gallery_admin_thumb":["https:\/\/diariotiempo.com.uy\/noticias\/wp-content\/uploads\/2024\/11\/dd-1-150x150.jpg",150,150,true],"rpg_gallery_thumb":["https:\/\/diariotiempo.com.uy\/noticias\/wp-content\/uploads\/2024\/11\/dd-1-150x150.jpg",150,150,true],"1536x1536":["https:\/\/diariotiempo.com.uy\/noticias\/wp-content\/uploads\/2024\/11\/dd-1.jpg",900,600,false],"2048x2048":["https:\/\/diariotiempo.com.uy\/noticias\/wp-content\/uploads\/2024\/11\/dd-1.jpg",900,600,false],"covernews-slider-full":["https:\/\/diariotiempo.com.uy\/noticias\/wp-content\/uploads\/2024\/11\/dd-1.jpg",900,600,false],"covernews-slider-center":["https:\/\/diariotiempo.com.uy\/noticias\/wp-content\/uploads\/2024\/11\/dd-1-800x500.jpg",800,500,true],"covernews-featured":["https:\/\/diariotiempo.com.uy\/noticias\/wp-content\/uploads\/2024\/11\/dd-1.jpg",900,600,false],"covernews-medium":["https:\/\/diariotiempo.com.uy\/noticias\/wp-content\/uploads\/2024\/11\/dd-1-540x340.jpg",540,340,true],"covernews-medium-square":["https:\/\/diariotiempo.com.uy\/noticias\/wp-content\/uploads\/2024\/11\/dd-1-400x250.jpg",400,250,true]},"author_info":{"display_name":"diario","author_link":"https:\/\/diariotiempo.com.uy\/noticias\/author\/diario\/"},"category_info":"<a href=\"https:\/\/diariotiempo.com.uy\/noticias\/category\/departamental\/barros-blancos\/\" rel=\"category tag\">Barros Blancos<\/a>","tag_info":"Barros Blancos","comment_count":"0","_links":{"self":[{"href":"https:\/\/diariotiempo.com.uy\/noticias\/wp-json\/wp\/v2\/posts\/17169","targetHints":{"allow":["GET"]}}],"collection":[{"href":"https:\/\/diariotiempo.com.uy\/noticias\/wp-json\/wp\/v2\/posts"}],"about":[{"href":"https:\/\/diariotiempo.com.uy\/noticias\/wp-json\/wp\/v2\/types\/post"}],"author":[{"embeddable":true,"href":"https:\/\/diariotiempo.com.uy\/noticias\/wp-json\/wp\/v2\/users\/1"}],"replies":[{"embeddable":true,"href":"https:\/\/diariotiempo.com.uy\/noticias\/wp-json\/wp\/v2\/comments?post=17169"}],"version-history":[{"count":2,"href":"https:\/\/diariotiempo.com.uy\/noticias\/wp-json\/wp\/v2\/posts\/17169\/revisions"}],"predecessor-version":[{"id":17174,"href":"https:\/\/diariotiempo.com.uy\/noticias\/wp-json\/wp\/v2\/posts\/17169\/revisions\/17174"}],"wp:featuredmedia":[{"embeddable":true,"href":"https:\/\/diariotiempo.com.uy\/noticias\/wp-json\/wp\/v2\/media\/17171"}],"wp:attachment":[{"href":"https:\/\/diariotiempo.com.uy\/noticias\/wp-json\/wp\/v2\/media?parent=17169"}],"wp:term":[{"taxonomy":"category","embeddable":true,"href":"https:\/\/diariotiempo.com.uy\/noticias\/wp-json\/wp\/v2\/categories?post=17169"},{"taxonomy":"post_tag","embeddable":true,"href":"https:\/\/diariotiempo.com.uy\/noticias\/wp-json\/wp\/v2\/tags?post=17169"}],"curies":[{"name":"wp","href":"https:\/\/api.w.org\/{rel}","templated":true}]}}