{"id":17213,"date":"2024-12-02T19:03:25","date_gmt":"2024-12-02T19:03:25","guid":{"rendered":"https:\/\/diariotiempo.com.uy\/noticias\/?p=17213"},"modified":"2024-12-02T19:03:25","modified_gmt":"2024-12-02T19:03:25","slug":"intendente-recibio-delegacion-de-la-comision-por-un-canelones-libre-de-soja-transgenica-y-en-defensa-del-agua","status":"publish","type":"post","link":"https:\/\/diariotiempo.com.uy\/noticias\/2024\/12\/02\/intendente-recibio-delegacion-de-la-comision-por-un-canelones-libre-de-soja-transgenica-y-en-defensa-del-agua\/","title":{"rendered":"Intendente recibi\u00f3 delegaci\u00f3n de la Comisi\u00f3n por un Canelones Libre de Soja Transg\u00e9nica y en Defensa del Agua"},"content":{"rendered":"\n<figure class=\"wp-block-image size-full\"><img loading=\"lazy\" decoding=\"async\" width=\"900\" height=\"675\" src=\"https:\/\/diariotiempo.com.uy\/noticias\/wp-content\/uploads\/2024\/12\/tapa-2.jpg\" alt=\"\" class=\"wp-image-17214\" srcset=\"https:\/\/diariotiempo.com.uy\/noticias\/wp-content\/uploads\/2024\/12\/tapa-2.jpg 900w, https:\/\/diariotiempo.com.uy\/noticias\/wp-content\/uploads\/2024\/12\/tapa-2-300x225.jpg 300w, https:\/\/diariotiempo.com.uy\/noticias\/wp-content\/uploads\/2024\/12\/tapa-2-768x576.jpg 768w\" sizes=\"auto, (max-width: 900px) 100vw, 900px\" \/><\/figure>\n\n\n\n<p>El Intendente de Canelones, Marcelo Metediera, recibi\u00f3 a integrantes de la Comisi\u00f3n por un Canelones Libre de Soja Transg\u00e9nica y en Defensa del Agua para dialogar sobre la realidad productiva en el territorio y las normativas departamentales vigentes. \u00a0<\/p>\n\n\n\n<p>En el encuentro \u2013del que participaron \u00c1lvaro Jaume, Diego Jaume, Mabel Flores y Henry Hern\u00e1ndez\u2013, ambas partes intercambiaron sobre la aplicaci\u00f3n de estas disposiciones, reafirmando su compromiso con un Canelones sostenible. \u00a0<\/p>\n\n\n\n<p>Metediera destac\u00f3 el di\u00e1logo mantenido y reafirm\u00f3 su disposici\u00f3n para continuar el intercambio sobre los planteos presentados por el colectivo, aseverando que Canelones viene trabajando desde hace a\u00f1os en los cuidados ambientales y en la producci\u00f3n familiar. \u00a0Por su parte, Hern\u00e1ndez, en representaci\u00f3n de la comisi\u00f3n, destac\u00f3 la instancia de intercambio con el Intendente, el clima mantenido en la reuni\u00f3n y la receptividad a los planteos realizados en pos del cumplimiento con las normativas vigentes.<\/p>\n","protected":false},"excerpt":{"rendered":"<p>El Intendente de Canelones, Marcelo Metediera, recibi\u00f3 a integrantes de la Comisi\u00f3n por un Canelones&#8230;<\/p>\n","protected":false},"author":1,"featured_media":17214,"comment_status":"closed","ping_status":"closed","sticky":false,"template":"","format":"standard","meta":{"_monsterinsights_skip_tracking":false,"_monsterinsights_sitenote_active":false,"_monsterinsights_sitenote_note":"","_monsterinsights_sitenote_category":0,"footnotes":""},"categories":[11],"tags":[],"class_list":["post-17213","post","type-post","status-publish","format-standard","has-post-thumbnail","hentry","category-noticia-destacada"],"featured_image_urls":{"full":["https:\/\/diariotiempo.com.uy\/noticias\/wp-content\/uploads\/2024\/12\/tapa-2.jpg",900,675,false],"thumbnail":["https:\/\/diariotiempo.com.uy\/noticias\/wp-content\/uploads\/2024\/12\/tapa-2-150x150.jpg",150,150,true],"medium":["https:\/\/diariotiempo.com.uy\/noticias\/wp-content\/uploads\/2024\/12\/tapa-2-300x225.jpg",300,225,true],"medium_large":["https:\/\/diariotiempo.com.uy\/noticias\/wp-content\/uploads\/2024\/12\/tapa-2-768x576.jpg",640,480,true],"large":["https:\/\/diariotiempo.com.uy\/noticias\/wp-content\/uploads\/2024\/12\/tapa-2.jpg",640,480,false],"rpg_gallery_admin_thumb":["https:\/\/diariotiempo.com.uy\/noticias\/wp-content\/uploads\/2024\/12\/tapa-2-150x150.jpg",150,150,true],"rpg_gallery_thumb":["https:\/\/diariotiempo.com.uy\/noticias\/wp-content\/uploads\/2024\/12\/tapa-2-150x150.jpg",150,150,true],"1536x1536":["https:\/\/diariotiempo.com.uy\/noticias\/wp-content\/uploads\/2024\/12\/tapa-2.jpg",900,675,false],"2048x2048":["https:\/\/diariotiempo.com.uy\/noticias\/wp-content\/uploads\/2024\/12\/tapa-2.jpg",900,675,false],"covernews-slider-full":["https:\/\/diariotiempo.com.uy\/noticias\/wp-content\/uploads\/2024\/12\/tapa-2.jpg",900,675,false],"covernews-slider-center":["https:\/\/diariotiempo.com.uy\/noticias\/wp-content\/uploads\/2024\/12\/tapa-2-800x500.jpg",800,500,true],"covernews-featured":["https:\/\/diariotiempo.com.uy\/noticias\/wp-content\/uploads\/2024\/12\/tapa-2.jpg",900,675,false],"covernews-medium":["https:\/\/diariotiempo.com.uy\/noticias\/wp-content\/uploads\/2024\/12\/tapa-2-540x340.jpg",540,340,true],"covernews-medium-square":["https:\/\/diariotiempo.com.uy\/noticias\/wp-content\/uploads\/2024\/12\/tapa-2-400x250.jpg",400,250,true]},"author_info":{"display_name":"diario","author_link":"https:\/\/diariotiempo.com.uy\/noticias\/author\/diario\/"},"category_info":"<a href=\"https:\/\/diariotiempo.com.uy\/noticias\/category\/noticia-destacada\/\" rel=\"category tag\">NOTICIA DESTACADA<\/a>","tag_info":"NOTICIA DESTACADA","comment_count":"0","_links":{"self":[{"href":"https:\/\/diariotiempo.com.uy\/noticias\/wp-json\/wp\/v2\/posts\/17213","targetHints":{"allow":["GET"]}}],"collection":[{"href":"https:\/\/diariotiempo.com.uy\/noticias\/wp-json\/wp\/v2\/posts"}],"about":[{"href":"https:\/\/diariotiempo.com.uy\/noticias\/wp-json\/wp\/v2\/types\/post"}],"author":[{"embeddable":true,"href":"https:\/\/diariotiempo.com.uy\/noticias\/wp-json\/wp\/v2\/users\/1"}],"replies":[{"embeddable":true,"href":"https:\/\/diariotiempo.com.uy\/noticias\/wp-json\/wp\/v2\/comments?post=17213"}],"version-history":[{"count":1,"href":"https:\/\/diariotiempo.com.uy\/noticias\/wp-json\/wp\/v2\/posts\/17213\/revisions"}],"predecessor-version":[{"id":17215,"href":"https:\/\/diariotiempo.com.uy\/noticias\/wp-json\/wp\/v2\/posts\/17213\/revisions\/17215"}],"wp:featuredmedia":[{"embeddable":true,"href":"https:\/\/diariotiempo.com.uy\/noticias\/wp-json\/wp\/v2\/media\/17214"}],"wp:attachment":[{"href":"https:\/\/diariotiempo.com.uy\/noticias\/wp-json\/wp\/v2\/media?parent=17213"}],"wp:term":[{"taxonomy":"category","embeddable":true,"href":"https:\/\/diariotiempo.com.uy\/noticias\/wp-json\/wp\/v2\/categories?post=17213"},{"taxonomy":"post_tag","embeddable":true,"href":"https:\/\/diariotiempo.com.uy\/noticias\/wp-json\/wp\/v2\/tags?post=17213"}],"curies":[{"name":"wp","href":"https:\/\/api.w.org\/{rel}","templated":true}]}}