{"id":17338,"date":"2024-12-13T16:09:03","date_gmt":"2024-12-13T16:09:03","guid":{"rendered":"https:\/\/diariotiempo.com.uy\/noticias\/?p=17338"},"modified":"2024-12-13T16:09:03","modified_gmt":"2024-12-13T16:09:03","slug":"el-espiritu-navideno-llego-a-plaza-constitucion","status":"publish","type":"post","link":"https:\/\/diariotiempo.com.uy\/noticias\/2024\/12\/13\/el-espiritu-navideno-llego-a-plaza-constitucion\/","title":{"rendered":"El esp\u00edritu navide\u00f1o lleg\u00f3 a Plaza Constituci\u00f3n"},"content":{"rendered":"\n<figure class=\"wp-block-gallery has-nested-images columns-2 is-cropped wp-block-gallery-1 is-layout-flex wp-block-gallery-is-layout-flex\">\n<figure class=\"wp-block-image size-large\"><img loading=\"lazy\" decoding=\"async\" width=\"526\" height=\"789\" data-id=\"17339\" src=\"https:\/\/diariotiempo.com.uy\/noticias\/wp-content\/uploads\/2024\/12\/arbol-golmar.jpg\" alt=\"\" class=\"wp-image-17339\" srcset=\"https:\/\/diariotiempo.com.uy\/noticias\/wp-content\/uploads\/2024\/12\/arbol-golmar.jpg 526w, https:\/\/diariotiempo.com.uy\/noticias\/wp-content\/uploads\/2024\/12\/arbol-golmar-200x300.jpg 200w\" sizes=\"auto, (max-width: 526px) 100vw, 526px\" \/><\/figure>\n\n\n\n<figure class=\"wp-block-image size-large\"><img loading=\"lazy\" decoding=\"async\" width=\"512\" height=\"634\" data-id=\"17340\" src=\"https:\/\/diariotiempo.com.uy\/noticias\/wp-content\/uploads\/2024\/12\/coroo.jpg\" alt=\"\" class=\"wp-image-17340\" srcset=\"https:\/\/diariotiempo.com.uy\/noticias\/wp-content\/uploads\/2024\/12\/coroo.jpg 512w, https:\/\/diariotiempo.com.uy\/noticias\/wp-content\/uploads\/2024\/12\/coroo-242x300.jpg 242w\" sizes=\"auto, (max-width: 512px) 100vw, 512px\" \/><\/figure>\n\n\n\n<figure class=\"wp-block-image size-large\"><img loading=\"lazy\" decoding=\"async\" width=\"527\" height=\"699\" data-id=\"17341\" src=\"https:\/\/diariotiempo.com.uy\/noticias\/wp-content\/uploads\/2024\/12\/papa-y-nino.jpg\" alt=\"\" class=\"wp-image-17341\" srcset=\"https:\/\/diariotiempo.com.uy\/noticias\/wp-content\/uploads\/2024\/12\/papa-y-nino.jpg 527w, https:\/\/diariotiempo.com.uy\/noticias\/wp-content\/uploads\/2024\/12\/papa-y-nino-226x300.jpg 226w\" sizes=\"auto, (max-width: 527px) 100vw, 527px\" \/><\/figure>\n<\/figure>\n\n\n\n<p>El domingo 8 de Diciembre, se realiz\u00f3 en Plaza Constituci\u00f3n el encendido del \u00e1rbol navide\u00f1o.<\/p>\n\n\n\n<p>Los ni\u00f1os aprovecharon la oportunidad para entregar su cartita y sacar la foto con Pap\u00e1 No\u00e9l.<\/p>\n\n\n\n<p>Quienes participaron de la m\u00e1gica noche, se deleitaron con la participaci\u00f3n de un coro de m\u00e1s de 100 integrantes.<\/p>\n\n\n\n<p>Previo a la jornada de encendido del \u00e1rbol, la comunidad cristiana particip\u00f3 de la procesi\u00f3n de la Virgen Maria la cual parti\u00f3 desde el Colegio del Huerto culminando en la Parroquia Inmaculada Concepci\u00f3n.<\/p>\n","protected":false},"excerpt":{"rendered":"<p>El domingo 8 de Diciembre, se realiz\u00f3 en Plaza Constituci\u00f3n el encendido del \u00e1rbol navide\u00f1o&#8230;.<\/p>\n","protected":false},"author":1,"featured_media":17339,"comment_status":"closed","ping_status":"closed","sticky":false,"template":"","format":"standard","meta":{"_monsterinsights_skip_tracking":false,"_monsterinsights_sitenote_active":false,"_monsterinsights_sitenote_note":"","_monsterinsights_sitenote_category":0,"footnotes":""},"categories":[11],"tags":[],"class_list":["post-17338","post","type-post","status-publish","format-standard","has-post-thumbnail","hentry","category-noticia-destacada"],"featured_image_urls":{"full":["https:\/\/diariotiempo.com.uy\/noticias\/wp-content\/uploads\/2024\/12\/arbol-golmar.jpg",526,789,false],"thumbnail":["https:\/\/diariotiempo.com.uy\/noticias\/wp-content\/uploads\/2024\/12\/arbol-golmar-150x150.jpg",150,150,true],"medium":["https:\/\/diariotiempo.com.uy\/noticias\/wp-content\/uploads\/2024\/12\/arbol-golmar-200x300.jpg",200,300,true],"medium_large":["https:\/\/diariotiempo.com.uy\/noticias\/wp-content\/uploads\/2024\/12\/arbol-golmar.jpg",526,789,false],"large":["https:\/\/diariotiempo.com.uy\/noticias\/wp-content\/uploads\/2024\/12\/arbol-golmar.jpg",526,789,false],"rpg_gallery_admin_thumb":["https:\/\/diariotiempo.com.uy\/noticias\/wp-content\/uploads\/2024\/12\/arbol-golmar-150x150.jpg",150,150,true],"rpg_gallery_thumb":["https:\/\/diariotiempo.com.uy\/noticias\/wp-content\/uploads\/2024\/12\/arbol-golmar-150x150.jpg",150,150,true],"1536x1536":["https:\/\/diariotiempo.com.uy\/noticias\/wp-content\/uploads\/2024\/12\/arbol-golmar.jpg",526,789,false],"2048x2048":["https:\/\/diariotiempo.com.uy\/noticias\/wp-content\/uploads\/2024\/12\/arbol-golmar.jpg",526,789,false],"covernews-slider-full":["https:\/\/diariotiempo.com.uy\/noticias\/wp-content\/uploads\/2024\/12\/arbol-golmar-526x715.jpg",526,715,true],"covernews-slider-center":["https:\/\/diariotiempo.com.uy\/noticias\/wp-content\/uploads\/2024\/12\/arbol-golmar-526x500.jpg",526,500,true],"covernews-featured":["https:\/\/diariotiempo.com.uy\/noticias\/wp-content\/uploads\/2024\/12\/arbol-golmar.jpg",526,789,false],"covernews-medium":["https:\/\/diariotiempo.com.uy\/noticias\/wp-content\/uploads\/2024\/12\/arbol-golmar-526x340.jpg",526,340,true],"covernews-medium-square":["https:\/\/diariotiempo.com.uy\/noticias\/wp-content\/uploads\/2024\/12\/arbol-golmar-400x250.jpg",400,250,true]},"author_info":{"display_name":"diario","author_link":"https:\/\/diariotiempo.com.uy\/noticias\/author\/diario\/"},"category_info":"<a href=\"https:\/\/diariotiempo.com.uy\/noticias\/category\/noticia-destacada\/\" rel=\"category tag\">NOTICIA DESTACADA<\/a>","tag_info":"NOTICIA DESTACADA","comment_count":"0","_links":{"self":[{"href":"https:\/\/diariotiempo.com.uy\/noticias\/wp-json\/wp\/v2\/posts\/17338","targetHints":{"allow":["GET"]}}],"collection":[{"href":"https:\/\/diariotiempo.com.uy\/noticias\/wp-json\/wp\/v2\/posts"}],"about":[{"href":"https:\/\/diariotiempo.com.uy\/noticias\/wp-json\/wp\/v2\/types\/post"}],"author":[{"embeddable":true,"href":"https:\/\/diariotiempo.com.uy\/noticias\/wp-json\/wp\/v2\/users\/1"}],"replies":[{"embeddable":true,"href":"https:\/\/diariotiempo.com.uy\/noticias\/wp-json\/wp\/v2\/comments?post=17338"}],"version-history":[{"count":1,"href":"https:\/\/diariotiempo.com.uy\/noticias\/wp-json\/wp\/v2\/posts\/17338\/revisions"}],"predecessor-version":[{"id":17342,"href":"https:\/\/diariotiempo.com.uy\/noticias\/wp-json\/wp\/v2\/posts\/17338\/revisions\/17342"}],"wp:featuredmedia":[{"embeddable":true,"href":"https:\/\/diariotiempo.com.uy\/noticias\/wp-json\/wp\/v2\/media\/17339"}],"wp:attachment":[{"href":"https:\/\/diariotiempo.com.uy\/noticias\/wp-json\/wp\/v2\/media?parent=17338"}],"wp:term":[{"taxonomy":"category","embeddable":true,"href":"https:\/\/diariotiempo.com.uy\/noticias\/wp-json\/wp\/v2\/categories?post=17338"},{"taxonomy":"post_tag","embeddable":true,"href":"https:\/\/diariotiempo.com.uy\/noticias\/wp-json\/wp\/v2\/tags?post=17338"}],"curies":[{"name":"wp","href":"https:\/\/api.w.org\/{rel}","templated":true}]}}