{"id":17346,"date":"2024-12-13T16:11:45","date_gmt":"2024-12-13T16:11:45","guid":{"rendered":"https:\/\/diariotiempo.com.uy\/noticias\/?p=17346"},"modified":"2024-12-13T16:11:47","modified_gmt":"2024-12-13T16:11:47","slug":"clausura-de-cursos-de-la-escuela-militar-de-aeronautica","status":"publish","type":"post","link":"https:\/\/diariotiempo.com.uy\/noticias\/2024\/12\/13\/clausura-de-cursos-de-la-escuela-militar-de-aeronautica\/","title":{"rendered":"Clausura de cursos de la Escuela Militar de Aeron\u00e1utica"},"content":{"rendered":"\n<figure class=\"wp-block-image size-full\"><img loading=\"lazy\" decoding=\"async\" width=\"900\" height=\"599\" src=\"https:\/\/diariotiempo.com.uy\/noticias\/wp-content\/uploads\/2024\/12\/ema.jpg\" alt=\"\" class=\"wp-image-17347\" srcset=\"https:\/\/diariotiempo.com.uy\/noticias\/wp-content\/uploads\/2024\/12\/ema.jpg 900w, https:\/\/diariotiempo.com.uy\/noticias\/wp-content\/uploads\/2024\/12\/ema-300x200.jpg 300w, https:\/\/diariotiempo.com.uy\/noticias\/wp-content\/uploads\/2024\/12\/ema-768x511.jpg 768w\" sizes=\"auto, (max-width: 900px) 100vw, 900px\" \/><\/figure>\n\n\n\n<p>El presidente de la Rep\u00fablica asisti\u00f3 en Toledo a la ceremonia de finalizaci\u00f3n del a\u00f1o lectivo de la Escuela Militar. En la oportunidad, se celebr\u00f3 el egreso de los alf\u00e9reces que culminaron sus estudios en 2024, donde se destacaron los niveles de aprobaci\u00f3n y exoneraci\u00f3n. La promoci\u00f3n \u201cProfesor Coronel Asimilado Nicol\u00e1s Revello\u00bb es la m\u00e1s grande de los \u00faltimos 40 a\u00f1os, con unos 90 aspirantes.<\/p>\n\n\n\n<p>El mandatario estuvo acompa\u00f1ado, este mi\u00e9rcoles 11, por los ministros de Defensa Nacional, Armando Castaingdebat; y de Educaci\u00f3n y Cultura, Pablo da Silveira; adem\u00e1s del jefe del Estado Mayor de la Defensa, Rodolfo Pereyra; y de los comandantes en jefe del Ej\u00e9rcito, Mario Stevanazzi, de la Armada Nacional, Jorge Wilson; y de la Fuerza A\u00e9rea, Luis Heber de Le\u00f3n. Tambi\u00e9n asisti\u00f3 el director Escuela Militar, Pablo Gonz\u00e1lez.<\/p>\n\n\n\n<p>En la ceremonia, luego de entonar estrofas del Himno Nacional, se designaron los nuevos abanderados de la escuela, donde el primer mandatario fue el encargado de realizar la entrega del Pabell\u00f3n Nacional. Adicionalmente, se concedieron galardones a los alumnos destacados de la promoci\u00f3n. Para culminar con el acto protocolar, los alf\u00e9reces recibieron sus sables a trav\u00e9s de las autoridades y realizaron su juramento de honor. Como novedad, en las palabras del director de la escuela, se inform\u00f3 que durante este ejercicio, ser\u00e1 inaugurado el nuevo alojamiento para cadetes del interior. Las nuevas instalaciones previstas brindan el confort necesario para las actividades que desempe\u00f1an. Tambi\u00e9n, se realizar\u00e1n obras de reconstrucci\u00f3n del gimnasio de la Escuela Militar, visualizando la posibilidad de realizar un polo deportivo para la comunidad.<\/p>\n","protected":false},"excerpt":{"rendered":"<p>El presidente de la Rep\u00fablica asisti\u00f3 en Toledo a la ceremonia de finalizaci\u00f3n del a\u00f1o&#8230;<\/p>\n","protected":false},"author":1,"featured_media":17347,"comment_status":"closed","ping_status":"closed","sticky":false,"template":"","format":"standard","meta":{"_monsterinsights_skip_tracking":false,"_monsterinsights_sitenote_active":false,"_monsterinsights_sitenote_note":"","_monsterinsights_sitenote_category":0,"footnotes":""},"categories":[22],"tags":[],"class_list":["post-17346","post","type-post","status-publish","format-standard","has-post-thumbnail","hentry","category-barros-blancos"],"featured_image_urls":{"full":["https:\/\/diariotiempo.com.uy\/noticias\/wp-content\/uploads\/2024\/12\/ema.jpg",900,599,false],"thumbnail":["https:\/\/diariotiempo.com.uy\/noticias\/wp-content\/uploads\/2024\/12\/ema-150x150.jpg",150,150,true],"medium":["https:\/\/diariotiempo.com.uy\/noticias\/wp-content\/uploads\/2024\/12\/ema-300x200.jpg",300,200,true],"medium_large":["https:\/\/diariotiempo.com.uy\/noticias\/wp-content\/uploads\/2024\/12\/ema-768x511.jpg",640,426,true],"large":["https:\/\/diariotiempo.com.uy\/noticias\/wp-content\/uploads\/2024\/12\/ema.jpg",640,426,false],"rpg_gallery_admin_thumb":["https:\/\/diariotiempo.com.uy\/noticias\/wp-content\/uploads\/2024\/12\/ema-150x150.jpg",150,150,true],"rpg_gallery_thumb":["https:\/\/diariotiempo.com.uy\/noticias\/wp-content\/uploads\/2024\/12\/ema-150x150.jpg",150,150,true],"1536x1536":["https:\/\/diariotiempo.com.uy\/noticias\/wp-content\/uploads\/2024\/12\/ema.jpg",900,599,false],"2048x2048":["https:\/\/diariotiempo.com.uy\/noticias\/wp-content\/uploads\/2024\/12\/ema.jpg",900,599,false],"covernews-slider-full":["https:\/\/diariotiempo.com.uy\/noticias\/wp-content\/uploads\/2024\/12\/ema.jpg",900,599,false],"covernews-slider-center":["https:\/\/diariotiempo.com.uy\/noticias\/wp-content\/uploads\/2024\/12\/ema-800x500.jpg",800,500,true],"covernews-featured":["https:\/\/diariotiempo.com.uy\/noticias\/wp-content\/uploads\/2024\/12\/ema.jpg",900,599,false],"covernews-medium":["https:\/\/diariotiempo.com.uy\/noticias\/wp-content\/uploads\/2024\/12\/ema-540x340.jpg",540,340,true],"covernews-medium-square":["https:\/\/diariotiempo.com.uy\/noticias\/wp-content\/uploads\/2024\/12\/ema-400x250.jpg",400,250,true]},"author_info":{"display_name":"diario","author_link":"https:\/\/diariotiempo.com.uy\/noticias\/author\/diario\/"},"category_info":"<a href=\"https:\/\/diariotiempo.com.uy\/noticias\/category\/departamental\/barros-blancos\/\" rel=\"category tag\">Barros Blancos<\/a>","tag_info":"Barros Blancos","comment_count":"0","_links":{"self":[{"href":"https:\/\/diariotiempo.com.uy\/noticias\/wp-json\/wp\/v2\/posts\/17346","targetHints":{"allow":["GET"]}}],"collection":[{"href":"https:\/\/diariotiempo.com.uy\/noticias\/wp-json\/wp\/v2\/posts"}],"about":[{"href":"https:\/\/diariotiempo.com.uy\/noticias\/wp-json\/wp\/v2\/types\/post"}],"author":[{"embeddable":true,"href":"https:\/\/diariotiempo.com.uy\/noticias\/wp-json\/wp\/v2\/users\/1"}],"replies":[{"embeddable":true,"href":"https:\/\/diariotiempo.com.uy\/noticias\/wp-json\/wp\/v2\/comments?post=17346"}],"version-history":[{"count":1,"href":"https:\/\/diariotiempo.com.uy\/noticias\/wp-json\/wp\/v2\/posts\/17346\/revisions"}],"predecessor-version":[{"id":17348,"href":"https:\/\/diariotiempo.com.uy\/noticias\/wp-json\/wp\/v2\/posts\/17346\/revisions\/17348"}],"wp:featuredmedia":[{"embeddable":true,"href":"https:\/\/diariotiempo.com.uy\/noticias\/wp-json\/wp\/v2\/media\/17347"}],"wp:attachment":[{"href":"https:\/\/diariotiempo.com.uy\/noticias\/wp-json\/wp\/v2\/media?parent=17346"}],"wp:term":[{"taxonomy":"category","embeddable":true,"href":"https:\/\/diariotiempo.com.uy\/noticias\/wp-json\/wp\/v2\/categories?post=17346"},{"taxonomy":"post_tag","embeddable":true,"href":"https:\/\/diariotiempo.com.uy\/noticias\/wp-json\/wp\/v2\/tags?post=17346"}],"curies":[{"name":"wp","href":"https:\/\/api.w.org\/{rel}","templated":true}]}}