{"id":17541,"date":"2024-12-31T19:15:36","date_gmt":"2024-12-31T19:15:36","guid":{"rendered":"https:\/\/diariotiempo.com.uy\/noticias\/?p=17541"},"modified":"2024-12-31T19:15:37","modified_gmt":"2024-12-31T19:15:37","slug":"hogares-sustentables-amplia-su-alcance-en-solymar-norte-y-montes-de-solymar","status":"publish","type":"post","link":"https:\/\/diariotiempo.com.uy\/noticias\/2024\/12\/31\/hogares-sustentables-amplia-su-alcance-en-solymar-norte-y-montes-de-solymar\/","title":{"rendered":"Hogares Sustentables ampl\u00eda su alcance\u00a0en Solymar norte y Montes de Solymar"},"content":{"rendered":"\n<figure class=\"wp-block-image size-full\"><img loading=\"lazy\" decoding=\"async\" width=\"800\" height=\"533\" src=\"https:\/\/diariotiempo.com.uy\/noticias\/wp-content\/uploads\/2024\/12\/contenedores.jpg\" alt=\"\" class=\"wp-image-17542\" srcset=\"https:\/\/diariotiempo.com.uy\/noticias\/wp-content\/uploads\/2024\/12\/contenedores.jpg 800w, https:\/\/diariotiempo.com.uy\/noticias\/wp-content\/uploads\/2024\/12\/contenedores-300x200.jpg 300w, https:\/\/diariotiempo.com.uy\/noticias\/wp-content\/uploads\/2024\/12\/contenedores-768x512.jpg 768w\" sizes=\"auto, (max-width: 800px) 100vw, 800px\" \/><\/figure>\n\n\n\n<p>La Intendencia de Canelones desembarc\u00f3 en Solymar norte y Montes de Solymar con el programa Hogares Sustentables, alcanzando a m\u00e1s de 1900 familias del Municipio de Ciudad de la Costa con equipamiento de reciclaje.<\/p>\n\n\n\n<p>La entrega abarc\u00f3 a las familias que viven en la zona delimitada entre las calles Interbalnearia, Camino Paso Escobar, Federico Sierra, M\u00e1rquez Castro, Giannattasio, Juan Carlos Onetti y Ciudad de Lima. En esta oportunidad, se entreg\u00f3 un contenedor de 120 litros de tapa gris para residuos mezclados, un contenedor de 120 litros tapa verde para residuos reciclables y una compostera para vermicompostaje, con n\u00facleo de lombriz californiana.<\/p>\n\n\n\n<p>Con estas acciones el Gobierno de Canelones impulsa la consolidaci\u00f3n de territorios sustentables mediante un sistema integral de servicios que atiende no solo la limpieza p\u00fablica, sino que incorpora adem\u00e1s una mirada de circularidad, que promueve la reducci\u00f3n y valorizaci\u00f3n de los residuos y suma equipamiento, tecnolog\u00eda e innovaci\u00f3n.<\/p>\n\n\n\n<p>El programa Hogares Sustentables integra la participaci\u00f3n de los vecinos y vecinas, as\u00ed como de los diversos actores de la comunidad, generando oportunidades para personas de sectores sociales vulnerables e impulsando un modelo de gesti\u00f3n y un cambio cultural que aporta y se adapta al actual escenario clim\u00e1tico y ambiental y sus complejidades.<\/p>\n\n\n\n<p>De esta manera, se promueven pr\u00e1cticas de reducci\u00f3n de residuos y clasificaci\u00f3n en origen para el reciclaje y compostaje domiciliario, pero adem\u00e1s se promueve la producci\u00f3n de alimentos saludables a trav\u00e9s de huertas domiciliarias. Estas acciones se enmarcan dentro de la Estrategia Canaria de Acci\u00f3n Clim\u00e1tica y van de la mano de la participaci\u00f3n ciudadana y la educaci\u00f3n ambiental, que se desarrolla a trav\u00e9s de distintas v\u00edas, transversalizando la gesti\u00f3n ambiental.<\/p>\n","protected":false},"excerpt":{"rendered":"<p>La Intendencia de Canelones desembarc\u00f3 en Solymar norte y Montes de Solymar con el programa&#8230;<\/p>\n","protected":false},"author":1,"featured_media":17542,"comment_status":"closed","ping_status":"closed","sticky":false,"template":"","format":"standard","meta":{"_monsterinsights_skip_tracking":false,"_monsterinsights_sitenote_active":false,"_monsterinsights_sitenote_note":"","_monsterinsights_sitenote_category":0,"footnotes":""},"categories":[83],"tags":[],"class_list":["post-17541","post","type-post","status-publish","format-standard","has-post-thumbnail","hentry","category-ciudad-de-la-costa"],"featured_image_urls":{"full":["https:\/\/diariotiempo.com.uy\/noticias\/wp-content\/uploads\/2024\/12\/contenedores.jpg",800,533,false],"thumbnail":["https:\/\/diariotiempo.com.uy\/noticias\/wp-content\/uploads\/2024\/12\/contenedores-150x150.jpg",150,150,true],"medium":["https:\/\/diariotiempo.com.uy\/noticias\/wp-content\/uploads\/2024\/12\/contenedores-300x200.jpg",300,200,true],"medium_large":["https:\/\/diariotiempo.com.uy\/noticias\/wp-content\/uploads\/2024\/12\/contenedores-768x512.jpg",640,427,true],"large":["https:\/\/diariotiempo.com.uy\/noticias\/wp-content\/uploads\/2024\/12\/contenedores.jpg",640,426,false],"rpg_gallery_admin_thumb":["https:\/\/diariotiempo.com.uy\/noticias\/wp-content\/uploads\/2024\/12\/contenedores-150x150.jpg",150,150,true],"rpg_gallery_thumb":["https:\/\/diariotiempo.com.uy\/noticias\/wp-content\/uploads\/2024\/12\/contenedores-150x150.jpg",150,150,true],"1536x1536":["https:\/\/diariotiempo.com.uy\/noticias\/wp-content\/uploads\/2024\/12\/contenedores.jpg",800,533,false],"2048x2048":["https:\/\/diariotiempo.com.uy\/noticias\/wp-content\/uploads\/2024\/12\/contenedores.jpg",800,533,false],"covernews-slider-full":["https:\/\/diariotiempo.com.uy\/noticias\/wp-content\/uploads\/2024\/12\/contenedores.jpg",800,533,false],"covernews-slider-center":["https:\/\/diariotiempo.com.uy\/noticias\/wp-content\/uploads\/2024\/12\/contenedores-800x500.jpg",800,500,true],"covernews-featured":["https:\/\/diariotiempo.com.uy\/noticias\/wp-content\/uploads\/2024\/12\/contenedores.jpg",800,533,false],"covernews-medium":["https:\/\/diariotiempo.com.uy\/noticias\/wp-content\/uploads\/2024\/12\/contenedores-540x340.jpg",540,340,true],"covernews-medium-square":["https:\/\/diariotiempo.com.uy\/noticias\/wp-content\/uploads\/2024\/12\/contenedores-400x250.jpg",400,250,true]},"author_info":{"display_name":"diario","author_link":"https:\/\/diariotiempo.com.uy\/noticias\/author\/diario\/"},"category_info":"<a href=\"https:\/\/diariotiempo.com.uy\/noticias\/category\/departamental\/ciudad-de-la-costa\/\" rel=\"category tag\">Ciudad de la Costa<\/a>","tag_info":"Ciudad de la Costa","comment_count":"0","_links":{"self":[{"href":"https:\/\/diariotiempo.com.uy\/noticias\/wp-json\/wp\/v2\/posts\/17541","targetHints":{"allow":["GET"]}}],"collection":[{"href":"https:\/\/diariotiempo.com.uy\/noticias\/wp-json\/wp\/v2\/posts"}],"about":[{"href":"https:\/\/diariotiempo.com.uy\/noticias\/wp-json\/wp\/v2\/types\/post"}],"author":[{"embeddable":true,"href":"https:\/\/diariotiempo.com.uy\/noticias\/wp-json\/wp\/v2\/users\/1"}],"replies":[{"embeddable":true,"href":"https:\/\/diariotiempo.com.uy\/noticias\/wp-json\/wp\/v2\/comments?post=17541"}],"version-history":[{"count":1,"href":"https:\/\/diariotiempo.com.uy\/noticias\/wp-json\/wp\/v2\/posts\/17541\/revisions"}],"predecessor-version":[{"id":17543,"href":"https:\/\/diariotiempo.com.uy\/noticias\/wp-json\/wp\/v2\/posts\/17541\/revisions\/17543"}],"wp:featuredmedia":[{"embeddable":true,"href":"https:\/\/diariotiempo.com.uy\/noticias\/wp-json\/wp\/v2\/media\/17542"}],"wp:attachment":[{"href":"https:\/\/diariotiempo.com.uy\/noticias\/wp-json\/wp\/v2\/media?parent=17541"}],"wp:term":[{"taxonomy":"category","embeddable":true,"href":"https:\/\/diariotiempo.com.uy\/noticias\/wp-json\/wp\/v2\/categories?post=17541"},{"taxonomy":"post_tag","embeddable":true,"href":"https:\/\/diariotiempo.com.uy\/noticias\/wp-json\/wp\/v2\/tags?post=17541"}],"curies":[{"name":"wp","href":"https:\/\/api.w.org\/{rel}","templated":true}]}}