{"id":17553,"date":"2025-01-02T16:51:59","date_gmt":"2025-01-02T16:51:59","guid":{"rendered":"https:\/\/diariotiempo.com.uy\/noticias\/?p=17553"},"modified":"2025-01-02T16:51:59","modified_gmt":"2025-01-02T16:51:59","slug":"una-nueva-temporada-del-programa-mar-al-alcance-comienza-en-canelones","status":"publish","type":"post","link":"https:\/\/diariotiempo.com.uy\/noticias\/2025\/01\/02\/una-nueva-temporada-del-programa-mar-al-alcance-comienza-en-canelones\/","title":{"rendered":"Una nueva temporada del programa Mar al Alcance comienza en Canelones"},"content":{"rendered":"\n<figure class=\"wp-block-image size-full\"><img loading=\"lazy\" decoding=\"async\" width=\"791\" height=\"415\" src=\"https:\/\/diariotiempo.com.uy\/noticias\/wp-content\/uploads\/2025\/01\/1.jpg\" alt=\"\" class=\"wp-image-17558\" srcset=\"https:\/\/diariotiempo.com.uy\/noticias\/wp-content\/uploads\/2025\/01\/1.jpg 791w, https:\/\/diariotiempo.com.uy\/noticias\/wp-content\/uploads\/2025\/01\/1-300x157.jpg 300w, https:\/\/diariotiempo.com.uy\/noticias\/wp-content\/uploads\/2025\/01\/1-768x403.jpg 768w\" sizes=\"auto, (max-width: 791px) 100vw, 791px\" \/><\/figure>\n\n\n\n<p>El programa Mar al Alcance, una propuesta integral para personas en situaci\u00f3n de discapacidad y adultos mayores, vuelve este verano 2025 con el objetivo de acercar la playa y el ba\u00f1o de mar a todas las personas, eliminando barreras f\u00edsicas mediante alfombras costeras de madera, sillas anfibias y personal capacitado que asiste a las personas para ingresar al agua y realizar actividades recreativas y deportivas.<\/p>\n\n\n\n<p>Este verano, el programa funcionar\u00e1 en las playas de la Bajada 25 de Solymar, en el Hotel Vista de La Floresta y en el \u00c1rbol de Judea de Atl\u00e1ntida, donde se han acondicionado espacios con estacionamiento preferencial, ba\u00f1os accesibles y puntos de sombra. Adem\u00e1s, quienes lo deseen podr\u00e1n acceder a la actividad f\u00edsica y deportiva en arena y en el agua, incluyendo disciplinas como el surfing adaptado.<\/p>\n\n\n\n<p>Para acceder a las actividades acu\u00e1ticas, las personas interesadas deber\u00e1n inscribirse previamente accediendo aqu\u00ed, en el caso de la Bajada 25 de Solymar, y aqu\u00ed, en el caso del \u00c1rbol de Judea en Atl\u00e1ntida.<\/p>\n\n\n\n<p><strong>Compromiso con la inclusi\u00f3n<\/strong><\/p>\n\n\n\n<p>Durante el lanzamiento de la temporada 2024-2025, el Intendente de Canelones, Marcelo Metediera, destac\u00f3 la importancia del programa Mar al Alcance como una pol\u00edtica p\u00fablica clave que busca garantizar la igualdad de oportunidades en el uso y disfrute de los espacios costeros. Subray\u00f3 as\u00ed la importancia de eliminar las barreras f\u00edsicas y sociales que enfrentan las personas con discapacidad refiri\u00e9ndose a la \u201clibertad coartada\u201d, como un concepto que impulsa a la pol\u00edtica p\u00fablica a intervenir para garantizar un acceso pleno.<\/p>\n\n\n\n<p>Metediera tambi\u00e9n enfatiz\u00f3 otras acciones que fortalecen la inclusi\u00f3n como la creaci\u00f3n de obras de infraestructura accesible,el equipamientode polideportivos y la incorporaci\u00f3n de personas con discapacidad en la plantilla de funcionarios de la Intendencia, cumpliendo con lo dispuesto por la Ley N\u00b0 18.651. Recientemente, se firm\u00f3 un acuerdo con ADEOM que asegura que el 4 % de los cargos presupuestales en la pr\u00f3xima administraci\u00f3n se destinar\u00e1n a este colectivo.<\/p>\n\n\n\n<p><strong>Apoyo t\u00e9cnico e innovaci\u00f3n<\/strong><\/p>\n\n\n\n<p>El Responsable del \u00c1rea de Discapacidad de la Intendencia de Canelones, Federico Lezama, se\u00f1al\u00f3 que este programa es el resultado del trabajo conjunto de diversas direcciones como Deportes, Turismo, Gesti\u00f3n Ambiental, Tr\u00e1nsito y Transporte, entre otras. Lezama tambi\u00e9n destac\u00f3 el papel del taller de ayudas t\u00e9cnicas, donde se fabrican las sillas anfibias utilizadas en el programa y que tambi\u00e9n han sido donadas a otras intendencias del pa\u00eds.<\/p>\n\n\n\n<p><strong>Promoci\u00f3n del deporte adaptado<\/strong><\/p>\n\n\n\n<p>Por su parte, el Director General de Deportes, Prof. Alejandro Pereda, hizo hincapi\u00e9 en la labor que realizan los docentes y los promotores deportivos en la atenci\u00f3n a las personas que llegan a la playa y que tambi\u00e9n se realiza en la piscina de Montes de Solymar los d\u00edas martes. Pereda subray\u00f3 el \u00e9xito del surfing adaptado, implementado desde el a\u00f1o pasado, gracias al aporte del campe\u00f3n mundial de longboard Francisco Ara\u00f1a, quien don\u00f3 tablas y brind\u00f3 una capacitaci\u00f3n a los profesores y promotores de la Direcci\u00f3n de Deportes.<\/p>\n\n\n\n<p><strong>Una red de apoyo y participaci\u00f3n<\/strong><\/p>\n\n\n\n<p>La Directora General de Desarrollo Humano, Profa. Gabriela Garrido, resalt\u00f3 la integraci\u00f3n social y el impacto positivo del programa en personas que nunca hab\u00edan accedido al mar. Asimismo, mencion\u00f3 otros proyectos inclusivos que lleva adelante la Intendencia, como la adquisici\u00f3n de una flota de 10 camionetas accesibles que permiten brindar un servicio p\u00fablico de transporte, el programa de educaci\u00f3n musical inclusiva Canciones para avanzar juntos, que busca sensibilizar desde la infancia y llegar a liceos en el 2025, y la inauguraci\u00f3n del centro de rehabilitaci\u00f3n CERESUR en Las Piedras.En esta l\u00ednea, Lezama indic\u00f3 que el objetivo es que las personas disfruten sin restricciones fomentando la inclusi\u00f3n y resalt\u00f3 los aspectos necesarios para llevarla adelante, entre ellos, equipamiento, infraestructura, equipo humano comprometido con la tarea y bajadas accesibles ubicadas en lugares con servicios, como paradores y ba\u00f1os.<\/p>\n\n\n\n<p>La participaci\u00f3n de las personas se ve reflejada en el compromiso de los grupos que asisten en forma organizada desde diversas localidades del departamento, coordinando con la Intendencia para facilitar el transporte accesible y garantizar la llegada a las playas. Un grupo que habitualmente se re\u00fane en la Bajada 25 de Solymar estuvo presente durante el lanzamiento de temporada. Claudia, mam\u00e1 de Enzo de 11 a\u00f1os de edad, expres\u00f3 su satisfacci\u00f3n con el programa e inform\u00f3 que es su segundo a\u00f1o participando. Gracias a Mar al Alcance Enzo descubri\u00f3 la nataci\u00f3n en aguas abiertas, lo que le ha brindado nuevos desaf\u00edos corporales, emocionales y vinculares, seg\u00fan lo expres\u00f3 Claudia.<\/p>\n\n\n\n<p><strong>D\u00edas y horarios de funcionamiento del programa Mar al Alcance<\/strong><\/p>\n\n\n\n<p>Bajada 25, Solymar<\/p>\n\n\n\n<p>Mi\u00e9rcoles a domingo &#8211; De 08:00 a 12:00 y de 16:00 a 20:00 horas.<\/p>\n\n\n\n<p>Actividad en aguas abiertas &#8211; Mi\u00e9rcoles y viernes de 08:15 a 10:15 horas.<\/p>\n\n\n\n<p>Formulario de inscripci\u00f3n disponible aqu\u00ed.<\/p>\n\n\n\n<p>Bajada \u00c1rbol de Judea, Atl\u00e1ntida<\/p>\n\n\n\n<p>Martes a s\u00e1bado &#8211; De 08:00 a 12:00 y de 16:00 a 20:00 horas.<\/p>\n\n\n\n<p>Actividades en aguas abiertas &#8211; Martes y jueves de 08:15 a 10:15 horas.<\/p>\n\n\n\n<p>Formulario de inscripci\u00f3n disponible aqu\u00ed.<\/p>\n\n\n\n<p>Bajada Hotel Vista, La Floresta<\/p>\n\n\n\n<p>Mi\u00e9rcoles a domingo &#8211; De 08:00 a 12:00 y de 16:30 a 20:30 horas.<\/p>\n\n\n\n<p>Ba\u00f1os de mar.<\/p>\n\n\n\n<p><\/p>\n\n\n\n<p><strong>Por m\u00e1s informaci\u00f3n:<\/strong> <a href=\"mailto:discapacidad@imcanelones.gub.uy\">discapacidad@imcanelones.gub.uy<\/a><\/p>\n\n\n\n<p><\/p>\n","protected":false},"excerpt":{"rendered":"<p>El programa Mar al Alcance, una propuesta integral para personas en situaci\u00f3n de discapacidad y&#8230;<\/p>\n","protected":false},"author":1,"featured_media":17558,"comment_status":"closed","ping_status":"closed","sticky":false,"template":"","format":"standard","meta":{"_monsterinsights_skip_tracking":false,"_monsterinsights_sitenote_active":false,"_monsterinsights_sitenote_note":"","_monsterinsights_sitenote_category":0,"footnotes":""},"categories":[11],"tags":[],"class_list":["post-17553","post","type-post","status-publish","format-standard","has-post-thumbnail","hentry","category-noticia-destacada"],"featured_image_urls":{"full":["https:\/\/diariotiempo.com.uy\/noticias\/wp-content\/uploads\/2025\/01\/1.jpg",791,415,false],"thumbnail":["https:\/\/diariotiempo.com.uy\/noticias\/wp-content\/uploads\/2025\/01\/1-150x150.jpg",150,150,true],"medium":["https:\/\/diariotiempo.com.uy\/noticias\/wp-content\/uploads\/2025\/01\/1-300x157.jpg",300,157,true],"medium_large":["https:\/\/diariotiempo.com.uy\/noticias\/wp-content\/uploads\/2025\/01\/1-768x403.jpg",640,336,true],"large":["https:\/\/diariotiempo.com.uy\/noticias\/wp-content\/uploads\/2025\/01\/1.jpg",640,336,false],"rpg_gallery_admin_thumb":["https:\/\/diariotiempo.com.uy\/noticias\/wp-content\/uploads\/2025\/01\/1-150x150.jpg",150,150,true],"rpg_gallery_thumb":["https:\/\/diariotiempo.com.uy\/noticias\/wp-content\/uploads\/2025\/01\/1-150x150.jpg",150,150,true],"1536x1536":["https:\/\/diariotiempo.com.uy\/noticias\/wp-content\/uploads\/2025\/01\/1.jpg",791,415,false],"2048x2048":["https:\/\/diariotiempo.com.uy\/noticias\/wp-content\/uploads\/2025\/01\/1.jpg",791,415,false],"covernews-slider-full":["https:\/\/diariotiempo.com.uy\/noticias\/wp-content\/uploads\/2025\/01\/1.jpg",791,415,false],"covernews-slider-center":["https:\/\/diariotiempo.com.uy\/noticias\/wp-content\/uploads\/2025\/01\/1.jpg",791,415,false],"covernews-featured":["https:\/\/diariotiempo.com.uy\/noticias\/wp-content\/uploads\/2025\/01\/1.jpg",791,415,false],"covernews-medium":["https:\/\/diariotiempo.com.uy\/noticias\/wp-content\/uploads\/2025\/01\/1-540x340.jpg",540,340,true],"covernews-medium-square":["https:\/\/diariotiempo.com.uy\/noticias\/wp-content\/uploads\/2025\/01\/1-400x250.jpg",400,250,true]},"author_info":{"display_name":"diario","author_link":"https:\/\/diariotiempo.com.uy\/noticias\/author\/diario\/"},"category_info":"<a href=\"https:\/\/diariotiempo.com.uy\/noticias\/category\/noticia-destacada\/\" rel=\"category tag\">NOTICIA DESTACADA<\/a>","tag_info":"NOTICIA DESTACADA","comment_count":"0","_links":{"self":[{"href":"https:\/\/diariotiempo.com.uy\/noticias\/wp-json\/wp\/v2\/posts\/17553","targetHints":{"allow":["GET"]}}],"collection":[{"href":"https:\/\/diariotiempo.com.uy\/noticias\/wp-json\/wp\/v2\/posts"}],"about":[{"href":"https:\/\/diariotiempo.com.uy\/noticias\/wp-json\/wp\/v2\/types\/post"}],"author":[{"embeddable":true,"href":"https:\/\/diariotiempo.com.uy\/noticias\/wp-json\/wp\/v2\/users\/1"}],"replies":[{"embeddable":true,"href":"https:\/\/diariotiempo.com.uy\/noticias\/wp-json\/wp\/v2\/comments?post=17553"}],"version-history":[{"count":1,"href":"https:\/\/diariotiempo.com.uy\/noticias\/wp-json\/wp\/v2\/posts\/17553\/revisions"}],"predecessor-version":[{"id":17559,"href":"https:\/\/diariotiempo.com.uy\/noticias\/wp-json\/wp\/v2\/posts\/17553\/revisions\/17559"}],"wp:featuredmedia":[{"embeddable":true,"href":"https:\/\/diariotiempo.com.uy\/noticias\/wp-json\/wp\/v2\/media\/17558"}],"wp:attachment":[{"href":"https:\/\/diariotiempo.com.uy\/noticias\/wp-json\/wp\/v2\/media?parent=17553"}],"wp:term":[{"taxonomy":"category","embeddable":true,"href":"https:\/\/diariotiempo.com.uy\/noticias\/wp-json\/wp\/v2\/categories?post=17553"},{"taxonomy":"post_tag","embeddable":true,"href":"https:\/\/diariotiempo.com.uy\/noticias\/wp-json\/wp\/v2\/tags?post=17553"}],"curies":[{"name":"wp","href":"https:\/\/api.w.org\/{rel}","templated":true}]}}