{"id":17762,"date":"2025-02-04T19:00:49","date_gmt":"2025-02-04T19:00:49","guid":{"rendered":"https:\/\/diariotiempo.com.uy\/noticias\/?p=17762"},"modified":"2025-02-04T19:00:51","modified_gmt":"2025-02-04T19:00:51","slug":"varios-vehiculos-fueron-recuperados-en-el-departamento","status":"publish","type":"post","link":"https:\/\/diariotiempo.com.uy\/noticias\/2025\/02\/04\/varios-vehiculos-fueron-recuperados-en-el-departamento\/","title":{"rendered":"Varios veh\u00edculos fueron recuperados en el departamento"},"content":{"rendered":"\n<figure class=\"wp-block-image size-full\"><img loading=\"lazy\" decoding=\"async\" width=\"579\" height=\"398\" src=\"https:\/\/diariotiempo.com.uy\/noticias\/wp-content\/uploads\/2025\/02\/qaa.jpg\" alt=\"\" class=\"wp-image-17763\" srcset=\"https:\/\/diariotiempo.com.uy\/noticias\/wp-content\/uploads\/2025\/02\/qaa.jpg 579w, https:\/\/diariotiempo.com.uy\/noticias\/wp-content\/uploads\/2025\/02\/qaa-300x206.jpg 300w\" sizes=\"auto, (max-width: 579px) 100vw, 579px\" \/><\/figure>\n\n\n\n<p>Lugar: Jurisdicci\u00f3n de la Seccional 7 Pando. Direcci\u00f3n: Calle Fabini y Gorostiaga. Hecho: Efectivos del Grupo PADO, abocados al Operativo de control vehicular y personas, avistan un auto donde se procede a identificar al conductor, un hombre de 45 a\u00f1os (poseedor de antecedentes penales por dos delitos de receptaci\u00f3n), carente de licencia de conducir, presenta libreta de circulaci\u00f3n ap\u00f3crifa. Referente al veh\u00edculo, presenta una requisitoria pendiente por hurto con fecha<\/p>\n\n\n\n<p>24\/07\/2019 por la Seccional 11 de Jefatura de Montevideo.<\/p>\n\n\n\n<p>Se trasladan a la Seccional 7 Pando para continuar con los tr\u00e1mites correspondientes. \u00a0El hecho se encuentra a cargo del Fiscal de Turno de la zona.<\/p>\n\n\n\n<p><strong>Lugar:<\/strong> Jurisdicci\u00f3n de la Seccional 24 Parque del Plata. Direcci\u00f3n: Calle Paralela Norte a Ruta Interbalnearia y Av. 9. Hecho: Efectivos del Grupo PADO, en recorrida, avistan una moto donde se procede a identificar al conductor, un hombre de 54 a\u00f1os (poseedor de antecedentes penales por un delito de violencia domestica), carente de documentaci\u00f3n.<\/p>\n\n\n\n<p>Referente al veh\u00edculo, presenta una requisitoria pendiente por hurto con fecha 24\/10\/2024 por la Divisi\u00f3n de Investigaci\u00f3n de prefectura Nacional Naval. &nbsp;Se trasladan a la Seccional 24 Parque del Plata para continuar con los tr\u00e1mites correspondientes. El hecho se encuentra a cargo del Fiscal de Turno de la zona.&nbsp;<\/p>\n","protected":false},"excerpt":{"rendered":"<p>Lugar: Jurisdicci\u00f3n de la Seccional 7 Pando. Direcci\u00f3n: Calle Fabini y Gorostiaga. Hecho: Efectivos del&#8230;<\/p>\n","protected":false},"author":1,"featured_media":17763,"comment_status":"closed","ping_status":"closed","sticky":false,"template":"","format":"standard","meta":{"_monsterinsights_skip_tracking":false,"_monsterinsights_sitenote_active":false,"_monsterinsights_sitenote_note":"","_monsterinsights_sitenote_category":0,"footnotes":""},"categories":[6],"tags":[],"class_list":["post-17762","post","type-post","status-publish","format-standard","has-post-thumbnail","hentry","category-policial"],"featured_image_urls":{"full":["https:\/\/diariotiempo.com.uy\/noticias\/wp-content\/uploads\/2025\/02\/qaa.jpg",579,398,false],"thumbnail":["https:\/\/diariotiempo.com.uy\/noticias\/wp-content\/uploads\/2025\/02\/qaa-150x150.jpg",150,150,true],"medium":["https:\/\/diariotiempo.com.uy\/noticias\/wp-content\/uploads\/2025\/02\/qaa-300x206.jpg",300,206,true],"medium_large":["https:\/\/diariotiempo.com.uy\/noticias\/wp-content\/uploads\/2025\/02\/qaa.jpg",579,398,false],"large":["https:\/\/diariotiempo.com.uy\/noticias\/wp-content\/uploads\/2025\/02\/qaa.jpg",579,398,false],"rpg_gallery_admin_thumb":["https:\/\/diariotiempo.com.uy\/noticias\/wp-content\/uploads\/2025\/02\/qaa-150x150.jpg",150,150,true],"rpg_gallery_thumb":["https:\/\/diariotiempo.com.uy\/noticias\/wp-content\/uploads\/2025\/02\/qaa-150x150.jpg",150,150,true],"1536x1536":["https:\/\/diariotiempo.com.uy\/noticias\/wp-content\/uploads\/2025\/02\/qaa.jpg",579,398,false],"2048x2048":["https:\/\/diariotiempo.com.uy\/noticias\/wp-content\/uploads\/2025\/02\/qaa.jpg",579,398,false],"covernews-slider-full":["https:\/\/diariotiempo.com.uy\/noticias\/wp-content\/uploads\/2025\/02\/qaa.jpg",579,398,false],"covernews-slider-center":["https:\/\/diariotiempo.com.uy\/noticias\/wp-content\/uploads\/2025\/02\/qaa.jpg",579,398,false],"covernews-featured":["https:\/\/diariotiempo.com.uy\/noticias\/wp-content\/uploads\/2025\/02\/qaa.jpg",579,398,false],"covernews-medium":["https:\/\/diariotiempo.com.uy\/noticias\/wp-content\/uploads\/2025\/02\/qaa-540x340.jpg",540,340,true],"covernews-medium-square":["https:\/\/diariotiempo.com.uy\/noticias\/wp-content\/uploads\/2025\/02\/qaa-400x250.jpg",400,250,true]},"author_info":{"display_name":"diario","author_link":"https:\/\/diariotiempo.com.uy\/noticias\/author\/diario\/"},"category_info":"<a href=\"https:\/\/diariotiempo.com.uy\/noticias\/category\/policial\/\" rel=\"category tag\">POLICIAL<\/a>","tag_info":"POLICIAL","comment_count":"0","_links":{"self":[{"href":"https:\/\/diariotiempo.com.uy\/noticias\/wp-json\/wp\/v2\/posts\/17762","targetHints":{"allow":["GET"]}}],"collection":[{"href":"https:\/\/diariotiempo.com.uy\/noticias\/wp-json\/wp\/v2\/posts"}],"about":[{"href":"https:\/\/diariotiempo.com.uy\/noticias\/wp-json\/wp\/v2\/types\/post"}],"author":[{"embeddable":true,"href":"https:\/\/diariotiempo.com.uy\/noticias\/wp-json\/wp\/v2\/users\/1"}],"replies":[{"embeddable":true,"href":"https:\/\/diariotiempo.com.uy\/noticias\/wp-json\/wp\/v2\/comments?post=17762"}],"version-history":[{"count":1,"href":"https:\/\/diariotiempo.com.uy\/noticias\/wp-json\/wp\/v2\/posts\/17762\/revisions"}],"predecessor-version":[{"id":17764,"href":"https:\/\/diariotiempo.com.uy\/noticias\/wp-json\/wp\/v2\/posts\/17762\/revisions\/17764"}],"wp:featuredmedia":[{"embeddable":true,"href":"https:\/\/diariotiempo.com.uy\/noticias\/wp-json\/wp\/v2\/media\/17763"}],"wp:attachment":[{"href":"https:\/\/diariotiempo.com.uy\/noticias\/wp-json\/wp\/v2\/media?parent=17762"}],"wp:term":[{"taxonomy":"category","embeddable":true,"href":"https:\/\/diariotiempo.com.uy\/noticias\/wp-json\/wp\/v2\/categories?post=17762"},{"taxonomy":"post_tag","embeddable":true,"href":"https:\/\/diariotiempo.com.uy\/noticias\/wp-json\/wp\/v2\/tags?post=17762"}],"curies":[{"name":"wp","href":"https:\/\/api.w.org\/{rel}","templated":true}]}}