{"id":17765,"date":"2025-02-04T19:01:55","date_gmt":"2025-02-04T19:01:55","guid":{"rendered":"https:\/\/diariotiempo.com.uy\/noticias\/?p=17765"},"modified":"2025-02-04T19:02:10","modified_gmt":"2025-02-04T19:02:10","slug":"ministerio-de-turismo-informo-un-crecimiento-sostenido-del-turismo-interno-en-uruguay","status":"publish","type":"post","link":"https:\/\/diariotiempo.com.uy\/noticias\/2025\/02\/04\/ministerio-de-turismo-informo-un-crecimiento-sostenido-del-turismo-interno-en-uruguay\/","title":{"rendered":"Ministerio de Turismo inform\u00f3 un crecimiento sostenido del\u00a0Turismo Interno en Uruguay"},"content":{"rendered":"\n<figure class=\"wp-block-image size-full\"><img loading=\"lazy\" decoding=\"async\" width=\"529\" height=\"375\" src=\"https:\/\/diariotiempo.com.uy\/noticias\/wp-content\/uploads\/2025\/02\/turismo.jpg\" alt=\"\" class=\"wp-image-17766\" srcset=\"https:\/\/diariotiempo.com.uy\/noticias\/wp-content\/uploads\/2025\/02\/turismo.jpg 529w, https:\/\/diariotiempo.com.uy\/noticias\/wp-content\/uploads\/2025\/02\/turismo-300x213.jpg 300w\" sizes=\"auto, (max-width: 529px) 100vw, 529px\" \/><\/figure>\n\n\n\n<p>Los uruguayos registraron un r\u00e9cord en 2024 con respecto al turismo interno, alcanzando un 22% m\u00e1s que en 2023. Esto refleja un crecimiento constante, confirmando su etapa de consolidaci\u00f3n.<\/p>\n\n\n\n<p>Datos estad\u00edsticos<\/p>\n\n\n\n<p>Si observamos el mapa del pa\u00eds, la Regi\u00f3n Metropolitana es la que m\u00e1s visitas recibi\u00f3 con un 41,4%, seguida por Regi\u00f3n Este 26,3%, Regi\u00f3n Centro Sur 13,6%, Regi\u00f3n Litoral &nbsp;10,2% y Regi\u00f3n Norte 8,5%.<\/p>\n\n\n\n<p>El turismo interno marc\u00f3 un notable incremento en el per\u00edodo 2020-2024 del 61,9 %, mostrando una recuperaci\u00f3n post-pandemia y un fortalecimiento continuo, debido a la inversi\u00f3n en diferentes estrategias de desarrollo que fomentan el movimiento interno de los viajeros y la promoci\u00f3n de los distintos destinos.<\/p>\n\n\n\n<p><strong>TURISMO RECEPTIVO Y EMISIVO<\/strong><\/p>\n\n\n\n<p>En cuanto al turismo receptivo, Uruguay recibi\u00f3 en el \u00faltimo a\u00f1o a 3.341.829 turistas, generando ingresos por un total de U$S 1.750 millones, aumentando el gasto por persona en un 13,1% con respecto al 2023.<\/p>\n\n\n\n<p>Como es habitual, los argentinos siguen siendo los turistas extranjeros m\u00e1s representativos en el pa\u00eds, alcanzando la cifra de 1.705.090 con un gasto total de 923 millones de d\u00f3lares.<\/p>\n\n\n\n<p>Respecto a los brasileros el a\u00f1o que culmin\u00f3 dej\u00f3 un total de 468.027 &nbsp;turistas que arribaron a Uruguay con un gasto total de 227 millones de d\u00f3lares.<\/p>\n\n\n\n<p>Le siguen en ingresos los europeos con 152.216 turistas, norteamericanos con 108.172 personas, chile con 69.814, paraguayos, se alcanz\u00f3 un total de 51.886 ingresos y otras nacionalidades de Am\u00e9rica con un total de 181.984 personas.<\/p>\n\n\n\n<p>En relaci\u00f3n al turismo emisivo, un total de 3.041.887 uruguayos viajaron al exterior y gastaron U$S 1.564 millones.<\/p>\n\n\n\n<p>Para alcanzar estas cifras el Ministerio de Turismo trabaj\u00f3 coordinadamente con el sector privado y apoy\u00f3 a las Intendencias para realizar eventos en todo el pa\u00eds, con cas\u00ed 1000 Declarados de Inter\u00e9s Tur\u00edstico en el a\u00f1o. Adem\u00e1s, particip\u00f3 en las ferias de turismo m\u00e1s importantes de la regi\u00f3n y el mundo y realiz\u00f3 campa\u00f1as de promoci\u00f3n multiplataforma en Uruguay, la regi\u00f3n y extra regi\u00f3n.<\/p>\n\n\n\n<p><strong>OBSERVATORIO DE TURISMO INTELIGENTE<\/strong><\/p>\n\n\n\n<p>La mayor certeza de los datos brindados se da por la creaci\u00f3n del Observatorio de Turismo Inteligente, &nbsp;sistema que recopila, procesa y analiza datos relacionados con la actividad tur\u00edstica en una determinada regi\u00f3n o destino.<\/p>\n\n\n\n<p>Su objetivo principal es proporcionar informaci\u00f3n actualizada y relevante para ayudar a las autoridades tur\u00edsticas, los empresarios del sector y otros actores involucrados en la toma de decisiones informadas y estrat\u00e9gicas.<\/p>\n\n\n\n<p>Lo que se busca con est\u00e1 herramienta es que todos puedan acceder a esos datos, n\u00fameros o responder inquietudes sobre el movimiento tur\u00edstico que tiene nuestro pa\u00eds y a su vez determinar con observaciones cient\u00edficas las pol\u00edticas p\u00fablicas sobre turismo de forma m\u00e1s eficiente.<\/p>\n","protected":false},"excerpt":{"rendered":"<p>Los uruguayos registraron un r\u00e9cord en 2024 con respecto al turismo interno, alcanzando un 22%&#8230;<\/p>\n","protected":false},"author":1,"featured_media":17766,"comment_status":"closed","ping_status":"closed","sticky":false,"template":"","format":"standard","meta":{"_monsterinsights_skip_tracking":false,"_monsterinsights_sitenote_active":false,"_monsterinsights_sitenote_note":"","_monsterinsights_sitenote_category":0,"footnotes":""},"categories":[79],"tags":[],"class_list":["post-17765","post","type-post","status-publish","format-standard","has-post-thumbnail","hentry","category-nacionales"],"featured_image_urls":{"full":["https:\/\/diariotiempo.com.uy\/noticias\/wp-content\/uploads\/2025\/02\/turismo.jpg",529,375,false],"thumbnail":["https:\/\/diariotiempo.com.uy\/noticias\/wp-content\/uploads\/2025\/02\/turismo-150x150.jpg",150,150,true],"medium":["https:\/\/diariotiempo.com.uy\/noticias\/wp-content\/uploads\/2025\/02\/turismo-300x213.jpg",300,213,true],"medium_large":["https:\/\/diariotiempo.com.uy\/noticias\/wp-content\/uploads\/2025\/02\/turismo.jpg",529,375,false],"large":["https:\/\/diariotiempo.com.uy\/noticias\/wp-content\/uploads\/2025\/02\/turismo.jpg",529,375,false],"rpg_gallery_admin_thumb":["https:\/\/diariotiempo.com.uy\/noticias\/wp-content\/uploads\/2025\/02\/turismo-150x150.jpg",150,150,true],"rpg_gallery_thumb":["https:\/\/diariotiempo.com.uy\/noticias\/wp-content\/uploads\/2025\/02\/turismo-150x150.jpg",150,150,true],"1536x1536":["https:\/\/diariotiempo.com.uy\/noticias\/wp-content\/uploads\/2025\/02\/turismo.jpg",529,375,false],"2048x2048":["https:\/\/diariotiempo.com.uy\/noticias\/wp-content\/uploads\/2025\/02\/turismo.jpg",529,375,false],"covernews-slider-full":["https:\/\/diariotiempo.com.uy\/noticias\/wp-content\/uploads\/2025\/02\/turismo.jpg",529,375,false],"covernews-slider-center":["https:\/\/diariotiempo.com.uy\/noticias\/wp-content\/uploads\/2025\/02\/turismo.jpg",529,375,false],"covernews-featured":["https:\/\/diariotiempo.com.uy\/noticias\/wp-content\/uploads\/2025\/02\/turismo.jpg",529,375,false],"covernews-medium":["https:\/\/diariotiempo.com.uy\/noticias\/wp-content\/uploads\/2025\/02\/turismo-529x340.jpg",529,340,true],"covernews-medium-square":["https:\/\/diariotiempo.com.uy\/noticias\/wp-content\/uploads\/2025\/02\/turismo-400x250.jpg",400,250,true]},"author_info":{"display_name":"diario","author_link":"https:\/\/diariotiempo.com.uy\/noticias\/author\/diario\/"},"category_info":"<a href=\"https:\/\/diariotiempo.com.uy\/noticias\/category\/nacionales\/\" rel=\"category tag\">NACIONALES<\/a>","tag_info":"NACIONALES","comment_count":"0","_links":{"self":[{"href":"https:\/\/diariotiempo.com.uy\/noticias\/wp-json\/wp\/v2\/posts\/17765","targetHints":{"allow":["GET"]}}],"collection":[{"href":"https:\/\/diariotiempo.com.uy\/noticias\/wp-json\/wp\/v2\/posts"}],"about":[{"href":"https:\/\/diariotiempo.com.uy\/noticias\/wp-json\/wp\/v2\/types\/post"}],"author":[{"embeddable":true,"href":"https:\/\/diariotiempo.com.uy\/noticias\/wp-json\/wp\/v2\/users\/1"}],"replies":[{"embeddable":true,"href":"https:\/\/diariotiempo.com.uy\/noticias\/wp-json\/wp\/v2\/comments?post=17765"}],"version-history":[{"count":2,"href":"https:\/\/diariotiempo.com.uy\/noticias\/wp-json\/wp\/v2\/posts\/17765\/revisions"}],"predecessor-version":[{"id":17768,"href":"https:\/\/diariotiempo.com.uy\/noticias\/wp-json\/wp\/v2\/posts\/17765\/revisions\/17768"}],"wp:featuredmedia":[{"embeddable":true,"href":"https:\/\/diariotiempo.com.uy\/noticias\/wp-json\/wp\/v2\/media\/17766"}],"wp:attachment":[{"href":"https:\/\/diariotiempo.com.uy\/noticias\/wp-json\/wp\/v2\/media?parent=17765"}],"wp:term":[{"taxonomy":"category","embeddable":true,"href":"https:\/\/diariotiempo.com.uy\/noticias\/wp-json\/wp\/v2\/categories?post=17765"},{"taxonomy":"post_tag","embeddable":true,"href":"https:\/\/diariotiempo.com.uy\/noticias\/wp-json\/wp\/v2\/tags?post=17765"}],"curies":[{"name":"wp","href":"https:\/\/api.w.org\/{rel}","templated":true}]}}