{"id":17788,"date":"2025-02-06T11:56:33","date_gmt":"2025-02-06T11:56:33","guid":{"rendered":"https:\/\/diariotiempo.com.uy\/noticias\/?p=17788"},"modified":"2025-02-06T11:56:34","modified_gmt":"2025-02-06T11:56:34","slug":"gobierno-cierra-quinquenio-con-mas-de-111-000-nuevos-puestos-de-trabajo","status":"publish","type":"post","link":"https:\/\/diariotiempo.com.uy\/noticias\/2025\/02\/06\/gobierno-cierra-quinquenio-con-mas-de-111-000-nuevos-puestos-de-trabajo\/","title":{"rendered":"Gobierno cierra quinquenio con m\u00e1s de 111.000 nuevos puestos de trabajo"},"content":{"rendered":"\n<figure class=\"wp-block-image size-full\"><img loading=\"lazy\" decoding=\"async\" width=\"900\" height=\"599\" src=\"https:\/\/diariotiempo.com.uy\/noticias\/wp-content\/uploads\/2025\/02\/CONSEJO-TAPA.jpg\" alt=\"\" class=\"wp-image-17789\" srcset=\"https:\/\/diariotiempo.com.uy\/noticias\/wp-content\/uploads\/2025\/02\/CONSEJO-TAPA.jpg 900w, https:\/\/diariotiempo.com.uy\/noticias\/wp-content\/uploads\/2025\/02\/CONSEJO-TAPA-300x200.jpg 300w, https:\/\/diariotiempo.com.uy\/noticias\/wp-content\/uploads\/2025\/02\/CONSEJO-TAPA-768x511.jpg 768w\" sizes=\"auto, (max-width: 900px) 100vw, 900px\" \/><\/figure>\n\n\n\n<p>El presidente de la Rep\u00fablica, Luis Lacalle Pou, encabez\u00f3 este lunes 3 la pen\u00faltima sesi\u00f3n del Consejo de Ministros del per\u00edodo e inst\u00f3 a su equipo a trabajar con la misma energ\u00eda y vocaci\u00f3n de servicio de estos 5 a\u00f1os. La ministra de Econom\u00eda, Azucena Arbeleche, dijo que el quinquenio cierra con un mejor pa\u00eds en materia econ\u00f3mica, fiscal, de salario real y empleo para los uruguayos, con 111.304 puestos de trabajo creados.<\/p>\n\n\n\n<p>El encuentro, realizado en la Torre Ejecutiva, fue de car\u00e1cter ampliado y con la participaci\u00f3n de la vicepresidenta de la Rep\u00fablica, Beatriz Argim\u00f3n, los ministros del gabinete de Gobierno y autoridades de otros organismos p\u00fablicos. &nbsp;Cuando finaliz\u00f3, Arbeleche repas\u00f3, en una conferencia de prensa, junto con sus pares de Trabajo y Seguridad Social (MTSS), Mario Arizti; Vivienda y Ordenamiento Territorial (MVOT), Ra\u00fal Lozano, y Turismo (Mintur), Eduardo Sanguinetti, los alcances.<\/p>\n\n\n\n<p>Se trat\u00f3 de la pen\u00faltima sesi\u00f3n del Consejo de Ministros de esta administraci\u00f3n, ya que el \u00faltimo ser\u00e1 el 28 de febrero, inform\u00f3 la titular del Ministerio de Econom\u00eda y Finanzas (MEF), quien explic\u00f3 que Lacalle Pou los convoc\u00f3 para exhortarlos a seguir trabajando durante estos 26 d\u00edas con la misma energ\u00eda, \u00edmpetu y vocaci\u00f3n de servicio de estos cinco a\u00f1os, a \u201cmantener el cuerpo en tensi\u00f3n\u201d hasta el \u00faltimo d\u00eda.<\/p>\n\n\n\n<p>Arbeleche asegur\u00f3 que se viene realizando una transici\u00f3n ordenada, lo que caracteriza a la vocaci\u00f3n republicana de este pa\u00eds, y confi\u00f3 en que as\u00ed seguir\u00e1 siendo. En este contexto, explic\u00f3 que los miembros del gabinete repasaron los principales resultados de las carteras que dirigen y compartieron inauguraciones y tareas pendientes. Ejemplific\u00f3 con su pr\u00f3ximo viaje a Bruselas, junto con el canciller, Omar Paganini, para comenzar las negociaciones y charlas con parlamentarios de la Uni\u00f3n Europea y as\u00ed \u201cdejar lo m\u00e1s cerrado posible\u201d el tema del acuerdo con el Mercosur.<\/p>\n\n\n\n<p>Empleo, salario real, inflaci\u00f3n y pol\u00edtica fiscal<\/p>\n\n\n\n<p>La jerarca record\u00f3 que el principal objetivo de la pol\u00edtica econ\u00f3mica fue generar empleo y que en este per\u00edodo se crearon 111.304 puestos, en su mayor\u00eda formales, comparado con el a\u00f1o 2019. Dijo que la actual gesti\u00f3n comenz\u00f3 con una p\u00e9rdida de 50.000 empleos de la anterior y que le toc\u00f3 atravesar una pandemia y una sequ\u00eda. Inform\u00f3 que se redujo la tasa de informalidad, que se ubicaba en 25% en 2019, y que 2024 cerr\u00f3 con 21,7%. En ese sentido, el ministro Arizti indic\u00f3 que se cuenta con un mercado de trabajo din\u00e1mico \u201ccomo hac\u00eda mucho no se ve\u00eda\u201d. Arbeleche sostuvo que el salario real est\u00e1 un 2,7% por encima de lo que se registraba en 2019. La inflaci\u00f3n era de 8,8%, y cerr\u00f3 en 2024 en 5,5%. Insisti\u00f3 en que van 19 meses en que la inflaci\u00f3n est\u00e1 dentro de rango meta y consider\u00f3 que, con el resultado de enero, se completar\u00edan los 20. \u201cMenos inflaci\u00f3n es m\u00e1s salario real en el bolsillo de las personas, m\u00e1s poder adquisitivo\u201d, enfatiz\u00f3.<\/p>\n\n\n\n<p>En materia de pol\u00edtica fiscal, manifest\u00f3 que el viernes 31 de enero el MEF public\u00f3 el d\u00e9ficit del Gobierno central, con una mejora de 0,5 puntos porcentuales. En 2019, era 3,9%, y en 2024 cerr\u00f3 en 3,4%. Asimismo, indic\u00f3 que el pr\u00f3ximo 12 de febrero la cartera comunicar\u00e1 el resultado estructural, dentro de las nuevas reglas, para mejorar el dinero de los uruguayos y asegur\u00f3 que el progreso ser\u00e1 a\u00fan m\u00e1s importante. Seg\u00fan la ministra, Uruguay ostenta la nota crediticia m\u00e1s alta de su historia y una diferencia entre el precio de oferta y demanda (spread) de 80 puntos b\u00e1sicos, mientras que en 2019 era de 150. En resumen, valor\u00f3 que este quinquenio cierre con un mejor pa\u00eds en materia econ\u00f3mica, fiscal, de empleo y de salario real. \u201cNo es necesario hacer un ajuste fiscal en 2025\u201d, aclar\u00f3. \u201cEsta administraci\u00f3n est\u00e1 dejando la pol\u00edtica fiscal ordenada\u201d, recalc\u00f3.<\/p>\n\n\n\n<p>Vivienda y Turismo<\/p>\n\n\n\n<p>En alusi\u00f3n al trabajo del MVOT, Lozano asegur\u00f3 que contin\u00faa al mismo ritmo que cuando asumieron y mencion\u00f3 pr\u00f3ximas inauguraciones en el interior del pa\u00eds, la mayor\u00eda vinculadas al plan Avanzar, proyecto que viene cumpliendo las expectativas, dijo. El mi\u00e9rcoles 5 de febrero entregar\u00e1n viviendas en Paso de los Toros, el lunes 10 en Minas y el mi\u00e9rcoles 12 en Paysand\u00fa.<\/p>\n\n\n\n<p>En este contexto, indic\u00f3 que se cumplir\u00e1 con la meta de completar 15.000 casas en el quinquenio, sumado a otros programas enfocados en favorecer el acceso a la vivienda, por lo que se alcanz\u00f3 un r\u00e9cord en cuanto a la construcci\u00f3n de vivienda promovida, de ocupaci\u00f3n, en construcci\u00f3n y terminada.<\/p>\n\n\n\n<p>Sanguinetti, en tanto, explic\u00f3 que, si bien los datos oficiales se conocer\u00e1n sobre el 20 de febrero, estaba en condiciones de adelantar que fue un enero muy bueno para el sector tur\u00edstico y record\u00f3 que el a\u00f1o pasado se increment\u00f3 un 13% el consumo de los turistas y creci\u00f3 un 22% &nbsp;el turismo interno, por lo que se consolid\u00f3 un 62% de aumento de la actividad en todo el quinquenio.<\/p>\n\n\n\n<p>Foto y nota Presidencia<\/p>\n","protected":false},"excerpt":{"rendered":"<p>El presidente de la Rep\u00fablica, Luis Lacalle Pou, encabez\u00f3 este lunes 3 la pen\u00faltima sesi\u00f3n&#8230;<\/p>\n","protected":false},"author":1,"featured_media":17789,"comment_status":"closed","ping_status":"closed","sticky":false,"template":"","format":"standard","meta":{"_monsterinsights_skip_tracking":false,"_monsterinsights_sitenote_active":false,"_monsterinsights_sitenote_note":"","_monsterinsights_sitenote_category":0,"footnotes":""},"categories":[11],"tags":[],"class_list":["post-17788","post","type-post","status-publish","format-standard","has-post-thumbnail","hentry","category-noticia-destacada"],"featured_image_urls":{"full":["https:\/\/diariotiempo.com.uy\/noticias\/wp-content\/uploads\/2025\/02\/CONSEJO-TAPA.jpg",900,599,false],"thumbnail":["https:\/\/diariotiempo.com.uy\/noticias\/wp-content\/uploads\/2025\/02\/CONSEJO-TAPA-150x150.jpg",150,150,true],"medium":["https:\/\/diariotiempo.com.uy\/noticias\/wp-content\/uploads\/2025\/02\/CONSEJO-TAPA-300x200.jpg",300,200,true],"medium_large":["https:\/\/diariotiempo.com.uy\/noticias\/wp-content\/uploads\/2025\/02\/CONSEJO-TAPA-768x511.jpg",640,426,true],"large":["https:\/\/diariotiempo.com.uy\/noticias\/wp-content\/uploads\/2025\/02\/CONSEJO-TAPA.jpg",640,426,false],"rpg_gallery_admin_thumb":["https:\/\/diariotiempo.com.uy\/noticias\/wp-content\/uploads\/2025\/02\/CONSEJO-TAPA-150x150.jpg",150,150,true],"rpg_gallery_thumb":["https:\/\/diariotiempo.com.uy\/noticias\/wp-content\/uploads\/2025\/02\/CONSEJO-TAPA-150x150.jpg",150,150,true],"1536x1536":["https:\/\/diariotiempo.com.uy\/noticias\/wp-content\/uploads\/2025\/02\/CONSEJO-TAPA.jpg",900,599,false],"2048x2048":["https:\/\/diariotiempo.com.uy\/noticias\/wp-content\/uploads\/2025\/02\/CONSEJO-TAPA.jpg",900,599,false],"covernews-slider-full":["https:\/\/diariotiempo.com.uy\/noticias\/wp-content\/uploads\/2025\/02\/CONSEJO-TAPA.jpg",900,599,false],"covernews-slider-center":["https:\/\/diariotiempo.com.uy\/noticias\/wp-content\/uploads\/2025\/02\/CONSEJO-TAPA-800x500.jpg",800,500,true],"covernews-featured":["https:\/\/diariotiempo.com.uy\/noticias\/wp-content\/uploads\/2025\/02\/CONSEJO-TAPA.jpg",900,599,false],"covernews-medium":["https:\/\/diariotiempo.com.uy\/noticias\/wp-content\/uploads\/2025\/02\/CONSEJO-TAPA-540x340.jpg",540,340,true],"covernews-medium-square":["https:\/\/diariotiempo.com.uy\/noticias\/wp-content\/uploads\/2025\/02\/CONSEJO-TAPA-400x250.jpg",400,250,true]},"author_info":{"display_name":"diario","author_link":"https:\/\/diariotiempo.com.uy\/noticias\/author\/diario\/"},"category_info":"<a href=\"https:\/\/diariotiempo.com.uy\/noticias\/category\/noticia-destacada\/\" rel=\"category tag\">NOTICIA DESTACADA<\/a>","tag_info":"NOTICIA DESTACADA","comment_count":"0","_links":{"self":[{"href":"https:\/\/diariotiempo.com.uy\/noticias\/wp-json\/wp\/v2\/posts\/17788","targetHints":{"allow":["GET"]}}],"collection":[{"href":"https:\/\/diariotiempo.com.uy\/noticias\/wp-json\/wp\/v2\/posts"}],"about":[{"href":"https:\/\/diariotiempo.com.uy\/noticias\/wp-json\/wp\/v2\/types\/post"}],"author":[{"embeddable":true,"href":"https:\/\/diariotiempo.com.uy\/noticias\/wp-json\/wp\/v2\/users\/1"}],"replies":[{"embeddable":true,"href":"https:\/\/diariotiempo.com.uy\/noticias\/wp-json\/wp\/v2\/comments?post=17788"}],"version-history":[{"count":1,"href":"https:\/\/diariotiempo.com.uy\/noticias\/wp-json\/wp\/v2\/posts\/17788\/revisions"}],"predecessor-version":[{"id":17790,"href":"https:\/\/diariotiempo.com.uy\/noticias\/wp-json\/wp\/v2\/posts\/17788\/revisions\/17790"}],"wp:featuredmedia":[{"embeddable":true,"href":"https:\/\/diariotiempo.com.uy\/noticias\/wp-json\/wp\/v2\/media\/17789"}],"wp:attachment":[{"href":"https:\/\/diariotiempo.com.uy\/noticias\/wp-json\/wp\/v2\/media?parent=17788"}],"wp:term":[{"taxonomy":"category","embeddable":true,"href":"https:\/\/diariotiempo.com.uy\/noticias\/wp-json\/wp\/v2\/categories?post=17788"},{"taxonomy":"post_tag","embeddable":true,"href":"https:\/\/diariotiempo.com.uy\/noticias\/wp-json\/wp\/v2\/tags?post=17788"}],"curies":[{"name":"wp","href":"https:\/\/api.w.org\/{rel}","templated":true}]}}