{"id":17820,"date":"2025-02-07T20:10:01","date_gmt":"2025-02-07T20:10:01","guid":{"rendered":"https:\/\/diariotiempo.com.uy\/noticias\/?p=17820"},"modified":"2025-02-07T20:10:02","modified_gmt":"2025-02-07T20:10:02","slug":"mas-de-70-000-personas-disfrutaron-de-otro-exitoso-canelones-suena-bien","status":"publish","type":"post","link":"https:\/\/diariotiempo.com.uy\/noticias\/2025\/02\/07\/mas-de-70-000-personas-disfrutaron-de-otro-exitoso-canelones-suena-bien\/","title":{"rendered":"M\u00e1s de 70.000 personas disfrutaron de otro exitoso Canelones Suena Bien"},"content":{"rendered":"\n<figure class=\"wp-block-gallery has-nested-images columns-default is-cropped wp-block-gallery-1 is-layout-flex wp-block-gallery-is-layout-flex\">\n<figure class=\"wp-block-image size-large\"><img loading=\"lazy\" decoding=\"async\" width=\"800\" height=\"533\" data-id=\"17821\" src=\"https:\/\/diariotiempo.com.uy\/noticias\/wp-content\/uploads\/2025\/02\/atlantida.jpg\" alt=\"\" class=\"wp-image-17821\" srcset=\"https:\/\/diariotiempo.com.uy\/noticias\/wp-content\/uploads\/2025\/02\/atlantida.jpg 800w, https:\/\/diariotiempo.com.uy\/noticias\/wp-content\/uploads\/2025\/02\/atlantida-300x200.jpg 300w, https:\/\/diariotiempo.com.uy\/noticias\/wp-content\/uploads\/2025\/02\/atlantida-768x512.jpg 768w\" sizes=\"auto, (max-width: 800px) 100vw, 800px\" \/><\/figure>\n\n\n\n<figure class=\"wp-block-image size-large\"><img loading=\"lazy\" decoding=\"async\" width=\"800\" height=\"533\" data-id=\"17822\" src=\"https:\/\/diariotiempo.com.uy\/noticias\/wp-content\/uploads\/2025\/02\/atlantida-dos.jpg\" alt=\"\" class=\"wp-image-17822\" srcset=\"https:\/\/diariotiempo.com.uy\/noticias\/wp-content\/uploads\/2025\/02\/atlantida-dos.jpg 800w, https:\/\/diariotiempo.com.uy\/noticias\/wp-content\/uploads\/2025\/02\/atlantida-dos-300x200.jpg 300w, https:\/\/diariotiempo.com.uy\/noticias\/wp-content\/uploads\/2025\/02\/atlantida-dos-768x512.jpg 768w\" sizes=\"auto, (max-width: 800px) 100vw, 800px\" \/><\/figure>\n<\/figure>\n\n\n\n<p>La edici\u00f3n 2025 del Canelones Suena Bien tuvo un cierre espectacular el s\u00e1bado 1\u00b0 de febrero, con m\u00e1s de 45.000 personas que llegaron al principal balneario del departamento para observar los shows de Costeros Crew, Mesita y Nicki Nicole. Teniendo en cuenta que el pasado jueves hab\u00edan sido 25.000 las personas que acudieron a ver a Oriah, El Gato de Ponce y Divididos, el cuarto ciclo se cerr\u00f3 con m\u00e1s de 70.000 espectadores, superando todos los pron\u00f3sticos y alcanzando con creces los objetivos trazados.<\/p>\n\n\n\n<p>Este s\u00e1bado se observ\u00f3 un p\u00fablico sumamente joven y muy participativo, que le aport\u00f3 al evento un toque de frescura muy particular. Gracias al trabajo de un gran equipo de producci\u00f3n, todos los detalles fueron cubiertos a la perfecci\u00f3n y las familias que acudieron pudieron disfrutar de la propuesta sin preocupaciones.<\/p>\n\n\n\n<p>Con este excelente marco de p\u00fablico los emprendedores canarios pudieron hacer conocer sus productos, los food trucks generaron importantes ventas, los comercios de toda la Costa de Oro mostraron un movimiento inusual y los operadores tur\u00edsticos y gastron\u00f3micos tuvieron ocupaci\u00f3n plena.<\/p>\n\n\n\n<p><strong>La calidad del espect\u00e1culo y la energ\u00eda de la gente<\/strong><\/p>\n\n\n\n<p>Desde el primer al \u00faltimo recital, esa enorme cantidad de p\u00fablico, principalmente compuesta por adolescentes y j\u00f3venes, salt\u00f3, bail\u00f3 y cant\u00f3, generando una energ\u00eda muy especial que fue destacada incluso por los propios artistas. As\u00ed lo dej\u00f3 ver Nicki Nicole desde el escenario al elogiar la convocatoria y pedir \u201cque esta noche sea eterna\u201d para continuar disfrutando del ida y vuelta que se dio durante todo el show.<\/p>\n\n\n\n<p>La argentina, que ofreci\u00f3 un espect\u00e1culo impecable, cant\u00f3 todos sus \u00e9xitos. En determinado momento baj\u00f3 del escenario para conectar con la gente. Se sac\u00f3 fotograf\u00edas, entreg\u00f3 abrazos y besos en medio de una de sus canciones m\u00e1s populares y se cubri\u00f3 con la bandera uruguaya para homenajear al publico anfitri\u00f3n.<\/p>\n\n\n\n<p><strong>Artistas canarios en escena<\/strong><\/p>\n\n\n\n<p>Antes del show de Nicki Nicole, el uruguayo Mesita hab\u00eda demostrado su enorme momento de popularidad, que lo ha llevado de su Solymar natal a los principales escenarios internacionales de los g\u00e9neros urbanos. \u201cEs el primer show masivo en Uruguay (de este estilo musical) y fue una experiencia incre\u00edble para m\u00ed, creo que para la gente tambi\u00e9n\u201d, dijo. Adem\u00e1s, remarc\u00f3 el esfuerzo de organizaci\u00f3n de la Intendencia de Canelones como \u201cuna muy buena iniciativa\u201d ya que permite que mucha gente pueda disfrutar de un gran evento del verano con entrada gratuita.<\/p>\n\n\n\n<p>La jornada hab\u00eda iniciado con Costeros Crew, un colectivo canario que se dedica a potenciar las carreras art\u00edsticas individuales de sus integrantes mediante un proyecto en equipo, una idea que encontr\u00f3 en el Gobierno de Canelones el respaldo para poder presentarse en diferentes encuentros musicales nacionales e internacionales. El espect\u00e1culo que ofrecieron en esta edici\u00f3n de Canelones Suena Bien fue excelente. La gente respondi\u00f3 de manera fant\u00e1stica y los despidi\u00f3 con una verdadera ovaci\u00f3n.\u201cAntes de subir ten\u00edamos mucha incertidumbre, despu\u00e9s nos sentimos muy apa\u00f1ados por la gente, nos descontracturamos y sentimos la energ\u00eda que nos mandaron desde abajo\u201d, cont\u00f3 Guillermo, uno de los integrantes del grupo. Para \u00e9l y sus compa\u00f1eros, Canelones Suena Bien es un \u201cgran proyecto\u201d que potencia la escena local. \u201cNo lo digo solamente por nosotros en particular, sino porque creo que en este tipo de eventos se cultivan muchas semillas que luego pueden crecer\u201d, agreg\u00f3.<\/p>\n\n\n\n<p><strong>En la agenda de las grandes fiestas del pa\u00eds<\/strong><\/p>\n\n\n\n<p>En el sector de autoridades se lo vio al Presidente electo y ex Intendente de Canelones, Prof. Yamand\u00fa Orsi, quien acudi\u00f3 al evento en familia. All\u00ed dialog\u00f3 con el Intendente Metediera, el Secretario General, Dr. Esc. Francisco Legnani, los artistas y el p\u00fablico presente. Orsi afirm\u00f3 que acudi\u00f3 por varios motivos: como alguien que fue parte de la creaci\u00f3n del proyecto en su etapa de intendente, como vecino de Salinas y como padre de adolescentes. \u201cMis hijos ya tienen 12 a\u00f1os, entonces si nos los traigo yo, ellos me traen a m\u00ed\u201d, brome\u00f3.<\/p>\n\n\n\n<p>El ex intendente canario se mostr\u00f3 sorprendido por la convocatoria de la jornada y asegur\u00f3 que desde temprano se pod\u00eda percibir el movimiento. \u201cYo fui a hacer unos mandados en Salinas y ya las paradas estaban llenas. Ahora ven\u00edamos para ac\u00e1 y comprobamos que esto explot\u00f3. La gurisada se lo merece\u201d, afirm\u00f3. A su vez, consider\u00f3 que Canelones Suena Bien ha puesto al departamento en el \u201ctapete latinoamericano\u201d debido al nivel de los artistas que son contratados en cada ocasi\u00f3n y lo consider\u00f3 una herramienta fundamental para recibir visitantes de nuestro pa\u00eds y el exterior.<\/p>\n\n\n\n<p>Orsi asegur\u00f3 que existe en la actualidad un turista de espect\u00e1culos muy particular, gente de mediana edad que se ve atra\u00edda por paseos que incluyen ferias, shows y eventos de diferente naturaleza. \u201cTe van a ver tanto espect\u00e1culos de folclore como a Divididos, como pas\u00f3 el otro d\u00eda. En cada rinc\u00f3n del pa\u00eds ten\u00e9s una explosi\u00f3n de cultura que hay que sostener y alimentar\u201d, agreg\u00f3 el futuro presidente.<\/p>\n\n\n\n<p>Por su parte, el intendente Metediera afirm\u00f3 con satisfacci\u00f3n que se superaron las expectativas previas. \u201cPens\u00e1bamos tener unas 30.000 personas hoy, pero hemos superado ampliamente las 40.000\u201d, dijo en el momento en que iniciaba el show de Nicki Nicole. Asimismo, valor\u00f3 la presencia de las familias en el predio disfrutando gracias a lo que calific\u00f3 como una excelente organizaci\u00f3n. Una vez m\u00e1s, el jerarca subray\u00f3 la presencia de los artistas canarios Oriah, El Gato de Ponce y Costeros Crew, que oficiaron de teloneros exhibiendo un gran nivel.<\/p>\n\n\n\n<p>Tambi\u00e9n insisti\u00f3 en la necesidad de continuar invirtiendo en cultura en todo el departamento. Al respecto, record\u00f3 que actualmente Canelones cuenta con siete espacios culturales, 28 centros culturales, un nuevo anfiteatro en La Paz y usinas audiovisuales que permiten que los artistas del departamento puedan acceder a producir sus materiales con los m\u00e1s altos est\u00e1ndares t\u00e9cnicos, entre otras inversiones.<\/p>\n\n\n\n<p>El Director General de Cultura, Sergio Mach\u00edn, describi\u00f3 la noche como \u201cun momento m\u00e1gico\u201d. Sostuvo que Canelones Suena Bien es un proyecto que lleg\u00f3 con el fin de reposicionar al principal balneario del departamento, objetivo que, a juzgar por la circulaci\u00f3n de informaci\u00f3n y contenidos en medios de comunicaci\u00f3n y redes sociales y la gran afluencia de p\u00fablico, se viene logrando. \u201cHay una gran apuesta de la Intendencia de Canelones a la cultura en el entendido de que es el motor del desarrollo local. Es una de las apuestas grandes de esta gesti\u00f3n que tiene que ver con eventos que calen hondo en las comunidades y que se vayan desarrollando con el tiempo\u201d, apunt\u00f3 Mach\u00edn.<\/p>\n\n\n\n<p><strong>De todas partes vienen<\/strong><\/p>\n\n\n\n<p>Result\u00f3 sumamente interesante observar desde el atardecer el incesante flujo de personas que llegaban entusiasmadas para disfrutar del evento en la manzana cero de Atl\u00e1ntida. Hombres y mujeres; adolescentes, ni\u00f1as y ni\u00f1os de diferentes edades y estilos; familias enteras. Muchos eran vecinos y vecinas de la Costa de Oro o extranjeros que se encuentran veraneando en la zona. Otros llegaron desde Montevideo, Maldonado y los m\u00e1s diversos rincones de nuestro pa\u00eds. Incluso algunos vinieron espec\u00edficamente desde Argentina para la ocasi\u00f3n.<\/p>\n\n\n\n<p>Andr\u00e9s es de Montevideo y vino a la Costa de Oro a pasar un fin de semana en Atl\u00e1ntida aprovechando el Canelones Suena Bien. \u00c9l y sus siete amigos opinaron que se trata de una propuesta muy interesante que \u201cle da vida al balneario\u201d. En su caso, se vieron atra\u00eddos por la cartelera del s\u00e1bado. \u201cNicki Nicole la rompe y Mesita la rompe mucho m\u00e1s\u201d, consider\u00f3, \u201chay que fomentar la cultura uruguaya\u201d. Erika vino con su grupo de allegados desde Rivera espec\u00edficamente para la ocasi\u00f3n y se mostr\u00f3 feliz de haber decidido realizar un viaje tan largo. \u201cMe parece que est\u00e1 muy lindo poder disfrutar de Canelones y Atl\u00e1ntida, que es un lugar precioso que tenemos en Uruguay y que no lo valoramos\u201d, remarc\u00f3.<\/p>\n\n\n\n<p>Pablo de Solymar es un verdadero fan\u00e1tico de los Canelones Suena Bien. Acudi\u00f3 el jueves para disfrutar de Divididos y el s\u00e1bado volvi\u00f3, pero esta vez acompa\u00f1ado de sus tres hijos para ver a Nicki Nicole. \u201cEs una muy buena propuesta y es muy bueno que sea gratis para que todo el mundo pueda acceder\u201d.<\/p>\n\n\n\n<p>Tambi\u00e9n acompa\u00f1adas por sus hijas y amigas acudieron dos j\u00f3venes madres desde Ciudad de la Costa. Natalia, una de ellas, afirm\u00f3 que este evento es \u201cel mejor plan\u201d, ya que se trata de un entretenimiento para todo p\u00fablico. Resalt\u00f3 que \u201cest\u00e1 bastante bien organizado, eso est\u00e1 bueno para poder venir con ni\u00f1os\u201d.<\/p>\n\n\n\n<p>Pero no solo se vieron caras j\u00f3venes entre los concurrentes. Mar\u00eda Esther, una se\u00f1ora mayor, se encontr\u00f3 con un numeroso grupo de amigas en el lugar. Se ubicaron con sus sillas playeras bastante alejadas de la zona de mayor aglomeraci\u00f3n de p\u00fablico. Desde all\u00ed siguieron todos los recitales aprovechando las enormes pantallas gigantes y dej\u00e1ndose acariciar por la agradable brisa del verano atlantidense. All\u00ed nos dijo: \u201cme gusta mucho la propuesta, es interesante, le da mucha vida a Atl\u00e1ntida\u201d.<\/p>\n\n\n\n<p><strong>El resultado de meses de trabajo<\/strong><\/p>\n\n\n\n<p>Al cierre de la jornada, el Director de Producci\u00f3n Cultural de la Intendencia, Gustavo Berriel, resumi\u00f3 con un pulgar arriba el \u00e9xito de este nuevo Canelones Suena Bien. A un costado, algunas de las integrantes del staff de producci\u00f3n se abrazaban y celebraban que todo funcion\u00f3 a la perfecci\u00f3n. Otros re\u00edan y recordaban los principales momentos de las dos intensas noches que arrojaron los mejores resultados. \u201cFue mucho tiempo de coordinaci\u00f3n de un equipo enorme que tenemos. Nos instalamos aqu\u00ed en el predio desde el 15 de enero, pero en realidad venimos hace meses con el armado de la grilla, el pienso, dise\u00f1os, arte. Hay arquitectos que planifican el escenario y muchos otros aspectos que son fundamentales para lograr esto. &nbsp;Foto IMC<\/p>\n","protected":false},"excerpt":{"rendered":"<p>La edici\u00f3n 2025 del Canelones Suena Bien tuvo un cierre espectacular el s\u00e1bado 1\u00b0 de&#8230;<\/p>\n","protected":false},"author":1,"featured_media":17822,"comment_status":"closed","ping_status":"closed","sticky":false,"template":"","format":"standard","meta":{"_monsterinsights_skip_tracking":false,"_monsterinsights_sitenote_active":false,"_monsterinsights_sitenote_note":"","_monsterinsights_sitenote_category":0,"footnotes":""},"categories":[25],"tags":[],"class_list":["post-17820","post","type-post","status-publish","format-standard","has-post-thumbnail","hentry","category-atlantida"],"featured_image_urls":{"full":["https:\/\/diariotiempo.com.uy\/noticias\/wp-content\/uploads\/2025\/02\/atlantida-dos.jpg",800,533,false],"thumbnail":["https:\/\/diariotiempo.com.uy\/noticias\/wp-content\/uploads\/2025\/02\/atlantida-dos-150x150.jpg",150,150,true],"medium":["https:\/\/diariotiempo.com.uy\/noticias\/wp-content\/uploads\/2025\/02\/atlantida-dos-300x200.jpg",300,200,true],"medium_large":["https:\/\/diariotiempo.com.uy\/noticias\/wp-content\/uploads\/2025\/02\/atlantida-dos-768x512.jpg",640,427,true],"large":["https:\/\/diariotiempo.com.uy\/noticias\/wp-content\/uploads\/2025\/02\/atlantida-dos.jpg",640,426,false],"rpg_gallery_admin_thumb":["https:\/\/diariotiempo.com.uy\/noticias\/wp-content\/uploads\/2025\/02\/atlantida-dos-150x150.jpg",150,150,true],"rpg_gallery_thumb":["https:\/\/diariotiempo.com.uy\/noticias\/wp-content\/uploads\/2025\/02\/atlantida-dos-150x150.jpg",150,150,true],"1536x1536":["https:\/\/diariotiempo.com.uy\/noticias\/wp-content\/uploads\/2025\/02\/atlantida-dos.jpg",800,533,false],"2048x2048":["https:\/\/diariotiempo.com.uy\/noticias\/wp-content\/uploads\/2025\/02\/atlantida-dos.jpg",800,533,false],"covernews-slider-full":["https:\/\/diariotiempo.com.uy\/noticias\/wp-content\/uploads\/2025\/02\/atlantida-dos.jpg",800,533,false],"covernews-slider-center":["https:\/\/diariotiempo.com.uy\/noticias\/wp-content\/uploads\/2025\/02\/atlantida-dos-800x500.jpg",800,500,true],"covernews-featured":["https:\/\/diariotiempo.com.uy\/noticias\/wp-content\/uploads\/2025\/02\/atlantida-dos.jpg",800,533,false],"covernews-medium":["https:\/\/diariotiempo.com.uy\/noticias\/wp-content\/uploads\/2025\/02\/atlantida-dos-540x340.jpg",540,340,true],"covernews-medium-square":["https:\/\/diariotiempo.com.uy\/noticias\/wp-content\/uploads\/2025\/02\/atlantida-dos-400x250.jpg",400,250,true]},"author_info":{"display_name":"diario","author_link":"https:\/\/diariotiempo.com.uy\/noticias\/author\/diario\/"},"category_info":"<a href=\"https:\/\/diariotiempo.com.uy\/noticias\/category\/departamental\/atlantida\/\" rel=\"category tag\">Atl\u00e1ntida<\/a>","tag_info":"Atl\u00e1ntida","comment_count":"0","_links":{"self":[{"href":"https:\/\/diariotiempo.com.uy\/noticias\/wp-json\/wp\/v2\/posts\/17820","targetHints":{"allow":["GET"]}}],"collection":[{"href":"https:\/\/diariotiempo.com.uy\/noticias\/wp-json\/wp\/v2\/posts"}],"about":[{"href":"https:\/\/diariotiempo.com.uy\/noticias\/wp-json\/wp\/v2\/types\/post"}],"author":[{"embeddable":true,"href":"https:\/\/diariotiempo.com.uy\/noticias\/wp-json\/wp\/v2\/users\/1"}],"replies":[{"embeddable":true,"href":"https:\/\/diariotiempo.com.uy\/noticias\/wp-json\/wp\/v2\/comments?post=17820"}],"version-history":[{"count":1,"href":"https:\/\/diariotiempo.com.uy\/noticias\/wp-json\/wp\/v2\/posts\/17820\/revisions"}],"predecessor-version":[{"id":17823,"href":"https:\/\/diariotiempo.com.uy\/noticias\/wp-json\/wp\/v2\/posts\/17820\/revisions\/17823"}],"wp:featuredmedia":[{"embeddable":true,"href":"https:\/\/diariotiempo.com.uy\/noticias\/wp-json\/wp\/v2\/media\/17822"}],"wp:attachment":[{"href":"https:\/\/diariotiempo.com.uy\/noticias\/wp-json\/wp\/v2\/media?parent=17820"}],"wp:term":[{"taxonomy":"category","embeddable":true,"href":"https:\/\/diariotiempo.com.uy\/noticias\/wp-json\/wp\/v2\/categories?post=17820"},{"taxonomy":"post_tag","embeddable":true,"href":"https:\/\/diariotiempo.com.uy\/noticias\/wp-json\/wp\/v2\/tags?post=17820"}],"curies":[{"name":"wp","href":"https:\/\/api.w.org\/{rel}","templated":true}]}}