{"id":17851,"date":"2025-02-10T21:48:24","date_gmt":"2025-02-10T21:48:24","guid":{"rendered":"https:\/\/diariotiempo.com.uy\/noticias\/?p=17851"},"modified":"2025-02-10T21:48:25","modified_gmt":"2025-02-10T21:48:25","slug":"fiesta-de-la-patria-gaucha-se-realizara-del-15-al-23-de-marzo-en-tacuarembo","status":"publish","type":"post","link":"https:\/\/diariotiempo.com.uy\/noticias\/2025\/02\/10\/fiesta-de-la-patria-gaucha-se-realizara-del-15-al-23-de-marzo-en-tacuarembo\/","title":{"rendered":"Fiesta de la Patria Gaucha se realizar\u00e1\u00a0del 15 al 23 de marzo en Tacuaremb\u00f3"},"content":{"rendered":"\n<figure class=\"wp-block-image size-full\"><img loading=\"lazy\" decoding=\"async\" width=\"900\" height=\"599\" src=\"https:\/\/diariotiempo.com.uy\/noticias\/wp-content\/uploads\/2025\/02\/patria.jpg\" alt=\"\" class=\"wp-image-17852\" srcset=\"https:\/\/diariotiempo.com.uy\/noticias\/wp-content\/uploads\/2025\/02\/patria.jpg 900w, https:\/\/diariotiempo.com.uy\/noticias\/wp-content\/uploads\/2025\/02\/patria-300x200.jpg 300w, https:\/\/diariotiempo.com.uy\/noticias\/wp-content\/uploads\/2025\/02\/patria-768x511.jpg 768w\" sizes=\"auto, (max-width: 900px) 100vw, 900px\" \/><\/figure>\n\n\n\n<p>El Ministerio de Turismo y la Intendencia de Tacuaremb\u00f3 presentaron la 38.\u00aa edici\u00f3n de la Fiesta de la Patria Gaucha, que se desarrollar\u00e1 en el predio de la laguna de las Lavanderas. El ministro de Turismo, Eduardo Sanguinetti, consider\u00f3 que es uno de los eventos m\u00e1s populares del pa\u00eds, ya que busca fortalecer la identidad a trav\u00e9s de la tradici\u00f3n. Tambi\u00e9n inform\u00f3 que en 2024 el turismo interno creci\u00f3 22% con respecto a 2023.<\/p>\n\n\n\n<p>La presentaci\u00f3n se efectu\u00f3 este martes 4. Adem\u00e1s de Sanguinetti, participaron el subsecretario de Turismo, Remo Monzeglio; el intendente de Tacuaremb\u00f3, Wilson Ezquerra, y el presidente de la comisi\u00f3n organizadora de la celebraci\u00f3n, Hugo Pereda.<\/p>\n\n\n\n<p>La 38.\u00aa edici\u00f3n de la Fiesta de la Patria Gaucha se realizar\u00e1 entre el 15 y el 23 de marzo en el predio de la laguna de las Lavanderas, en Tacuaremb\u00f3. Sanguinetti se\u00f1al\u00f3 que se trata de una actividad a la que asistir en familia o con amigos y que ofrece atracciones para todos los p\u00fablicos.<\/p>\n\n\n\n<p>Adem\u00e1s de la recreaci\u00f3n de la vida tradicional del campo, los desfiles gauchos y las actividades criollas, quienes concurran podr\u00e1n disfrutar de espect\u00e1culos a cargo de destacados artistas nacionales e internacionales. Tambi\u00e9n podr\u00e1n degustar gastronom\u00eda t\u00edpica, entre otras actividades.<\/p>\n\n\n\n<p>El jerarca destac\u00f3 el efecto de esta festividad en el resto del quehacer local, en particular, en hoteles, restaurantes y otros servicios. \u201cEso emplea y da mucho trabajo. Econ\u00f3micamente, le sirve mucho a la zona y la regi\u00f3n\u201d, expres\u00f3.<\/p>\n\n\n\n<p>En otro orden, se\u00f1al\u00f3 que en 2024 el turismo interno creci\u00f3 un 22% con respecto a 2023. Si se compara con 2020, el incremento fue de 62%, agreg\u00f3. Esta recuperaci\u00f3n es el resultado de las pol\u00edticas implementadas por la secretar\u00eda de Estado, orientadas a promocionar los destinos de todos los departamentos, asegur\u00f3.<\/p>\n","protected":false},"excerpt":{"rendered":"<p>El Ministerio de Turismo y la Intendencia de Tacuaremb\u00f3 presentaron la 38.\u00aa edici\u00f3n de la&#8230;<\/p>\n","protected":false},"author":1,"featured_media":17852,"comment_status":"closed","ping_status":"closed","sticky":false,"template":"","format":"standard","meta":{"_monsterinsights_skip_tracking":false,"_monsterinsights_sitenote_active":false,"_monsterinsights_sitenote_note":"","_monsterinsights_sitenote_category":0,"footnotes":""},"categories":[79],"tags":[],"class_list":["post-17851","post","type-post","status-publish","format-standard","has-post-thumbnail","hentry","category-nacionales"],"featured_image_urls":{"full":["https:\/\/diariotiempo.com.uy\/noticias\/wp-content\/uploads\/2025\/02\/patria.jpg",900,599,false],"thumbnail":["https:\/\/diariotiempo.com.uy\/noticias\/wp-content\/uploads\/2025\/02\/patria-150x150.jpg",150,150,true],"medium":["https:\/\/diariotiempo.com.uy\/noticias\/wp-content\/uploads\/2025\/02\/patria-300x200.jpg",300,200,true],"medium_large":["https:\/\/diariotiempo.com.uy\/noticias\/wp-content\/uploads\/2025\/02\/patria-768x511.jpg",640,426,true],"large":["https:\/\/diariotiempo.com.uy\/noticias\/wp-content\/uploads\/2025\/02\/patria.jpg",640,426,false],"rpg_gallery_admin_thumb":["https:\/\/diariotiempo.com.uy\/noticias\/wp-content\/uploads\/2025\/02\/patria-150x150.jpg",150,150,true],"rpg_gallery_thumb":["https:\/\/diariotiempo.com.uy\/noticias\/wp-content\/uploads\/2025\/02\/patria-150x150.jpg",150,150,true],"1536x1536":["https:\/\/diariotiempo.com.uy\/noticias\/wp-content\/uploads\/2025\/02\/patria.jpg",900,599,false],"2048x2048":["https:\/\/diariotiempo.com.uy\/noticias\/wp-content\/uploads\/2025\/02\/patria.jpg",900,599,false],"covernews-slider-full":["https:\/\/diariotiempo.com.uy\/noticias\/wp-content\/uploads\/2025\/02\/patria.jpg",900,599,false],"covernews-slider-center":["https:\/\/diariotiempo.com.uy\/noticias\/wp-content\/uploads\/2025\/02\/patria-800x500.jpg",800,500,true],"covernews-featured":["https:\/\/diariotiempo.com.uy\/noticias\/wp-content\/uploads\/2025\/02\/patria.jpg",900,599,false],"covernews-medium":["https:\/\/diariotiempo.com.uy\/noticias\/wp-content\/uploads\/2025\/02\/patria-540x340.jpg",540,340,true],"covernews-medium-square":["https:\/\/diariotiempo.com.uy\/noticias\/wp-content\/uploads\/2025\/02\/patria-400x250.jpg",400,250,true]},"author_info":{"display_name":"diario","author_link":"https:\/\/diariotiempo.com.uy\/noticias\/author\/diario\/"},"category_info":"<a href=\"https:\/\/diariotiempo.com.uy\/noticias\/category\/nacionales\/\" rel=\"category tag\">NACIONALES<\/a>","tag_info":"NACIONALES","comment_count":"0","_links":{"self":[{"href":"https:\/\/diariotiempo.com.uy\/noticias\/wp-json\/wp\/v2\/posts\/17851","targetHints":{"allow":["GET"]}}],"collection":[{"href":"https:\/\/diariotiempo.com.uy\/noticias\/wp-json\/wp\/v2\/posts"}],"about":[{"href":"https:\/\/diariotiempo.com.uy\/noticias\/wp-json\/wp\/v2\/types\/post"}],"author":[{"embeddable":true,"href":"https:\/\/diariotiempo.com.uy\/noticias\/wp-json\/wp\/v2\/users\/1"}],"replies":[{"embeddable":true,"href":"https:\/\/diariotiempo.com.uy\/noticias\/wp-json\/wp\/v2\/comments?post=17851"}],"version-history":[{"count":1,"href":"https:\/\/diariotiempo.com.uy\/noticias\/wp-json\/wp\/v2\/posts\/17851\/revisions"}],"predecessor-version":[{"id":17853,"href":"https:\/\/diariotiempo.com.uy\/noticias\/wp-json\/wp\/v2\/posts\/17851\/revisions\/17853"}],"wp:featuredmedia":[{"embeddable":true,"href":"https:\/\/diariotiempo.com.uy\/noticias\/wp-json\/wp\/v2\/media\/17852"}],"wp:attachment":[{"href":"https:\/\/diariotiempo.com.uy\/noticias\/wp-json\/wp\/v2\/media?parent=17851"}],"wp:term":[{"taxonomy":"category","embeddable":true,"href":"https:\/\/diariotiempo.com.uy\/noticias\/wp-json\/wp\/v2\/categories?post=17851"},{"taxonomy":"post_tag","embeddable":true,"href":"https:\/\/diariotiempo.com.uy\/noticias\/wp-json\/wp\/v2\/tags?post=17851"}],"curies":[{"name":"wp","href":"https:\/\/api.w.org\/{rel}","templated":true}]}}