{"id":17916,"date":"2025-02-14T22:24:57","date_gmt":"2025-02-14T22:24:57","guid":{"rendered":"https:\/\/diariotiempo.com.uy\/noticias\/?p=17916"},"modified":"2025-02-14T22:24:59","modified_gmt":"2025-02-14T22:24:59","slug":"comenzaron-a-funcionar-consultorios-juridicos-de-la-facultadde-derecho-en-barros-blancos-paso-carrasco-y-18-de-mayo","status":"publish","type":"post","link":"https:\/\/diariotiempo.com.uy\/noticias\/2025\/02\/14\/comenzaron-a-funcionar-consultorios-juridicos-de-la-facultadde-derecho-en-barros-blancos-paso-carrasco-y-18-de-mayo\/","title":{"rendered":"Comenzaron a funcionar consultorios jur\u00eddicos de la Facultadde Derecho en Barros Blancos, Paso Carrasco y 18 de Mayo"},"content":{"rendered":"\n<figure class=\"wp-block-image size-full\"><img loading=\"lazy\" decoding=\"async\" width=\"900\" height=\"601\" src=\"https:\/\/diariotiempo.com.uy\/noticias\/wp-content\/uploads\/2025\/02\/consultorio.jpg\" alt=\"\" class=\"wp-image-17917\" srcset=\"https:\/\/diariotiempo.com.uy\/noticias\/wp-content\/uploads\/2025\/02\/consultorio.jpg 900w, https:\/\/diariotiempo.com.uy\/noticias\/wp-content\/uploads\/2025\/02\/consultorio-300x200.jpg 300w, https:\/\/diariotiempo.com.uy\/noticias\/wp-content\/uploads\/2025\/02\/consultorio-768x513.jpg 768w\" sizes=\"auto, (max-width: 900px) 100vw, 900px\" \/><\/figure>\n\n\n\n<p>Gracias a un acuerdo recientemente firmado entre el Gobierno Departamental y la Universidad de la Rep\u00fablica (Udelar), desde el viernes 7 de febrero comenzaron a funcionar tres consultorios jur\u00eddicos descentralizados, dirigidos por docentes y atendidos por estudiantes procuradores de la carrera de Derecho en los municipios de Paso Carrasco (Centro de Barrio), Barros Blancos (Centro C\u00edvico Salvador Allende) y 18 de Mayo (Casa de la Cultura).<\/p>\n\n\n\n<p>El servicio, que apunta a cubrir una necesidad de acceso a la justicia de poblaciones vulnerables, abarca todas las \u00e1reas legales, con excepci\u00f3n de asuntos penales o de violencia de g\u00e9nero (que son abordados por otros medios) y est\u00e1 disponible de forma gratuita para personas cuyos ingresos mensuales no superen los $ 53.000 nominales. Los d\u00edas destinados para la atenci\u00f3n presencial son los viernes y los turnos se deben solicitar mediante la web de la Facultad de Derecho.<\/p>\n\n\n\n<p>El pasado jueves 6 de febrero, se realiz\u00f3 una reuni\u00f3n de las autoridades con el fin de celebrar la concreci\u00f3n del acuerdo. El Decano de la Facultad de Derecho, Dr. Gonzalo Lorenzo, la Directora del Instituto de T\u00e9cnica Forense, Dra. Mar\u00eda del Carmen Gonz\u00e1lez Piano, y el Director del Consultorio Jur\u00eddico, Dr. Hugo Barone, recibieron al Intendente Marcelo Metediera, quien estuvo acompa\u00f1ado por el Director General de Descentralizaci\u00f3n y Participaci\u00f3n, Ruben Moreno, la Alcaldesa de Paso Carrasco, Ver\u00f3nica Veiga, y la Alcaldesa de 18 de Mayo, Silvia Adriana S\u00e1nchez. Los presentes hicieron uso de la palabra brevemente y cerraron el encuentro con un cerrado aplauso.<\/p>\n\n\n\n<p>Garantizar el acceso a la justicia<\/p>\n\n\n\n<p>El Intendente Metediera afirm\u00f3 que el hecho de generar que una extensi\u00f3n universitaria llegue a territorio, en tres municipios canarios, es fundamental para garantizar el acceso a la justicia de muchas personas que de otro modo no podr\u00edan hacerlo y remarc\u00f3 la importancia estrat\u00e9gica de las localidades escogidas en esta ocasi\u00f3n, dado que cuentan con muchas familias en situaci\u00f3n de vulnerabilidad, est\u00e1n ubicadas en regiones de permanente crecimiento demogr\u00e1fico y son accesibles desde otras ciudades importantes.<\/p>\n\n\n\n<p>\u201cLlegar con este servicio a los lugares donde existe mayor dificultad en t\u00e9rminos econ\u00f3micos y sociales creemos que es sumamente relevante\u201d, dijo el jerarca, remarcando que este tipo de acciones son posibles gracias al buen nivel de relacionamiento que el Gobierno Departamental mantiene con diferentes instituciones. En ese sentido, record\u00f3 que anteriormente se firm\u00f3 un convenio con la Facultad de Medicina para el funcionamiento del Centro de Rehabilitaci\u00f3n de Las Piedras y con la Facultad de Ciencias Sociales para proyectos de car\u00e1cter cultural. \u201cEs un placer ahora concretar este nuevo acuerdo con la Universidad de la Rep\u00fablica para acercar los servicios a la gente. En este caso en un tema clave como es el acceso a la justicia\u201d, agreg\u00f3.<\/p>\n\n\n\n<p>El Director Moreno expres\u00f3 felicidad por la concreci\u00f3n del acuerdo, que permiti\u00f3 habilitar estos consultorios gratuitos en tres puntos espec\u00edficos del departamento en los que, asegur\u00f3, \u201cexisten dificultades con el acceso a profesionales\u201d. Asimismo, adelant\u00f3 que la Intendencia y los municipios han aportado espacios e infraestructura para que el servicio se pueda realizar en buena forma, con comodidad para los procuradores, los profesores y la poblaci\u00f3n.<\/p>\n\n\n\n<p>Afirm\u00f3, adem\u00e1s, que se trata de un nuevo paso fundamental para la descentralizaci\u00f3n y el acceso a los servicios en todo Canelones, a trav\u00e9s de una construcci\u00f3n colectiva permanente de la ciudadan\u00eda con el Gobierno local, departamental y nacional.<\/p>\n\n\n\n<p>Un convenio con buenos augurios<\/p>\n\n\n\n<p>Desde la Facultad de Derecho, su Decano, el Dr. Gonzalo Lorenzo, dijo que la instituci\u00f3n educativa lleva muchos a\u00f1os promoviendo un incremento de la ense\u00f1anza pr\u00e1ctica y que este acuerdo representa una gran oportunidad para sus estudiantes de poder ejercer y formarse en el territorio. Al mismo tiempo, record\u00f3 que una parte fundamental de su actividad es brindar un servicio a la comunidad, mediante una actividad de extensi\u00f3n y una unidad curricular obligatoria que se ofrece desde la facultad y que, mediante acuerdos como el que se concret\u00f3 con Canelones, se apunta a descentralizar.<\/p>\n\n\n\n<p>En cuanto al trabajo coordinado con las autoridades de la Intendencia, el Decano afirm\u00f3 que \u201cfue un proceso sencillo gracias a que tenemos un inter\u00e9s com\u00fan. Nosotros venimos realizando un trabajo en nuestra facultad interno acad\u00e9mico sobre la mejora de los servicios de la ense\u00f1anza pr\u00e1ctica en nuestra facultad y en particular del consultorio jur\u00eddico. Esto se ha dado en ese marco, con lo cual lo vemos como una gran oportunidad\u201d, insisti\u00f3.<\/p>\n\n\n\n<p>Por su parte, el Profesor Titular de T\u00e9cnica Forense de la facultad, y Director del Consultorio Jur\u00eddico, Dr. Hugo Barone, describi\u00f3 el acuerdo como \u201cun hito tanto para la Facultad de Derecho como para nuestra instituci\u00f3n anfitriona, que es la Intendencia de Canelones\u201d. Asegur\u00f3 que la comunidad metropolitana ha desbordado totalmente el servicio que la facultad ofrece en la capital, por lo que se busc\u00f3 avanzar en el proceso de descentralizaci\u00f3n para llegar a comunidades con poblaci\u00f3n vulnerable que requirieran el acceso a la justicia. \u201cObviamente precis\u00e1bamos alguien que acompa\u00f1ara ese impulso y en la Intendencia encontramos ese respaldo, ese ida y vuelta que nos permiti\u00f3 ingresar en zonas muy populosas y con mucho inter\u00e9s\u201d, puntualiz\u00f3.<\/p>\n\n\n\n<p>Los tres consultorios funcionar\u00e1n todos los viernes de 09:30 a 15:30 horas. Ser\u00e1n atendidos por estudiantes procuradores que est\u00e1n cursando el \u00faltimo a\u00f1o de la carrera, que cuentan con una formaci\u00f3n te\u00f3rica y pr\u00e1ctica importante. Estar\u00e1n dirigidos por un equipo docente.<\/p>\n\n\n\n<p>En el marco del acuerdo, el Gobierno Departamental solventar\u00e1 mediante transferencia los sueldos de los cargos docentes y aportar\u00e1 los espacios f\u00edsicos y el equipamiento para el adecuado funcionamiento de los tres consultorios, que se aguarda que tengan un impacto muy positivo para los habitantes de esos tres municipios y zonas aleda\u00f1as.<\/p>\n","protected":false},"excerpt":{"rendered":"<p>Gracias a un acuerdo recientemente firmado entre el Gobierno Departamental y la Universidad de la&#8230;<\/p>\n","protected":false},"author":1,"featured_media":17917,"comment_status":"closed","ping_status":"closed","sticky":false,"template":"","format":"standard","meta":{"_monsterinsights_skip_tracking":false,"_monsterinsights_sitenote_active":false,"_monsterinsights_sitenote_note":"","_monsterinsights_sitenote_category":0,"footnotes":""},"categories":[22],"tags":[],"class_list":["post-17916","post","type-post","status-publish","format-standard","has-post-thumbnail","hentry","category-barros-blancos"],"featured_image_urls":{"full":["https:\/\/diariotiempo.com.uy\/noticias\/wp-content\/uploads\/2025\/02\/consultorio.jpg",900,601,false],"thumbnail":["https:\/\/diariotiempo.com.uy\/noticias\/wp-content\/uploads\/2025\/02\/consultorio-150x150.jpg",150,150,true],"medium":["https:\/\/diariotiempo.com.uy\/noticias\/wp-content\/uploads\/2025\/02\/consultorio-300x200.jpg",300,200,true],"medium_large":["https:\/\/diariotiempo.com.uy\/noticias\/wp-content\/uploads\/2025\/02\/consultorio-768x513.jpg",640,428,true],"large":["https:\/\/diariotiempo.com.uy\/noticias\/wp-content\/uploads\/2025\/02\/consultorio.jpg",640,427,false],"rpg_gallery_admin_thumb":["https:\/\/diariotiempo.com.uy\/noticias\/wp-content\/uploads\/2025\/02\/consultorio-150x150.jpg",150,150,true],"rpg_gallery_thumb":["https:\/\/diariotiempo.com.uy\/noticias\/wp-content\/uploads\/2025\/02\/consultorio-150x150.jpg",150,150,true],"1536x1536":["https:\/\/diariotiempo.com.uy\/noticias\/wp-content\/uploads\/2025\/02\/consultorio.jpg",900,601,false],"2048x2048":["https:\/\/diariotiempo.com.uy\/noticias\/wp-content\/uploads\/2025\/02\/consultorio.jpg",900,601,false],"covernews-slider-full":["https:\/\/diariotiempo.com.uy\/noticias\/wp-content\/uploads\/2025\/02\/consultorio.jpg",900,601,false],"covernews-slider-center":["https:\/\/diariotiempo.com.uy\/noticias\/wp-content\/uploads\/2025\/02\/consultorio-800x500.jpg",800,500,true],"covernews-featured":["https:\/\/diariotiempo.com.uy\/noticias\/wp-content\/uploads\/2025\/02\/consultorio.jpg",900,601,false],"covernews-medium":["https:\/\/diariotiempo.com.uy\/noticias\/wp-content\/uploads\/2025\/02\/consultorio-540x340.jpg",540,340,true],"covernews-medium-square":["https:\/\/diariotiempo.com.uy\/noticias\/wp-content\/uploads\/2025\/02\/consultorio-400x250.jpg",400,250,true]},"author_info":{"display_name":"diario","author_link":"https:\/\/diariotiempo.com.uy\/noticias\/author\/diario\/"},"category_info":"<a href=\"https:\/\/diariotiempo.com.uy\/noticias\/category\/departamental\/barros-blancos\/\" rel=\"category tag\">Barros Blancos<\/a>","tag_info":"Barros Blancos","comment_count":"0","_links":{"self":[{"href":"https:\/\/diariotiempo.com.uy\/noticias\/wp-json\/wp\/v2\/posts\/17916","targetHints":{"allow":["GET"]}}],"collection":[{"href":"https:\/\/diariotiempo.com.uy\/noticias\/wp-json\/wp\/v2\/posts"}],"about":[{"href":"https:\/\/diariotiempo.com.uy\/noticias\/wp-json\/wp\/v2\/types\/post"}],"author":[{"embeddable":true,"href":"https:\/\/diariotiempo.com.uy\/noticias\/wp-json\/wp\/v2\/users\/1"}],"replies":[{"embeddable":true,"href":"https:\/\/diariotiempo.com.uy\/noticias\/wp-json\/wp\/v2\/comments?post=17916"}],"version-history":[{"count":1,"href":"https:\/\/diariotiempo.com.uy\/noticias\/wp-json\/wp\/v2\/posts\/17916\/revisions"}],"predecessor-version":[{"id":17918,"href":"https:\/\/diariotiempo.com.uy\/noticias\/wp-json\/wp\/v2\/posts\/17916\/revisions\/17918"}],"wp:featuredmedia":[{"embeddable":true,"href":"https:\/\/diariotiempo.com.uy\/noticias\/wp-json\/wp\/v2\/media\/17917"}],"wp:attachment":[{"href":"https:\/\/diariotiempo.com.uy\/noticias\/wp-json\/wp\/v2\/media?parent=17916"}],"wp:term":[{"taxonomy":"category","embeddable":true,"href":"https:\/\/diariotiempo.com.uy\/noticias\/wp-json\/wp\/v2\/categories?post=17916"},{"taxonomy":"post_tag","embeddable":true,"href":"https:\/\/diariotiempo.com.uy\/noticias\/wp-json\/wp\/v2\/tags?post=17916"}],"curies":[{"name":"wp","href":"https:\/\/api.w.org\/{rel}","templated":true}]}}