{"id":17931,"date":"2025-02-14T22:31:58","date_gmt":"2025-02-14T22:31:58","guid":{"rendered":"https:\/\/diariotiempo.com.uy\/noticias\/?p=17931"},"modified":"2025-02-14T22:32:00","modified_gmt":"2025-02-14T22:32:00","slug":"quedo-inaugurada-en-el-parque-roosevelt-la-pista-de-patin-mas-grande-del-pais","status":"publish","type":"post","link":"https:\/\/diariotiempo.com.uy\/noticias\/2025\/02\/14\/quedo-inaugurada-en-el-parque-roosevelt-la-pista-de-patin-mas-grande-del-pais\/","title":{"rendered":"Qued\u00f3 inaugurada en el Parque Roosevelt la pista de pat\u00edn m\u00e1s grande del pa\u00eds"},"content":{"rendered":"\n<figure class=\"wp-block-gallery has-nested-images columns-default is-cropped wp-block-gallery-1 is-layout-flex wp-block-gallery-is-layout-flex\">\n<figure class=\"wp-block-image size-large\"><img loading=\"lazy\" decoding=\"async\" width=\"700\" height=\"467\" data-id=\"17933\" src=\"https:\/\/diariotiempo.com.uy\/noticias\/wp-content\/uploads\/2025\/02\/patin-muchos.jpg\" alt=\"\" class=\"wp-image-17933\" srcset=\"https:\/\/diariotiempo.com.uy\/noticias\/wp-content\/uploads\/2025\/02\/patin-muchos.jpg 700w, https:\/\/diariotiempo.com.uy\/noticias\/wp-content\/uploads\/2025\/02\/patin-muchos-300x200.jpg 300w\" sizes=\"auto, (max-width: 700px) 100vw, 700px\" \/><\/figure>\n\n\n\n<figure class=\"wp-block-image size-large\"><img loading=\"lazy\" decoding=\"async\" width=\"700\" height=\"467\" data-id=\"17932\" src=\"https:\/\/diariotiempo.com.uy\/noticias\/wp-content\/uploads\/2025\/02\/patin.jpg\" alt=\"\" class=\"wp-image-17932\" srcset=\"https:\/\/diariotiempo.com.uy\/noticias\/wp-content\/uploads\/2025\/02\/patin.jpg 700w, https:\/\/diariotiempo.com.uy\/noticias\/wp-content\/uploads\/2025\/02\/patin-300x200.jpg 300w\" sizes=\"auto, (max-width: 700px) 100vw, 700px\" \/><\/figure>\n<\/figure>\n\n\n\n<p>Con una extensi\u00f3n total de 20.400 metros cuadrados, qued\u00f3 inaugurada en el Parque Roosevelt Patinlandia, la mayor pista de deportes sobre patines de Uruguay, que permitir\u00e1 el desarrollo de las nueve modalidades comprendidas en la federaci\u00f3n nacional de ese deporte, as\u00ed como el funcionamiento de escuelitas de pat\u00edn, paseos, pr\u00e1cticas libres y competencias nacionales e internacionales.<\/p>\n\n\n\n<p>La pista podr\u00e1 albergar competencias de alto nivel, principalmente en lo relacionado con hockey sobre patines y hockey lineal, dado que en el lugar funcionar\u00e1 la \u00fanica cancha permanente adaptada a esa modalidad de todo el pa\u00eds.<\/p>\n\n\n\n<p>El predio, que est\u00e1 ubicado en el ala sur del parque, con ingreso desde la rambla, est\u00e1 dividido en dos sectores: el principal, compuesto por 11.400 metros cuadrados, cuenta con una superficie ideal para el tr\u00e1nsito sobre todo tipo de patines. En uno de sus extremos dispone de una base rectangular de superficie suave, ideal para aquellas modalidades que requieren m\u00e1xima precisi\u00f3n, como es el caso del patinaje art\u00edstico.<\/p>\n\n\n\n<p>El sector secundario es un \u00e1rea de 9.000 metros cuadrados sobre pavimento m\u00e1s rudimentario pero propicio para circular en skate y otros rodados de ruedas mayores. Toda la extensi\u00f3n de la pista cuenta con un vallado de seguridad, ba\u00f1os p\u00fablicos y plaza de juegos con sombra. Adem\u00e1s, se ha instalado un sistema de iluminaci\u00f3n b\u00e1sico al que se le ir\u00e1n incorporando en los pr\u00f3ximos meses nuevas luminarias.<\/p>\n\n\n\n<p>M\u00e1s all\u00e1 de las actividades deportivas, el lugar alojar\u00e1 tambi\u00e9n una serie de eventos culturales y espect\u00e1culos de gran envergadura, como fue el caso del desfile de escolas de samba de Paso Carrasco, que se llev\u00f3 a cabo un d\u00eda despu\u00e9s de la inauguraci\u00f3n.<\/p>\n\n\n\n<p>Un nuevo espacio p\u00fablico recuperado en Canelones<\/p>\n\n\n\n<p>Para el Intendente de Canelones, Marcelo Metediera, quien encabez\u00f3 el acto inaugural, Patinlandia constituye un motivo de satisfacci\u00f3n dado que se trata de \u201cun nuevo espacio p\u00fablico que recuperamos y que anteriormente tuvo un mal uso por parte de gente que no ten\u00eda que usarlo\u201d.<\/p>\n\n\n\n<p>El jerarca record\u00f3 que en todo el departamento se han creado o reacondicionado numerosos parques, canchas y espacios p\u00fablicos, de los cuales una cantidad significativa se ha adaptado para la pr\u00e1ctica de distintos deportes. \u201cSon espacios p\u00fablicos de calidad ideales para la convivencia\u201d, dijo, al tiempo que valor\u00f3 muy especialmente la participaci\u00f3n de la Federaci\u00f3n de Pat\u00edn y Hockey y de las numerosas familias y deportistas que giran en torno a ella, para su dise\u00f1o y puesta en marcha. \u201cCuando la gente se apropia de los espacios, cuando los construye y los toma para s\u00ed, los cuida y los mejora, as\u00ed que yo creo que esa es la garant\u00eda de la permanencia y el cuidado de este lugar\u201d, afirm\u00f3.<\/p>\n\n\n\n<p>M\u00e1s deporte en el Roosevelt<\/p>\n\n\n\n<p>Por su parte, el Director del Parque Roosevelt, arquitecto Jos\u00e9 Freitas, asegur\u00f3 que la inauguraci\u00f3n fue el final de un largo proceso participativo que involucr\u00f3 a todos los colectivos del pat\u00edn de nuestro pa\u00eds. Indic\u00f3 que se ha finalizado con \u00e9xito una primera etapa constructiva pero que el proyecto general comprende nuevos trabajos, como la colocaci\u00f3n de las vallas de hockey fijas, nuevas pistas dentro del predio y m\u00e1s focos lum\u00ednicos.<\/p>\n\n\n\n<p>El director asegur\u00f3 que los deportes sobre patines involucran a miles de personas en nuestro pa\u00eds, pese a lo cual, hasta ahora, exist\u00eda un d\u00e9ficit muy importante de infraestructura para la pr\u00e1ctica con las condiciones y seguridad necesarias.<\/p>\n\n\n\n<p>Adem\u00e1s, inform\u00f3 que la enorme pista forma parte de un plan estrat\u00e9gico del Parque Roosevelt para la creaci\u00f3n de espacios deportivos y para la recreaci\u00f3n. En tal sentido, desde la Direcci\u00f3n General de Deportes, Luis de Melo, inform\u00f3 que contin\u00faan en carpeta diversos proyectos para recuperar las canchas de f\u00fatbol y convertirlas con c\u00e9sped sint\u00e9tico, as\u00ed como el desarrollo de un programa de deporte infantil que implica la creaci\u00f3n de una cancha de baby f\u00fatbol con alojamiento para concentraci\u00f3n de planteles, aula para la capacitaci\u00f3n de los entrenadores, taller para charlas y eventos. Esa infraestructura se convertir\u00e1 en la nueva sede de la Liga Interbalnearia de F\u00fatbol Infantil.<\/p>\n\n\n\n<p>Orgullo de Paso Carrasco<\/p>\n\n\n\n<p>La Alcaldesa del municipio local, Ver\u00f3nica Veiga, asegur\u00f3 que contar con un parque urbano de esta naturaleza resulta una verdadera distinci\u00f3n y una gran oportunidad para que en su territorio sucedan grandes cosas. \u201cEs un lugar ideal para las familias y para el sano disfrute\u201d, dijo, \u201cnosotros tenemos todas las pilas puestas en ir generando cosas con la gente, con propuestas que los vecinos traen. Esta es una de ellas, los patinadores presentaron su propuesta ya que no ten\u00edan un lugar f\u00edsico para poder practicar. A partir de all\u00ed estuvimos hablando con todo el mundo, tuvimos el apoyo de la Intendencia, que fue fundamental, y hoy es un hecho\u201d, concluy\u00f3.<\/p>\n","protected":false},"excerpt":{"rendered":"<p>Con una extensi\u00f3n total de 20.400 metros cuadrados, qued\u00f3 inaugurada en el Parque Roosevelt Patinlandia,&#8230;<\/p>\n","protected":false},"author":1,"featured_media":17932,"comment_status":"closed","ping_status":"closed","sticky":false,"template":"","format":"standard","meta":{"_monsterinsights_skip_tracking":false,"_monsterinsights_sitenote_active":false,"_monsterinsights_sitenote_note":"","_monsterinsights_sitenote_category":0,"footnotes":""},"categories":[8],"tags":[],"class_list":["post-17931","post","type-post","status-publish","format-standard","has-post-thumbnail","hentry","category-deporte"],"featured_image_urls":{"full":["https:\/\/diariotiempo.com.uy\/noticias\/wp-content\/uploads\/2025\/02\/patin.jpg",700,467,false],"thumbnail":["https:\/\/diariotiempo.com.uy\/noticias\/wp-content\/uploads\/2025\/02\/patin-150x150.jpg",150,150,true],"medium":["https:\/\/diariotiempo.com.uy\/noticias\/wp-content\/uploads\/2025\/02\/patin-300x200.jpg",300,200,true],"medium_large":["https:\/\/diariotiempo.com.uy\/noticias\/wp-content\/uploads\/2025\/02\/patin.jpg",640,427,false],"large":["https:\/\/diariotiempo.com.uy\/noticias\/wp-content\/uploads\/2025\/02\/patin.jpg",640,427,false],"rpg_gallery_admin_thumb":["https:\/\/diariotiempo.com.uy\/noticias\/wp-content\/uploads\/2025\/02\/patin-150x150.jpg",150,150,true],"rpg_gallery_thumb":["https:\/\/diariotiempo.com.uy\/noticias\/wp-content\/uploads\/2025\/02\/patin-150x150.jpg",150,150,true],"1536x1536":["https:\/\/diariotiempo.com.uy\/noticias\/wp-content\/uploads\/2025\/02\/patin.jpg",700,467,false],"2048x2048":["https:\/\/diariotiempo.com.uy\/noticias\/wp-content\/uploads\/2025\/02\/patin.jpg",700,467,false],"covernews-slider-full":["https:\/\/diariotiempo.com.uy\/noticias\/wp-content\/uploads\/2025\/02\/patin.jpg",700,467,false],"covernews-slider-center":["https:\/\/diariotiempo.com.uy\/noticias\/wp-content\/uploads\/2025\/02\/patin.jpg",700,467,false],"covernews-featured":["https:\/\/diariotiempo.com.uy\/noticias\/wp-content\/uploads\/2025\/02\/patin.jpg",700,467,false],"covernews-medium":["https:\/\/diariotiempo.com.uy\/noticias\/wp-content\/uploads\/2025\/02\/patin-540x340.jpg",540,340,true],"covernews-medium-square":["https:\/\/diariotiempo.com.uy\/noticias\/wp-content\/uploads\/2025\/02\/patin-400x250.jpg",400,250,true]},"author_info":{"display_name":"diario","author_link":"https:\/\/diariotiempo.com.uy\/noticias\/author\/diario\/"},"category_info":"<a href=\"https:\/\/diariotiempo.com.uy\/noticias\/category\/deporte\/\" rel=\"category tag\">DEPORTE<\/a>","tag_info":"DEPORTE","comment_count":"0","_links":{"self":[{"href":"https:\/\/diariotiempo.com.uy\/noticias\/wp-json\/wp\/v2\/posts\/17931","targetHints":{"allow":["GET"]}}],"collection":[{"href":"https:\/\/diariotiempo.com.uy\/noticias\/wp-json\/wp\/v2\/posts"}],"about":[{"href":"https:\/\/diariotiempo.com.uy\/noticias\/wp-json\/wp\/v2\/types\/post"}],"author":[{"embeddable":true,"href":"https:\/\/diariotiempo.com.uy\/noticias\/wp-json\/wp\/v2\/users\/1"}],"replies":[{"embeddable":true,"href":"https:\/\/diariotiempo.com.uy\/noticias\/wp-json\/wp\/v2\/comments?post=17931"}],"version-history":[{"count":1,"href":"https:\/\/diariotiempo.com.uy\/noticias\/wp-json\/wp\/v2\/posts\/17931\/revisions"}],"predecessor-version":[{"id":17934,"href":"https:\/\/diariotiempo.com.uy\/noticias\/wp-json\/wp\/v2\/posts\/17931\/revisions\/17934"}],"wp:featuredmedia":[{"embeddable":true,"href":"https:\/\/diariotiempo.com.uy\/noticias\/wp-json\/wp\/v2\/media\/17932"}],"wp:attachment":[{"href":"https:\/\/diariotiempo.com.uy\/noticias\/wp-json\/wp\/v2\/media?parent=17931"}],"wp:term":[{"taxonomy":"category","embeddable":true,"href":"https:\/\/diariotiempo.com.uy\/noticias\/wp-json\/wp\/v2\/categories?post=17931"},{"taxonomy":"post_tag","embeddable":true,"href":"https:\/\/diariotiempo.com.uy\/noticias\/wp-json\/wp\/v2\/tags?post=17931"}],"curies":[{"name":"wp","href":"https:\/\/api.w.org\/{rel}","templated":true}]}}