{"id":18009,"date":"2025-02-19T12:42:30","date_gmt":"2025-02-19T12:42:30","guid":{"rendered":"https:\/\/diariotiempo.com.uy\/noticias\/?p=18009"},"modified":"2025-02-19T12:42:31","modified_gmt":"2025-02-19T12:42:31","slug":"realizaron-apertura-del-primer-periodo-ordinario-de-sesiones-de-la-legislatura","status":"publish","type":"post","link":"https:\/\/diariotiempo.com.uy\/noticias\/2025\/02\/19\/realizaron-apertura-del-primer-periodo-ordinario-de-sesiones-de-la-legislatura\/","title":{"rendered":"Realizaron Apertura del primer per\u00edodo ordinario de sesiones de la Legislatura"},"content":{"rendered":"\n<figure class=\"wp-block-gallery has-nested-images columns-default is-cropped wp-block-gallery-1 is-layout-flex wp-block-gallery-is-layout-flex\">\n<figure class=\"wp-block-image size-large\"><img loading=\"lazy\" decoding=\"async\" width=\"682\" height=\"455\" data-id=\"18010\" src=\"https:\/\/diariotiempo.com.uy\/noticias\/wp-content\/uploads\/2025\/02\/PARLAMENTO-INTERIOR.jpg\" alt=\"\" class=\"wp-image-18010\" srcset=\"https:\/\/diariotiempo.com.uy\/noticias\/wp-content\/uploads\/2025\/02\/PARLAMENTO-INTERIOR.jpg 682w, https:\/\/diariotiempo.com.uy\/noticias\/wp-content\/uploads\/2025\/02\/PARLAMENTO-INTERIOR-300x200.jpg 300w\" sizes=\"auto, (max-width: 682px) 100vw, 682px\" \/><figcaption class=\"wp-element-caption\">15.02.25- As. Gral. Apertura L Legislatura.<\/figcaption><\/figure>\n\n\n\n<figure class=\"wp-block-image size-large\"><img loading=\"lazy\" decoding=\"async\" width=\"682\" height=\"455\" data-id=\"18011\" src=\"https:\/\/diariotiempo.com.uy\/noticias\/wp-content\/uploads\/2025\/02\/TAPA-19.jpg\" alt=\"\" class=\"wp-image-18011\" srcset=\"https:\/\/diariotiempo.com.uy\/noticias\/wp-content\/uploads\/2025\/02\/TAPA-19.jpg 682w, https:\/\/diariotiempo.com.uy\/noticias\/wp-content\/uploads\/2025\/02\/TAPA-19-300x200.jpg 300w\" sizes=\"auto, (max-width: 682px) 100vw, 682px\" \/><\/figure>\n<\/figure>\n\n\n\n<p><strong>SESI\u00d3N PREPARATORIA<\/strong><\/p>\n\n\n\n<p>Minutos antes de la sesi\u00f3n ordinaria, la C\u00e1mara de Senadores se reuni\u00f3 a fin de celebrar la Sesi\u00f3n Preparatoria para recibir a las se\u00f1oras y se\u00f1ores Senadores electos para la L Legislatura, y entender en las renuncias y opciones relativas a la integraci\u00f3n del Cuerpo (art\u00edculo 12 del Reglamento de la C\u00e1mara de Senadores).<\/p>\n\n\n\n<p><strong>C\u00c1MARA DE SENADORES<\/strong><\/p>\n\n\n\n<p>A continuaci\u00f3n, la C\u00e1mara de Senadores sesiono a fin de informarse de los asuntos entrados y tomar la promesa a todos los Senadores y las Senadoras electos para la L Legislatura, conforme a lo establecido en el art\u00edculo 15 del Reglamento del Senado. De acuerdo al art\u00edculo 14 del Reglamento del Senado se establece que: \u201cEn las Sesiones Preparatorias y, asimismo, hasta que tome posesi\u00f3n de su cargo el Vicepresidente de la Rep\u00fablica, presidir\u00e1 la C\u00e1mara de Senadores el primer titular de la lista m\u00e1s votada del lema m\u00e1s votado. En caso de ausencia de este \u00faltimo, ejercer\u00e1 la Presidencia el Senador presente que le siga en el orden de la lista m\u00e1s votada\u201d. En esta Sesi\u00f3n ocup\u00f3 la Presidencia en virtud del mandato constitucional, el titular del lema m\u00e1s votado de la lista m\u00e1s votada, el Senador Alejandro S\u00e1nchez, quien tom\u00f3 la promesa a los Senadores electos.De conformidad al art\u00edculo 15 del Reglamento de la C\u00e1mara de Senadores el Presidente de la C\u00e1mara de Senadores, tom\u00f3 la Promesa de Estilo a los Senadores electos: \u201cse\u00f1or Senador promete usted por su honor desempe\u00f1ar debidamente el cargo de Senador y obrar en todo conforme a la Constituci\u00f3n de la Rep\u00fablica. Promete usted guardar secreto en todos los casos en que se lo ordene esta C\u00e1mara o la Asamblea General\u201d. (Queda usted investido en el cargo de Senador).Posteriormente la Senadora Blanca Rodr\u00edguez tom\u00f3 la promesa de estilo al Senador Alejandro S\u00e1nchez.El Presidente de la Rep\u00fablica electo Yamand\u00fa Orsi y la Vicepresidente de la Rep\u00fablica electa, Carolina Cosse siguieron la sesi\u00f3n desde la barra del Senado, que se encontraba colmada.<\/p>\n\n\n\n<p><strong>ASAMBLEA GENERAL<\/strong><\/p>\n\n\n\n<p>La Asamblea General procedi\u00f3 a la apertura al primer per\u00edodo ordinario de sesiones de la L Legislatura. Ocup\u00f3 la Presidencia en ejercicio, en virtud del mandato constitucional, el Legislador Alejandro S\u00e1nchez. En el acto, declar\u00f3 abierto el per\u00edodo anual de Sesiones e invit\u00f3 a las autoridades a presenciar la parada militar del Batall\u00f3n Florida en la explanada del Palacio Legislativo sobre la Av. del Libertador Brigadier General Juan Antonio Lavalleja. El Presidente de la Asamblea General, en ejercicio, Alejandro S\u00e1nchez y el Presidente de la C\u00e1mara de Representantes, Diputado Sebasti\u00e1n Valdomir, acompa\u00f1ados por el Jefe del Batall\u00f3n Florida de Infanter\u00eda N\u00ba1, Teniente Coronel Federico Silva, pasaron revista a las tropas. La Guardia de Honor del Batall\u00f3n Florida desfil\u00f3 con m\u00e1s de un centenar de efectivos y rindi\u00f3 honores a las autoridades presentes. Se entonaron las estrofas de la marcha Mi Bandera. Al finalizar, los oficiales del Batall\u00f3n Florida ingresaron al Sal\u00f3n de los Pasos Perdidos y en l\u00ednea de saludo estrecharon la mano a las autoridades.<\/p>\n","protected":false},"excerpt":{"rendered":"<p>SESI\u00d3N PREPARATORIA Minutos antes de la sesi\u00f3n ordinaria, la C\u00e1mara de Senadores se reuni\u00f3 a&#8230;<\/p>\n","protected":false},"author":1,"featured_media":18010,"comment_status":"closed","ping_status":"closed","sticky":false,"template":"","format":"standard","meta":{"_monsterinsights_skip_tracking":false,"_monsterinsights_sitenote_active":false,"_monsterinsights_sitenote_note":"","_monsterinsights_sitenote_category":0,"footnotes":""},"categories":[11],"tags":[],"class_list":["post-18009","post","type-post","status-publish","format-standard","has-post-thumbnail","hentry","category-noticia-destacada"],"featured_image_urls":{"full":["https:\/\/diariotiempo.com.uy\/noticias\/wp-content\/uploads\/2025\/02\/PARLAMENTO-INTERIOR.jpg",682,455,false],"thumbnail":["https:\/\/diariotiempo.com.uy\/noticias\/wp-content\/uploads\/2025\/02\/PARLAMENTO-INTERIOR-150x150.jpg",150,150,true],"medium":["https:\/\/diariotiempo.com.uy\/noticias\/wp-content\/uploads\/2025\/02\/PARLAMENTO-INTERIOR-300x200.jpg",300,200,true],"medium_large":["https:\/\/diariotiempo.com.uy\/noticias\/wp-content\/uploads\/2025\/02\/PARLAMENTO-INTERIOR.jpg",640,427,false],"large":["https:\/\/diariotiempo.com.uy\/noticias\/wp-content\/uploads\/2025\/02\/PARLAMENTO-INTERIOR.jpg",640,427,false],"rpg_gallery_admin_thumb":["https:\/\/diariotiempo.com.uy\/noticias\/wp-content\/uploads\/2025\/02\/PARLAMENTO-INTERIOR-150x150.jpg",150,150,true],"rpg_gallery_thumb":["https:\/\/diariotiempo.com.uy\/noticias\/wp-content\/uploads\/2025\/02\/PARLAMENTO-INTERIOR-150x150.jpg",150,150,true],"1536x1536":["https:\/\/diariotiempo.com.uy\/noticias\/wp-content\/uploads\/2025\/02\/PARLAMENTO-INTERIOR.jpg",682,455,false],"2048x2048":["https:\/\/diariotiempo.com.uy\/noticias\/wp-content\/uploads\/2025\/02\/PARLAMENTO-INTERIOR.jpg",682,455,false],"covernews-slider-full":["https:\/\/diariotiempo.com.uy\/noticias\/wp-content\/uploads\/2025\/02\/PARLAMENTO-INTERIOR.jpg",682,455,false],"covernews-slider-center":["https:\/\/diariotiempo.com.uy\/noticias\/wp-content\/uploads\/2025\/02\/PARLAMENTO-INTERIOR.jpg",682,455,false],"covernews-featured":["https:\/\/diariotiempo.com.uy\/noticias\/wp-content\/uploads\/2025\/02\/PARLAMENTO-INTERIOR.jpg",682,455,false],"covernews-medium":["https:\/\/diariotiempo.com.uy\/noticias\/wp-content\/uploads\/2025\/02\/PARLAMENTO-INTERIOR-540x340.jpg",540,340,true],"covernews-medium-square":["https:\/\/diariotiempo.com.uy\/noticias\/wp-content\/uploads\/2025\/02\/PARLAMENTO-INTERIOR-400x250.jpg",400,250,true]},"author_info":{"display_name":"diario","author_link":"https:\/\/diariotiempo.com.uy\/noticias\/author\/diario\/"},"category_info":"<a href=\"https:\/\/diariotiempo.com.uy\/noticias\/category\/noticia-destacada\/\" rel=\"category tag\">NOTICIA DESTACADA<\/a>","tag_info":"NOTICIA DESTACADA","comment_count":"0","_links":{"self":[{"href":"https:\/\/diariotiempo.com.uy\/noticias\/wp-json\/wp\/v2\/posts\/18009","targetHints":{"allow":["GET"]}}],"collection":[{"href":"https:\/\/diariotiempo.com.uy\/noticias\/wp-json\/wp\/v2\/posts"}],"about":[{"href":"https:\/\/diariotiempo.com.uy\/noticias\/wp-json\/wp\/v2\/types\/post"}],"author":[{"embeddable":true,"href":"https:\/\/diariotiempo.com.uy\/noticias\/wp-json\/wp\/v2\/users\/1"}],"replies":[{"embeddable":true,"href":"https:\/\/diariotiempo.com.uy\/noticias\/wp-json\/wp\/v2\/comments?post=18009"}],"version-history":[{"count":1,"href":"https:\/\/diariotiempo.com.uy\/noticias\/wp-json\/wp\/v2\/posts\/18009\/revisions"}],"predecessor-version":[{"id":18012,"href":"https:\/\/diariotiempo.com.uy\/noticias\/wp-json\/wp\/v2\/posts\/18009\/revisions\/18012"}],"wp:featuredmedia":[{"embeddable":true,"href":"https:\/\/diariotiempo.com.uy\/noticias\/wp-json\/wp\/v2\/media\/18010"}],"wp:attachment":[{"href":"https:\/\/diariotiempo.com.uy\/noticias\/wp-json\/wp\/v2\/media?parent=18009"}],"wp:term":[{"taxonomy":"category","embeddable":true,"href":"https:\/\/diariotiempo.com.uy\/noticias\/wp-json\/wp\/v2\/categories?post=18009"},{"taxonomy":"post_tag","embeddable":true,"href":"https:\/\/diariotiempo.com.uy\/noticias\/wp-json\/wp\/v2\/tags?post=18009"}],"curies":[{"name":"wp","href":"https:\/\/api.w.org\/{rel}","templated":true}]}}