{"id":18022,"date":"2025-02-20T11:22:07","date_gmt":"2025-02-20T11:22:07","guid":{"rendered":"https:\/\/diariotiempo.com.uy\/noticias\/?p=18022"},"modified":"2025-02-20T11:22:08","modified_gmt":"2025-02-20T11:22:08","slug":"ultimos-dias-para-solicitar-beca-del-fondo-de-solidaridad","status":"publish","type":"post","link":"https:\/\/diariotiempo.com.uy\/noticias\/2025\/02\/20\/ultimos-dias-para-solicitar-beca-del-fondo-de-solidaridad\/","title":{"rendered":"\u00daltimos d\u00edas para solicitar beca del Fondo de Solidaridad"},"content":{"rendered":"\n<figure class=\"wp-block-image size-full\"><img loading=\"lazy\" decoding=\"async\" width=\"945\" height=\"556\" src=\"https:\/\/diariotiempo.com.uy\/noticias\/wp-content\/uploads\/2025\/02\/SOLIDARIDAD.jpg\" alt=\"\" class=\"wp-image-18024\" srcset=\"https:\/\/diariotiempo.com.uy\/noticias\/wp-content\/uploads\/2025\/02\/SOLIDARIDAD.jpg 945w, https:\/\/diariotiempo.com.uy\/noticias\/wp-content\/uploads\/2025\/02\/SOLIDARIDAD-300x177.jpg 300w, https:\/\/diariotiempo.com.uy\/noticias\/wp-content\/uploads\/2025\/02\/SOLIDARIDAD-768x452.jpg 768w\" sizes=\"auto, (max-width: 945px) 100vw, 945px\" \/><\/figure>\n\n\n\n<p>En di\u00e1logo con Comunicaci\u00f3n Presidencial, la titular del Fondo de Solidaridad, Rosario Cervi\u00f1o, inform\u00f3 sobre el plazo para gestionar las becas que se otorgan cada a\u00f1o. J\u00f3venes de todo el pa\u00eds podr\u00e1n postularse hasta el pr\u00f3ximo 28 de febrero. La jerarca alent\u00f3 a los interesados a ingresar al sitio de estudiantes y anotarse, ya sea para solicitar el apoyo por primera vez o renovarla.<\/p>\n\n\n\n<p>La inscripci\u00f3n se efect\u00faa a trav\u00e9s del portal web de estudiantes. All\u00ed pueden completar sus datos personales y detallar su situaci\u00f3n econ\u00f3mica y patrimonial; una vez finalizado este paso, el Departamento de Becas de la instituci\u00f3n analiza los pedidos recibidos y la documentaci\u00f3n comprobatoria, indic\u00f3 Cervi\u00f1o.<\/p>\n\n\n\n<p>A la fecha, las matriculaciones superan las del a\u00f1o 2024, para igual per\u00edodo, por lo que se estima que en 2025 se otorgue una cifra similar, que rondar\u00e1 las 9.300 ayudas o podr\u00e1 superarlas.<\/p>\n\n\n\n<p>Para completar la inscripci\u00f3n, el Fondo de Solidaridad ha dispuesto una serie de tutoriales, como gu\u00eda para el proceso. Como requisito para acceder al beneficio, los j\u00f3venes no deben contar con sustento econ\u00f3mico que les facilite sostener su proyecto educativo en las instituciones contempladas: Udelar, UTU o UTEC. El sitio del Fondo de Solidaridad incluye informaci\u00f3n acerca de las distintas propuestas y ramas de estudio disponibles.La ayuda econ\u00f3mica es de 13.152 pesos mensuales, equivalentes a 2 bases de prestaciones y contribuciones (BPC) a valores de 2025. Siempre que se cumplan los criterios establecidos, los j\u00f3venes pueden postularse como beneficiarios, ya que no hay restricciones de cupo, remarc\u00f3 Cervi\u00f1o.&nbsp;<\/p>\n","protected":false},"excerpt":{"rendered":"<p>En di\u00e1logo con Comunicaci\u00f3n Presidencial, la titular del Fondo de Solidaridad, Rosario Cervi\u00f1o, inform\u00f3 sobre&#8230;<\/p>\n","protected":false},"author":1,"featured_media":18024,"comment_status":"closed","ping_status":"closed","sticky":false,"template":"","format":"standard","meta":{"_monsterinsights_skip_tracking":false,"_monsterinsights_sitenote_active":false,"_monsterinsights_sitenote_note":"","_monsterinsights_sitenote_category":0,"footnotes":""},"categories":[11],"tags":[],"class_list":["post-18022","post","type-post","status-publish","format-standard","has-post-thumbnail","hentry","category-noticia-destacada"],"featured_image_urls":{"full":["https:\/\/diariotiempo.com.uy\/noticias\/wp-content\/uploads\/2025\/02\/SOLIDARIDAD.jpg",945,556,false],"thumbnail":["https:\/\/diariotiempo.com.uy\/noticias\/wp-content\/uploads\/2025\/02\/SOLIDARIDAD-150x150.jpg",150,150,true],"medium":["https:\/\/diariotiempo.com.uy\/noticias\/wp-content\/uploads\/2025\/02\/SOLIDARIDAD-300x177.jpg",300,177,true],"medium_large":["https:\/\/diariotiempo.com.uy\/noticias\/wp-content\/uploads\/2025\/02\/SOLIDARIDAD-768x452.jpg",640,377,true],"large":["https:\/\/diariotiempo.com.uy\/noticias\/wp-content\/uploads\/2025\/02\/SOLIDARIDAD.jpg",640,377,false],"rpg_gallery_admin_thumb":["https:\/\/diariotiempo.com.uy\/noticias\/wp-content\/uploads\/2025\/02\/SOLIDARIDAD-150x150.jpg",150,150,true],"rpg_gallery_thumb":["https:\/\/diariotiempo.com.uy\/noticias\/wp-content\/uploads\/2025\/02\/SOLIDARIDAD-150x150.jpg",150,150,true],"1536x1536":["https:\/\/diariotiempo.com.uy\/noticias\/wp-content\/uploads\/2025\/02\/SOLIDARIDAD.jpg",945,556,false],"2048x2048":["https:\/\/diariotiempo.com.uy\/noticias\/wp-content\/uploads\/2025\/02\/SOLIDARIDAD.jpg",945,556,false],"covernews-slider-full":["https:\/\/diariotiempo.com.uy\/noticias\/wp-content\/uploads\/2025\/02\/SOLIDARIDAD.jpg",945,556,false],"covernews-slider-center":["https:\/\/diariotiempo.com.uy\/noticias\/wp-content\/uploads\/2025\/02\/SOLIDARIDAD-800x500.jpg",800,500,true],"covernews-featured":["https:\/\/diariotiempo.com.uy\/noticias\/wp-content\/uploads\/2025\/02\/SOLIDARIDAD.jpg",945,556,false],"covernews-medium":["https:\/\/diariotiempo.com.uy\/noticias\/wp-content\/uploads\/2025\/02\/SOLIDARIDAD-540x340.jpg",540,340,true],"covernews-medium-square":["https:\/\/diariotiempo.com.uy\/noticias\/wp-content\/uploads\/2025\/02\/SOLIDARIDAD-400x250.jpg",400,250,true]},"author_info":{"display_name":"diario","author_link":"https:\/\/diariotiempo.com.uy\/noticias\/author\/diario\/"},"category_info":"<a href=\"https:\/\/diariotiempo.com.uy\/noticias\/category\/noticia-destacada\/\" rel=\"category tag\">NOTICIA DESTACADA<\/a>","tag_info":"NOTICIA DESTACADA","comment_count":"0","_links":{"self":[{"href":"https:\/\/diariotiempo.com.uy\/noticias\/wp-json\/wp\/v2\/posts\/18022","targetHints":{"allow":["GET"]}}],"collection":[{"href":"https:\/\/diariotiempo.com.uy\/noticias\/wp-json\/wp\/v2\/posts"}],"about":[{"href":"https:\/\/diariotiempo.com.uy\/noticias\/wp-json\/wp\/v2\/types\/post"}],"author":[{"embeddable":true,"href":"https:\/\/diariotiempo.com.uy\/noticias\/wp-json\/wp\/v2\/users\/1"}],"replies":[{"embeddable":true,"href":"https:\/\/diariotiempo.com.uy\/noticias\/wp-json\/wp\/v2\/comments?post=18022"}],"version-history":[{"count":1,"href":"https:\/\/diariotiempo.com.uy\/noticias\/wp-json\/wp\/v2\/posts\/18022\/revisions"}],"predecessor-version":[{"id":18025,"href":"https:\/\/diariotiempo.com.uy\/noticias\/wp-json\/wp\/v2\/posts\/18022\/revisions\/18025"}],"wp:featuredmedia":[{"embeddable":true,"href":"https:\/\/diariotiempo.com.uy\/noticias\/wp-json\/wp\/v2\/media\/18024"}],"wp:attachment":[{"href":"https:\/\/diariotiempo.com.uy\/noticias\/wp-json\/wp\/v2\/media?parent=18022"}],"wp:term":[{"taxonomy":"category","embeddable":true,"href":"https:\/\/diariotiempo.com.uy\/noticias\/wp-json\/wp\/v2\/categories?post=18022"},{"taxonomy":"post_tag","embeddable":true,"href":"https:\/\/diariotiempo.com.uy\/noticias\/wp-json\/wp\/v2\/tags?post=18022"}],"curies":[{"name":"wp","href":"https:\/\/api.w.org\/{rel}","templated":true}]}}