{"id":18034,"date":"2025-02-21T18:32:11","date_gmt":"2025-02-21T18:32:11","guid":{"rendered":"https:\/\/diariotiempo.com.uy\/noticias\/?p=18034"},"modified":"2025-02-21T18:32:12","modified_gmt":"2025-02-21T18:32:12","slug":"el-ministro-de-trabajo-y-seguridad-social-participo-de-la-inauguracion-de-la-nueva-oficina-de-trabajo","status":"publish","type":"post","link":"https:\/\/diariotiempo.com.uy\/noticias\/2025\/02\/21\/el-ministro-de-trabajo-y-seguridad-social-participo-de-la-inauguracion-de-la-nueva-oficina-de-trabajo\/","title":{"rendered":"El ministro de Trabajo y Seguridad Social, particip\u00f3 de la inauguraci\u00f3n de la nueva Oficina de Trabajo\u00a0"},"content":{"rendered":"\n<figure class=\"wp-block-gallery has-nested-images columns-default is-cropped wp-block-gallery-1 is-layout-flex wp-block-gallery-is-layout-flex\">\n<figure class=\"wp-block-image size-large\"><img loading=\"lazy\" decoding=\"async\" width=\"800\" height=\"600\" data-id=\"18035\" src=\"https:\/\/diariotiempo.com.uy\/noticias\/wp-content\/uploads\/2025\/02\/oficina-pando.jpg\" alt=\"\" class=\"wp-image-18035\" srcset=\"https:\/\/diariotiempo.com.uy\/noticias\/wp-content\/uploads\/2025\/02\/oficina-pando.jpg 800w, https:\/\/diariotiempo.com.uy\/noticias\/wp-content\/uploads\/2025\/02\/oficina-pando-300x225.jpg 300w, https:\/\/diariotiempo.com.uy\/noticias\/wp-content\/uploads\/2025\/02\/oficina-pando-768x576.jpg 768w\" sizes=\"auto, (max-width: 800px) 100vw, 800px\" \/><\/figure>\n\n\n\n<figure class=\"wp-block-image size-large\"><img loading=\"lazy\" decoding=\"async\" width=\"800\" height=\"600\" data-id=\"18036\" src=\"https:\/\/diariotiempo.com.uy\/noticias\/wp-content\/uploads\/2025\/02\/oficina-cinta-interior.jpg\" alt=\"\" class=\"wp-image-18036\" srcset=\"https:\/\/diariotiempo.com.uy\/noticias\/wp-content\/uploads\/2025\/02\/oficina-cinta-interior.jpg 800w, https:\/\/diariotiempo.com.uy\/noticias\/wp-content\/uploads\/2025\/02\/oficina-cinta-interior-300x225.jpg 300w, https:\/\/diariotiempo.com.uy\/noticias\/wp-content\/uploads\/2025\/02\/oficina-cinta-interior-768x576.jpg 768w\" sizes=\"auto, (max-width: 800px) 100vw, 800px\" \/><\/figure>\n<\/figure>\n\n\n\n<p>El ministro de Trabajo y Seguridad Social, Mario Arizti, particip\u00f3 este martes en la inauguraci\u00f3n de las nuevas instalaciones de la Oficina de Trabajo del Ministerio en la ciudad de Pando, departamento de Canelones, acompa\u00f1ado por la directora general de Secretar\u00eda del MTSS, Valentina Arlegui, y el director de Coordinaci\u00f3n en el Interior, Andr\u00e9s Prati. Esta acci\u00f3n se enmarca dentro del proceso de modernizaci\u00f3n y ampliaci\u00f3n de la red de oficinas en el interior del pa\u00eds, dependientes de la Direcci\u00f3n Nacional de Coordinaci\u00f3n en el Interior (DINACOIN), que busca ofrecer espacios m\u00e1s c\u00f3modos y funcionales para la atenci\u00f3n a trabajadores y empleadores.Prati, Arizti y Arlegui inauguran instalaciones de nueva oficina del MTSS en Pando<\/p>\n\n\n\n<p>El ministro Arizti destac\u00f3 la importancia de este tipo de inauguraciones, que reflejan el compromiso del Gobierno con la mejora de los servicios laborales en todo el territorio nacional: \u00abEs un lindo d\u00eda porque terminar una gesti\u00f3n inaugurando oficinas de trabajo que son muy importantes para el interior del pa\u00eds, es una muy buena cosa\u00bb. En su discurso, subray\u00f3 que las oficinas del Ministerio son un lugar clave tanto para el asesoramiento a empleadores como para la resoluci\u00f3n de conflictos laborales, una tarea en la que tambi\u00e9n se atiende el bienestar social de los usuarios. \u00abNo nos olvidemos que la oficina de trabajo en el interior recibe a empleadores y trabajadores en asesoramientos y tambi\u00e9n es muy importante entender al trabajador que viene con sus problemas laborales\u00bb, se\u00f1al\u00f3.<\/p>\n\n\n\n<p>En cuanto a las caracter\u00edsticas de las nuevas instalaciones, el Ministro resalt\u00f3 que se busca proporcionar espacios m\u00e1s amplios, modernos y accesibles para el p\u00fablico y los funcionarios. \u00abEl Ministerio de Trabajo tiene 40 oficinas de trabajo en el interior, hay arrendamientos, en algunas somos propietarios, en otras nos fusionamos con el BPS para atender en algunas localidades, pero obviamente buscamos espacios m\u00e1s c\u00f3modos y agradables que hace a un buen trabajo\u00bb, detall\u00f3 Arizti.La inauguraci\u00f3n de la oficina en Pando se suma a otras aperturas similares que se han realizado durante este per\u00edodo de Gobierno, en ciudades como Sarand\u00ed del Y\u00ed, Atl\u00e1ntida, Paso de los Toros, Florida, entre otras. Estas acciones son parte de la estrategia de DINACOIN, que tiene como objetivo garantizar un mejor acceso a los servicios del MTSS para los habitantes de distintas regiones del pa\u00eds. \u00a0Precisamente, DINACOIN, como una unidad ejecutora del MTSS, tiene como misi\u00f3n garantizar que los servicios del Ministerio lleguen de manera eficiente y accesible a todas las localidades del territorio uruguayo.<\/p>\n\n\n\n<p>Las nuevas instalaciones de la Oficina de Trabajo en Pando permitir\u00e1n que los ciudadanos puedan realizar diversos tr\u00e1mites relacionados con el \u00e1mbito laboral, como la consulta de laudos salariales, jornadas de trabajo y la resoluci\u00f3n de conflictos, en un espacio m\u00e1s adecuado para ofrecer una atenci\u00f3n de calidad. El titular de Trabajo tambi\u00e9n destac\u00f3 la labor social que realiza el Ministerio, en la que no solo se resuelven cuestiones laborales, sino que tambi\u00e9n se brinda contenci\u00f3n a los trabajadores que atraviesan situaciones dif\u00edciles.<\/p>\n\n\n\n<p>Finalmente, Arizti se refiri\u00f3 al proceso de transici\u00f3n en el Ministerio, mencionando que las reuniones con el Ministro designado y los nuevos directores han sido frecuentes desde diciembre y que han trabajado de manera intensa para garantizar una transici\u00f3n ordenada y eficiente.<\/p>\n\n\n\n<p>Con esta inauguraci\u00f3n, el Ministerio de Trabajo y Seguridad Social contin\u00faa avanzando en su objetivo de fortalecer los servicios y la atenci\u00f3n a la ciudadan\u00eda en el interior del pa\u00eds, con un \u00e9nfasis particular en mejorar la calidad de los espacios y la atenci\u00f3n brindada.<br>Fotos MTSS<\/p>\n","protected":false},"excerpt":{"rendered":"<p>El ministro de Trabajo y Seguridad Social, Mario Arizti, particip\u00f3 este martes en la inauguraci\u00f3n&#8230;<\/p>\n","protected":false},"author":1,"featured_media":18036,"comment_status":"closed","ping_status":"closed","sticky":false,"template":"","format":"standard","meta":{"_monsterinsights_skip_tracking":false,"_monsterinsights_sitenote_active":false,"_monsterinsights_sitenote_note":"","_monsterinsights_sitenote_category":0,"footnotes":""},"categories":[11],"tags":[],"class_list":["post-18034","post","type-post","status-publish","format-standard","has-post-thumbnail","hentry","category-noticia-destacada"],"featured_image_urls":{"full":["https:\/\/diariotiempo.com.uy\/noticias\/wp-content\/uploads\/2025\/02\/oficina-cinta-interior.jpg",800,600,false],"thumbnail":["https:\/\/diariotiempo.com.uy\/noticias\/wp-content\/uploads\/2025\/02\/oficina-cinta-interior-150x150.jpg",150,150,true],"medium":["https:\/\/diariotiempo.com.uy\/noticias\/wp-content\/uploads\/2025\/02\/oficina-cinta-interior-300x225.jpg",300,225,true],"medium_large":["https:\/\/diariotiempo.com.uy\/noticias\/wp-content\/uploads\/2025\/02\/oficina-cinta-interior-768x576.jpg",640,480,true],"large":["https:\/\/diariotiempo.com.uy\/noticias\/wp-content\/uploads\/2025\/02\/oficina-cinta-interior.jpg",640,480,false],"rpg_gallery_admin_thumb":["https:\/\/diariotiempo.com.uy\/noticias\/wp-content\/uploads\/2025\/02\/oficina-cinta-interior-150x150.jpg",150,150,true],"rpg_gallery_thumb":["https:\/\/diariotiempo.com.uy\/noticias\/wp-content\/uploads\/2025\/02\/oficina-cinta-interior-150x150.jpg",150,150,true],"1536x1536":["https:\/\/diariotiempo.com.uy\/noticias\/wp-content\/uploads\/2025\/02\/oficina-cinta-interior.jpg",800,600,false],"2048x2048":["https:\/\/diariotiempo.com.uy\/noticias\/wp-content\/uploads\/2025\/02\/oficina-cinta-interior.jpg",800,600,false],"covernews-slider-full":["https:\/\/diariotiempo.com.uy\/noticias\/wp-content\/uploads\/2025\/02\/oficina-cinta-interior.jpg",800,600,false],"covernews-slider-center":["https:\/\/diariotiempo.com.uy\/noticias\/wp-content\/uploads\/2025\/02\/oficina-cinta-interior-800x500.jpg",800,500,true],"covernews-featured":["https:\/\/diariotiempo.com.uy\/noticias\/wp-content\/uploads\/2025\/02\/oficina-cinta-interior.jpg",800,600,false],"covernews-medium":["https:\/\/diariotiempo.com.uy\/noticias\/wp-content\/uploads\/2025\/02\/oficina-cinta-interior-540x340.jpg",540,340,true],"covernews-medium-square":["https:\/\/diariotiempo.com.uy\/noticias\/wp-content\/uploads\/2025\/02\/oficina-cinta-interior-400x250.jpg",400,250,true]},"author_info":{"display_name":"diario","author_link":"https:\/\/diariotiempo.com.uy\/noticias\/author\/diario\/"},"category_info":"<a href=\"https:\/\/diariotiempo.com.uy\/noticias\/category\/noticia-destacada\/\" rel=\"category tag\">NOTICIA DESTACADA<\/a>","tag_info":"NOTICIA DESTACADA","comment_count":"0","_links":{"self":[{"href":"https:\/\/diariotiempo.com.uy\/noticias\/wp-json\/wp\/v2\/posts\/18034","targetHints":{"allow":["GET"]}}],"collection":[{"href":"https:\/\/diariotiempo.com.uy\/noticias\/wp-json\/wp\/v2\/posts"}],"about":[{"href":"https:\/\/diariotiempo.com.uy\/noticias\/wp-json\/wp\/v2\/types\/post"}],"author":[{"embeddable":true,"href":"https:\/\/diariotiempo.com.uy\/noticias\/wp-json\/wp\/v2\/users\/1"}],"replies":[{"embeddable":true,"href":"https:\/\/diariotiempo.com.uy\/noticias\/wp-json\/wp\/v2\/comments?post=18034"}],"version-history":[{"count":1,"href":"https:\/\/diariotiempo.com.uy\/noticias\/wp-json\/wp\/v2\/posts\/18034\/revisions"}],"predecessor-version":[{"id":18037,"href":"https:\/\/diariotiempo.com.uy\/noticias\/wp-json\/wp\/v2\/posts\/18034\/revisions\/18037"}],"wp:featuredmedia":[{"embeddable":true,"href":"https:\/\/diariotiempo.com.uy\/noticias\/wp-json\/wp\/v2\/media\/18036"}],"wp:attachment":[{"href":"https:\/\/diariotiempo.com.uy\/noticias\/wp-json\/wp\/v2\/media?parent=18034"}],"wp:term":[{"taxonomy":"category","embeddable":true,"href":"https:\/\/diariotiempo.com.uy\/noticias\/wp-json\/wp\/v2\/categories?post=18034"},{"taxonomy":"post_tag","embeddable":true,"href":"https:\/\/diariotiempo.com.uy\/noticias\/wp-json\/wp\/v2\/tags?post=18034"}],"curies":[{"name":"wp","href":"https:\/\/api.w.org\/{rel}","templated":true}]}}