{"id":18038,"date":"2025-02-21T18:35:12","date_gmt":"2025-02-21T18:35:12","guid":{"rendered":"https:\/\/diariotiempo.com.uy\/noticias\/?p=18038"},"modified":"2025-02-21T18:35:14","modified_gmt":"2025-02-21T18:35:14","slug":"pando-y-atlantida-reciben-una-vez-mas-el-gran-premio-19-capitales-historico","status":"publish","type":"post","link":"https:\/\/diariotiempo.com.uy\/noticias\/2025\/02\/21\/pando-y-atlantida-reciben-una-vez-mas-el-gran-premio-19-capitales-historico\/","title":{"rendered":"Pando y Atl\u00e1ntida reciben una vez m\u00e1s El Gran Premio 19 Capitales Hist\u00f3rico"},"content":{"rendered":"\n<figure class=\"wp-block-gallery has-nested-images columns-default is-cropped wp-block-gallery-1 is-layout-flex wp-block-gallery-is-layout-flex\">\n<figure class=\"wp-block-image size-large\"><img loading=\"lazy\" decoding=\"async\" width=\"800\" height=\"437\" data-id=\"18039\" src=\"https:\/\/diariotiempo.com.uy\/noticias\/wp-content\/uploads\/2025\/02\/AUTO.jpg\" alt=\"\" class=\"wp-image-18039\" srcset=\"https:\/\/diariotiempo.com.uy\/noticias\/wp-content\/uploads\/2025\/02\/AUTO.jpg 800w, https:\/\/diariotiempo.com.uy\/noticias\/wp-content\/uploads\/2025\/02\/AUTO-300x164.jpg 300w, https:\/\/diariotiempo.com.uy\/noticias\/wp-content\/uploads\/2025\/02\/AUTO-768x420.jpg 768w\" sizes=\"auto, (max-width: 800px) 100vw, 800px\" \/><\/figure>\n\n\n\n<figure class=\"wp-block-image size-large\"><img loading=\"lazy\" decoding=\"async\" width=\"800\" height=\"534\" data-id=\"18040\" src=\"https:\/\/diariotiempo.com.uy\/noticias\/wp-content\/uploads\/2025\/02\/ATLANTIDA-1.jpg\" alt=\"\" class=\"wp-image-18040\" srcset=\"https:\/\/diariotiempo.com.uy\/noticias\/wp-content\/uploads\/2025\/02\/ATLANTIDA-1.jpg 800w, https:\/\/diariotiempo.com.uy\/noticias\/wp-content\/uploads\/2025\/02\/ATLANTIDA-1-300x200.jpg 300w, https:\/\/diariotiempo.com.uy\/noticias\/wp-content\/uploads\/2025\/02\/ATLANTIDA-1-768x513.jpg 768w\" sizes=\"auto, (max-width: 800px) 100vw, 800px\" \/><\/figure>\n<\/figure>\n\n\n\n<p>El Intendente de Canelones, Marcelo Metediera, particip\u00f3 en el lanzamiento de la 21\u00aa edici\u00f3n del Gran Premio del Uruguay &#8211; 19 Capitales Hist\u00f3rico, organizado por el Autom\u00f3vil Club del Uruguay (ACU), la Asociaci\u00f3n Uruguaya de Volantes (AUVO) y el Club Uruguayo de Rally (CUR), con el apoyo de los gobiernos departamentales, organismos p\u00fablicos paraestatales, instituciones privadas del automovilismo, deportivas y educativas.<\/p>\n\n\n\n<p>Esta tradicional prueba recorrer\u00e1 2.500 kil\u00f3metros, atravesando las 19 capitales departamentales en seis etapas que se desarrollar\u00e1n entre el 22 y el 28 de febrero, y que convocar\u00e1 a 83 parejas de pilotos y copilotos en cuatro categor\u00edas.<\/p>\n\n\n\n<p><strong>Canelones, punto de inicio y cierre de la competencia<\/strong><\/p>\n\n\n\n<p>Durante el evento de lanzamiento, realizado en la Sala Roja de la Intendencia de Montevideo, el Intendente Metediera destac\u00f3 el compromiso del departamento con acompa\u00f1ar eventos que generan un movimiento econ\u00f3mico importante en las localidades, con hospedajes y restaurantes llenos, entre otros. \u00abLa gente disfruta y se prepara para ver la llegada, lo que genera un impacto directo e indirecto en la econom\u00eda local\u00bb, manifest\u00f3.<\/p>\n\n\n\n<p>Adem\u00e1s, Metediera subray\u00f3 el valor patrimonial de los veh\u00edculos que participan en la competencia, que ya es un cl\u00e1sico a nivel nacional. Finalmente, resalt\u00f3 la importancia de que este tipo de actividades lleguen a varias localidades canarias, que ser\u00e1n sedes de la partida y la llegada de la gran carrera.La competencia tendr\u00e1 su primera etapa el domingo 23 de febrero, largando del Aeropuerto Internacional de Carrasco, con destino a Maldonado. Tras recorrer el pa\u00eds, la \u00faltima jornada llevar\u00e1 a los participantes desde Colonia hasta Canelones, culminando en horas de la noche en Atl\u00e1ntida donde se realizar\u00e1 la entrega de premios.<\/p>\n\n\n\n<p><strong>Las etapas que incluyen a Canelones son:<\/strong><\/p>\n\n\n\n<p>Etapa 1 &#8211; Domingo 23 de febrero de 2025, 09:00 horas Salida: Aeropuerto Internacional de Carrasco. Paso por Pando: Gral. Artigas. Control Sello Rotary: Sucursal BROU (09:18 horas). Sol\u00eds. Wilson Ferreira Aldunate. Etapa 6 &#8211; Viernes 28 de febrero de 2025 Ingreso al departamento: Ruta 5 desde Florida. Recorrido por ciudad de Canelones: Brigadier Juan A. Lavalleja, Mart\u00ednez Monegal, Tom\u00e1s Berreta. Control Sello Rotary: Plaza 18 de Julio(17:22 horas).Salida de la capital canaria: Jos\u00e9 Batlle y Ord\u00f3\u00f1ez. Jos\u00e9 Enrique Rod\u00f3. Mart\u00ednez Monegal. Brigadier Juan A. Lavalleja. Toma Ruta 11 hacia Atl\u00e1ntida. Llegada final en Atl\u00e1ntida: Country Club, 18:20 horas.<\/p>\n\n\n\n<p><strong>Atl\u00e1ntida recibe una vez m\u00e1s la gran final<\/strong><\/p>\n\n\n\n<p>El Presidente de la Liga deFomento de Atl\u00e1ntida, DanieCervini, destac\u00f3 que recibir la llegada del Gran Premio 19 Capitales Hist\u00f3rico es un honor y un compromiso para la ciudad. De esta manera Atl\u00e1ntida oficia por tercera vez como sede del cierre de la competencia. Cervini hizo hincapi\u00e9 en que la comunidad se ha preparado con el apoyo de la Intendencia, el Concejo Municipal y un grupo de empresarios y vecinos, quienes realizaron un aporte econ\u00f3mico para asegurar la llegada del evento. Los organizadores esperan que esta sea una oportunidad para brindar visibilidad a la regi\u00f3n gracias a la cobertura medi\u00e1tica y la participaci\u00f3n de tripulaciones internacionales.Desde su experiencia como ex competidor, Cervini resalt\u00f3 que la carrera es una vivencia familiar y de amistad, en la que conviven tanto tripulaciones profesionales como aquellas que simplemente buscan disfrutar la experiencia. Adem\u00e1s, se\u00f1al\u00f3 que el evento atrae a multitudes en ciudades y pueblos, estimando una participaci\u00f3n entre 400 y 500 personas, entre pilotos, mec\u00e1nicos, enfermeros y organizadores, lo que genera un impacto econ\u00f3mico en cada localidad.<\/p>\n\n\n\n<p><strong>Copa ANCAP<\/strong><\/p>\n\n\n\n<p>El Vicepresidente de ANCAP, Dr. Diego Mart\u00edn Durand, destac\u00f3 el orgullo de la empresa por apoyar el Gran Premio 19 Capitales, respaldando la competencia desde hace casi cinco a\u00f1os, proveyendo lubricantes y combustibles a los veh\u00edculos competidores. El jerarca resalt\u00f3 que esta competencia no solo moviliza a pilotos y familias, sino tambi\u00e9n a toda la industria del motor.<\/p>\n\n\n\n<p><strong>Historia y valor patrimonial<\/strong><\/p>\n\n\n\n<p>El Gran Premio del Uruguay 19 Capitales Hist\u00f3rico es una competencia de promedio impuesto para autos cl\u00e1sicos, inspirada en las hist\u00f3ricas carreras que recorrieron el pa\u00eds en el siglo XX. Adem\u00e1s de su importancia deportiva, es un evento que rescata el patrimonio automovil\u00edstico uruguayo y atrae a competidores de toda la regi\u00f3n.<\/p>\n\n\n\n<p>El Presidente de ACU, Jorge Tomasi, remarc\u00f3 durante su discurso la figura de Carlos Ubillo, referente del automovilismo de ruta y hacedor de las competencias de las 19 Capitales de velocidad de las d\u00e9cadas de los a\u00f1os sesenta, setenta y principios de los ochenta, quien falleci\u00f3 este jueves 12 de febrero.<\/p>\n\n\n\n<p><strong>Largada simb\u00f3lica en Montevideo<\/strong><\/p>\n\n\n\n<p>Durante la ceremonia de lanzamiento, el Intendente de Montevideo, Ec. Mauricio Zunino, subray\u00f3 la importancia de la largada simb\u00f3lica y la exhibici\u00f3n de autos cl\u00e1sicos, que representan la evoluci\u00f3n del transporte, y reafirm\u00f3 el inter\u00e9s de Montevideo en seguir participando en la competencia y colaborando con otras intendencias y ACU en temas de seguridad vial. En este sentido, felicit\u00f3 a los organizadores por su trabajo en concientizaci\u00f3n sobre la seguridad en el tr\u00e1nsito.<\/p>\n\n\n\n<p><strong>Programa Ruedas Solidarias<\/strong><\/p>\n\n\n\n<p>La Gobernadora del distrito 4975 del Rotary Internacional, Nora Pi\u00f1\u00f3n, destac\u00f3 el impacto social que el Rotary Club del Uruguay logra con el Programa Ruedas Solidarias implementado desde el a\u00f1o 2005, realizando donaciones en coordinaci\u00f3n con los clubes rotarios locales. El programa incluye donaci\u00f3n de materiales, alimentos no perecederos, becas y otras acciones que benefician directamente en la localidad.<\/p>\n\n\n\n<p><strong>La gran carrera<\/strong><\/p>\n\n\n\n<p>Adem\u00e1s de corredores uruguayos, se espera la participaci\u00f3n de paraguayos, argentinos, chilenos, estadounidenses e italianos, consolidando al evento como la de las pruebas m\u00e1s importantes de la regi\u00f3n.<\/p>\n\n\n\n<p><strong>El itinerario completo es el siguiente:<\/strong><\/p>\n\n\n\n<p>\u2022 Largada simb\u00f3lica \u2013 S\u00e1bado 22 de febrero de 2025, Montevideo.<\/p>\n\n\n\n<p>\u2022 Primera etapa \u2013 Domingo 23 de febrero de 2025, Canelones \u2013 Maldonado.<\/p>\n\n\n\n<p>\u2022 Segunda etapa \u2013 Lunes 24 de febrero de 2025, Punta del Este \u2013 Melo.<\/p>\n\n\n\n<p>\u2022 Tercera etapa \u2013 Martes 25 de febrero de 2025, Melo \u2013 Rivera.<\/p>\n\n\n\n<p>\u2022 Cuarta etapa \u2013 Mi\u00e9rcoles 26 de febrero de 2025, Rivera \u2013 Salto.<\/p>\n\n\n\n<p>\u2022 Quinta etapa \u2013 Jueves 27 de febrero de 2025, Salto \u2013 Colonia.<\/p>\n\n\n\n<p>\u2022 Sexta etapa \u2013 Viernes 28 de febrero de 2025, Colonia \u2013 Canelones.<\/p>\n\n\n\n<p><\/p>\n","protected":false},"excerpt":{"rendered":"<p>El Intendente de Canelones, Marcelo Metediera, particip\u00f3 en el lanzamiento de la 21\u00aa edici\u00f3n del&#8230;<\/p>\n","protected":false},"author":1,"featured_media":18039,"comment_status":"closed","ping_status":"closed","sticky":false,"template":"","format":"standard","meta":{"_monsterinsights_skip_tracking":false,"_monsterinsights_sitenote_active":false,"_monsterinsights_sitenote_note":"","_monsterinsights_sitenote_category":0,"footnotes":""},"categories":[19],"tags":[],"class_list":["post-18038","post","type-post","status-publish","format-standard","has-post-thumbnail","hentry","category-pando"],"featured_image_urls":{"full":["https:\/\/diariotiempo.com.uy\/noticias\/wp-content\/uploads\/2025\/02\/AUTO.jpg",800,437,false],"thumbnail":["https:\/\/diariotiempo.com.uy\/noticias\/wp-content\/uploads\/2025\/02\/AUTO-150x150.jpg",150,150,true],"medium":["https:\/\/diariotiempo.com.uy\/noticias\/wp-content\/uploads\/2025\/02\/AUTO-300x164.jpg",300,164,true],"medium_large":["https:\/\/diariotiempo.com.uy\/noticias\/wp-content\/uploads\/2025\/02\/AUTO-768x420.jpg",640,350,true],"large":["https:\/\/diariotiempo.com.uy\/noticias\/wp-content\/uploads\/2025\/02\/AUTO.jpg",640,350,false],"rpg_gallery_admin_thumb":["https:\/\/diariotiempo.com.uy\/noticias\/wp-content\/uploads\/2025\/02\/AUTO-150x150.jpg",150,150,true],"rpg_gallery_thumb":["https:\/\/diariotiempo.com.uy\/noticias\/wp-content\/uploads\/2025\/02\/AUTO-150x150.jpg",150,150,true],"1536x1536":["https:\/\/diariotiempo.com.uy\/noticias\/wp-content\/uploads\/2025\/02\/AUTO.jpg",800,437,false],"2048x2048":["https:\/\/diariotiempo.com.uy\/noticias\/wp-content\/uploads\/2025\/02\/AUTO.jpg",800,437,false],"covernews-slider-full":["https:\/\/diariotiempo.com.uy\/noticias\/wp-content\/uploads\/2025\/02\/AUTO.jpg",800,437,false],"covernews-slider-center":["https:\/\/diariotiempo.com.uy\/noticias\/wp-content\/uploads\/2025\/02\/AUTO.jpg",800,437,false],"covernews-featured":["https:\/\/diariotiempo.com.uy\/noticias\/wp-content\/uploads\/2025\/02\/AUTO.jpg",800,437,false],"covernews-medium":["https:\/\/diariotiempo.com.uy\/noticias\/wp-content\/uploads\/2025\/02\/AUTO-540x340.jpg",540,340,true],"covernews-medium-square":["https:\/\/diariotiempo.com.uy\/noticias\/wp-content\/uploads\/2025\/02\/AUTO-400x250.jpg",400,250,true]},"author_info":{"display_name":"diario","author_link":"https:\/\/diariotiempo.com.uy\/noticias\/author\/diario\/"},"category_info":"<a href=\"https:\/\/diariotiempo.com.uy\/noticias\/category\/departamental\/pando\/\" rel=\"category tag\">Pando<\/a>","tag_info":"Pando","comment_count":"0","_links":{"self":[{"href":"https:\/\/diariotiempo.com.uy\/noticias\/wp-json\/wp\/v2\/posts\/18038","targetHints":{"allow":["GET"]}}],"collection":[{"href":"https:\/\/diariotiempo.com.uy\/noticias\/wp-json\/wp\/v2\/posts"}],"about":[{"href":"https:\/\/diariotiempo.com.uy\/noticias\/wp-json\/wp\/v2\/types\/post"}],"author":[{"embeddable":true,"href":"https:\/\/diariotiempo.com.uy\/noticias\/wp-json\/wp\/v2\/users\/1"}],"replies":[{"embeddable":true,"href":"https:\/\/diariotiempo.com.uy\/noticias\/wp-json\/wp\/v2\/comments?post=18038"}],"version-history":[{"count":1,"href":"https:\/\/diariotiempo.com.uy\/noticias\/wp-json\/wp\/v2\/posts\/18038\/revisions"}],"predecessor-version":[{"id":18041,"href":"https:\/\/diariotiempo.com.uy\/noticias\/wp-json\/wp\/v2\/posts\/18038\/revisions\/18041"}],"wp:featuredmedia":[{"embeddable":true,"href":"https:\/\/diariotiempo.com.uy\/noticias\/wp-json\/wp\/v2\/media\/18039"}],"wp:attachment":[{"href":"https:\/\/diariotiempo.com.uy\/noticias\/wp-json\/wp\/v2\/media?parent=18038"}],"wp:term":[{"taxonomy":"category","embeddable":true,"href":"https:\/\/diariotiempo.com.uy\/noticias\/wp-json\/wp\/v2\/categories?post=18038"},{"taxonomy":"post_tag","embeddable":true,"href":"https:\/\/diariotiempo.com.uy\/noticias\/wp-json\/wp\/v2\/tags?post=18038"}],"curies":[{"name":"wp","href":"https:\/\/api.w.org\/{rel}","templated":true}]}}