{"id":18046,"date":"2025-02-21T18:38:33","date_gmt":"2025-02-21T18:38:33","guid":{"rendered":"https:\/\/diariotiempo.com.uy\/noticias\/?p=18046"},"modified":"2025-02-21T18:38:34","modified_gmt":"2025-02-21T18:38:34","slug":"presentaron-inventario-de-gases-de-efecto-invernadero-y-profundiza-su-compromiso-ambiental","status":"publish","type":"post","link":"https:\/\/diariotiempo.com.uy\/noticias\/2025\/02\/21\/presentaron-inventario-de-gases-de-efecto-invernadero-y-profundiza-su-compromiso-ambiental\/","title":{"rendered":"Presentaron Inventario de Gases de Efecto Invernadero y profundiza su compromiso ambiental"},"content":{"rendered":"\n<figure class=\"wp-block-image size-full\"><img loading=\"lazy\" decoding=\"async\" width=\"900\" height=\"600\" src=\"https:\/\/diariotiempo.com.uy\/noticias\/wp-content\/uploads\/2025\/02\/diamo.jpg\" alt=\"\" class=\"wp-image-18047\" srcset=\"https:\/\/diariotiempo.com.uy\/noticias\/wp-content\/uploads\/2025\/02\/diamo.jpg 900w, https:\/\/diariotiempo.com.uy\/noticias\/wp-content\/uploads\/2025\/02\/diamo-300x200.jpg 300w, https:\/\/diariotiempo.com.uy\/noticias\/wp-content\/uploads\/2025\/02\/diamo-768x512.jpg 768w\" sizes=\"auto, (max-width: 900px) 100vw, 900px\" \/><\/figure>\n\n\n\n<p>La Intendencia de Canelones recibe a una delegaci\u00f3n argentina integrada por representantes de los gobiernos de Buenos Aires, Salta y Neuqu\u00e9n en el marco del proyecto de cooperaci\u00f3n descentralizada Argentina-Uruguay, enfocado en la planificaci\u00f3n para la reducci\u00f3n de riesgos de desastres y el abordaje de las consecuencias del cambio clim\u00e1tico.La delegaci\u00f3n del vecino pa\u00eds permanecer\u00e1 durante tres d\u00edas en Canelones para participar en diversas instancias y recorridas por el departamento con el objetivo de intercambiar experiencias en la gesti\u00f3n de desastres tales como inundaciones e incendios forestales.El Director General de Relaciones Internacionales y Gobierno Abierto de la Intendencia de Canelones, Dr. Edison Lanza, explic\u00f3 que esta instancia forma parte de un proyecto de cooperaci\u00f3n Sur-Sur promovido por el Ministerio de Relaciones Exteriores de Uruguay y la Agencia de Cooperaci\u00f3n de Argentina y seleccionado en un concurso realizado hace dos a\u00f1os.Lanza destac\u00f3 que Canelones cuenta con un trabajo relevante en la materia a trav\u00e9s del Centro Coordinador de Emergencias Departamental (CECOED), que opera en coordinaci\u00f3n con autoridades nacionales, bomberos, polic\u00eda, prefectura y otras instituciones, con representaci\u00f3n en el encuentro. Las visitas programadas durante la estad\u00eda de la delegaci\u00f3n argentina incluyen recorridas por zonas vulnerables para conocer c\u00f3mo se maneja el riesgo en Santa Luc\u00eda, Ciudad de la Costa y Costa de Oro.<\/p>\n\n\n\n<p><strong>Cooperaci\u00f3n descentralizada e intercambiot\u00e9cnico<\/strong><\/p>\n\n\n\n<p>La Directora de An\u00e1lisis y Reducci\u00f3n de Riesgo de la Subsecretar\u00eda de Emergencias del Ministerio de Seguridad de Buenos Aires, Andrea Su\u00e1rez Maestre, mencion\u00f3 que esta visita es parte de la tercera misi\u00f3n del convenio internacional entre Argentina y Uruguay. Destac\u00f3 la importancia de incluir la gesti\u00f3n de riesgos en la agenda de seguridad humana y las estrategias de articulaci\u00f3n entre municipios y provincias.Su\u00e1rez afirm\u00f3 que las metodolog\u00edas aplicadas en Uruguay pueden servir de referencia para la provincia de Buenos Aires y resalt\u00f3 el trabajo conjunto entre sistemas de defensa civil, emergencias y bomberos.Por su parte, Constanza Pelleschi, de la Secretar\u00eda de Ambiente y Desarrollo Sustentable de Salta, valor\u00f3 el intercambio con Canelones y otras provincias argentinas, resaltando que cada regi\u00f3n tiene particularidades geogr\u00e1ficas y poblacionales que inciden en la gesti\u00f3n del riesgo. Adem\u00e1s, subray\u00f3 que el conocimiento de sistemas de alerta temprana y participaci\u00f3n comunitaria en la prevenci\u00f3n de desastres resultan fundamentales y pueden ser de utilidad en Salta.Finalmente, Mar\u00eda Cardieri, del Observatorio Provincial de Gesti\u00f3n de Riesgos de la Secretar\u00eda de Emergencias de Neuqu\u00e9n, present\u00f3 el operativo Fuego, vigente en su provincia, para la prevenci\u00f3n y respuesta ante incendios forestales e interfase. Tambi\u00e9n destac\u00f3 la importancia del convenio para intercambiar experiencias y reconocer estrategias aplicables en Neuqu\u00e9n, mostr\u00e1ndose interesada especialmente en la articulaci\u00f3n con gobiernos locales para la gesti\u00f3n de riesgos de inundaci\u00f3n.<\/p>\n\n\n\n<p><strong>Participaci\u00f3n comunitaria y fortalecimiento de alertas tempranas<\/strong><\/p>\n\n\n\n<p>Tras la reuni\u00f3n, la delegaci\u00f3n visit\u00f3 Santa Luc\u00eda, donde se realiz\u00f3 un recorrido por el Jard\u00edn Hist\u00f3rico Quinta Capurro y un encuentro con vecinos y autoridades locales. Tambi\u00e9n visitaron las Usina de Aguas Corrientes, donde se ubica la planta potabilizadora destinada a abastecer de agua potable a Montevideo y a varias ciudades del departamento de Canelones.El Director General de Gesti\u00f3n Ambiental de Canelones, Leonardo Herou, se\u00f1al\u00f3 que este tipo de intercambios permite fortalecer los sistemas de alerta temprana y compartir estrategias de prevenci\u00f3n. Record\u00f3 que hace un a\u00f1o se inici\u00f3 el v\u00ednculo con estas provincias argentinas, con una primera visita de la delegaci\u00f3n canaria a Argentina.El recorrido a diferentes zonas de Canelones permite conocer in situ las estrategias de mitigaci\u00f3n y respuesta ante emergencias ambientales. La delegaci\u00f3n argentina destac\u00f3 la experiencia canaria en la articulaci\u00f3n interinstitucional y la participaci\u00f3n ciudadana en la gesti\u00f3n de riesgos, aspectos que consideran interesantes para replicar en sus territorios.<\/p>\n","protected":false},"excerpt":{"rendered":"<p>La Intendencia de Canelones recibe a una delegaci\u00f3n argentina integrada por representantes de los gobiernos&#8230;<\/p>\n","protected":false},"author":1,"featured_media":18047,"comment_status":"closed","ping_status":"closed","sticky":false,"template":"","format":"standard","meta":{"_monsterinsights_skip_tracking":false,"_monsterinsights_sitenote_active":false,"_monsterinsights_sitenote_note":"","_monsterinsights_sitenote_category":0,"footnotes":""},"categories":[4],"tags":[],"class_list":["post-18046","post","type-post","status-publish","format-standard","has-post-thumbnail","hentry","category-departamental"],"featured_image_urls":{"full":["https:\/\/diariotiempo.com.uy\/noticias\/wp-content\/uploads\/2025\/02\/diamo.jpg",900,600,false],"thumbnail":["https:\/\/diariotiempo.com.uy\/noticias\/wp-content\/uploads\/2025\/02\/diamo-150x150.jpg",150,150,true],"medium":["https:\/\/diariotiempo.com.uy\/noticias\/wp-content\/uploads\/2025\/02\/diamo-300x200.jpg",300,200,true],"medium_large":["https:\/\/diariotiempo.com.uy\/noticias\/wp-content\/uploads\/2025\/02\/diamo-768x512.jpg",640,427,true],"large":["https:\/\/diariotiempo.com.uy\/noticias\/wp-content\/uploads\/2025\/02\/diamo.jpg",640,427,false],"rpg_gallery_admin_thumb":["https:\/\/diariotiempo.com.uy\/noticias\/wp-content\/uploads\/2025\/02\/diamo-150x150.jpg",150,150,true],"rpg_gallery_thumb":["https:\/\/diariotiempo.com.uy\/noticias\/wp-content\/uploads\/2025\/02\/diamo-150x150.jpg",150,150,true],"1536x1536":["https:\/\/diariotiempo.com.uy\/noticias\/wp-content\/uploads\/2025\/02\/diamo.jpg",900,600,false],"2048x2048":["https:\/\/diariotiempo.com.uy\/noticias\/wp-content\/uploads\/2025\/02\/diamo.jpg",900,600,false],"covernews-slider-full":["https:\/\/diariotiempo.com.uy\/noticias\/wp-content\/uploads\/2025\/02\/diamo.jpg",900,600,false],"covernews-slider-center":["https:\/\/diariotiempo.com.uy\/noticias\/wp-content\/uploads\/2025\/02\/diamo-800x500.jpg",800,500,true],"covernews-featured":["https:\/\/diariotiempo.com.uy\/noticias\/wp-content\/uploads\/2025\/02\/diamo.jpg",900,600,false],"covernews-medium":["https:\/\/diariotiempo.com.uy\/noticias\/wp-content\/uploads\/2025\/02\/diamo-540x340.jpg",540,340,true],"covernews-medium-square":["https:\/\/diariotiempo.com.uy\/noticias\/wp-content\/uploads\/2025\/02\/diamo-400x250.jpg",400,250,true]},"author_info":{"display_name":"diario","author_link":"https:\/\/diariotiempo.com.uy\/noticias\/author\/diario\/"},"category_info":"<a href=\"https:\/\/diariotiempo.com.uy\/noticias\/category\/departamental\/\" rel=\"category tag\">DEPARTAMENTAL<\/a>","tag_info":"DEPARTAMENTAL","comment_count":"0","_links":{"self":[{"href":"https:\/\/diariotiempo.com.uy\/noticias\/wp-json\/wp\/v2\/posts\/18046","targetHints":{"allow":["GET"]}}],"collection":[{"href":"https:\/\/diariotiempo.com.uy\/noticias\/wp-json\/wp\/v2\/posts"}],"about":[{"href":"https:\/\/diariotiempo.com.uy\/noticias\/wp-json\/wp\/v2\/types\/post"}],"author":[{"embeddable":true,"href":"https:\/\/diariotiempo.com.uy\/noticias\/wp-json\/wp\/v2\/users\/1"}],"replies":[{"embeddable":true,"href":"https:\/\/diariotiempo.com.uy\/noticias\/wp-json\/wp\/v2\/comments?post=18046"}],"version-history":[{"count":1,"href":"https:\/\/diariotiempo.com.uy\/noticias\/wp-json\/wp\/v2\/posts\/18046\/revisions"}],"predecessor-version":[{"id":18048,"href":"https:\/\/diariotiempo.com.uy\/noticias\/wp-json\/wp\/v2\/posts\/18046\/revisions\/18048"}],"wp:featuredmedia":[{"embeddable":true,"href":"https:\/\/diariotiempo.com.uy\/noticias\/wp-json\/wp\/v2\/media\/18047"}],"wp:attachment":[{"href":"https:\/\/diariotiempo.com.uy\/noticias\/wp-json\/wp\/v2\/media?parent=18046"}],"wp:term":[{"taxonomy":"category","embeddable":true,"href":"https:\/\/diariotiempo.com.uy\/noticias\/wp-json\/wp\/v2\/categories?post=18046"},{"taxonomy":"post_tag","embeddable":true,"href":"https:\/\/diariotiempo.com.uy\/noticias\/wp-json\/wp\/v2\/tags?post=18046"}],"curies":[{"name":"wp","href":"https:\/\/api.w.org\/{rel}","templated":true}]}}