{"id":18124,"date":"2025-02-28T12:47:20","date_gmt":"2025-02-28T12:47:20","guid":{"rendered":"https:\/\/diariotiempo.com.uy\/noticias\/?p=18124"},"modified":"2025-02-28T12:47:21","modified_gmt":"2025-02-28T12:47:21","slug":"bypass-de-san-ramon-evitara-aislamiento-de-vecinos-durante-inundaciones","status":"publish","type":"post","link":"https:\/\/diariotiempo.com.uy\/noticias\/2025\/02\/28\/bypass-de-san-ramon-evitara-aislamiento-de-vecinos-durante-inundaciones\/","title":{"rendered":"Bypass de San Ram\u00f3n evitar\u00e1 aislamiento de vecinos durante inundaciones"},"content":{"rendered":"\n<figure class=\"wp-block-gallery has-nested-images columns-default is-cropped wp-block-gallery-1 is-layout-flex wp-block-gallery-is-layout-flex\">\n<figure class=\"wp-block-image size-large\"><img loading=\"lazy\" decoding=\"async\" width=\"700\" height=\"579\" data-id=\"18125\" src=\"https:\/\/diariotiempo.com.uy\/noticias\/wp-content\/uploads\/2025\/02\/san-ramon-puente.jpg\" alt=\"\" class=\"wp-image-18125\" srcset=\"https:\/\/diariotiempo.com.uy\/noticias\/wp-content\/uploads\/2025\/02\/san-ramon-puente.jpg 700w, https:\/\/diariotiempo.com.uy\/noticias\/wp-content\/uploads\/2025\/02\/san-ramon-puente-300x248.jpg 300w\" sizes=\"auto, (max-width: 700px) 100vw, 700px\" \/><\/figure>\n\n\n\n<figure class=\"wp-block-image size-large\"><img loading=\"lazy\" decoding=\"async\" width=\"800\" height=\"471\" data-id=\"18126\" src=\"https:\/\/diariotiempo.com.uy\/noticias\/wp-content\/uploads\/2025\/02\/11-1.jpg\" alt=\"\" class=\"wp-image-18126\" srcset=\"https:\/\/diariotiempo.com.uy\/noticias\/wp-content\/uploads\/2025\/02\/11-1.jpg 800w, https:\/\/diariotiempo.com.uy\/noticias\/wp-content\/uploads\/2025\/02\/11-1-300x177.jpg 300w, https:\/\/diariotiempo.com.uy\/noticias\/wp-content\/uploads\/2025\/02\/11-1-768x452.jpg 768w\" sizes=\"auto, (max-width: 800px) 100vw, 800px\" \/><\/figure>\n<\/figure>\n\n\n\n<p>El presidente de la Rep\u00fablica, Luis Lacalle Pou, inaugur\u00f3 la rehabilitaci\u00f3n de 78 kil\u00f3metros de la ruta 6, entre la avenida Jos\u00e9 Belloni y la ruta 12. Los trabajos incluyeron la construcci\u00f3n de un bypass en la ciudad de San Ram\u00f3n, con tres puentes no inundables sobre el r\u00edo Santa Luc\u00eda y sus ramales. El mandatario calific\u00f3 la reconstrucci\u00f3n de toda esta ruta como una obra de estricta justicia y generadora de oportunidades.<\/p>\n\n\n\n<p>La actividad se desarroll\u00f3 este mi\u00e9rcoles 19, con la participaci\u00f3n del ministro de Transporte y Obras P\u00fablicas, Jos\u00e9 Luis Falero; el subsecretario de la cartera, Juan Jos\u00e9 Olaizola; el director nacional de Vialidad, Hern\u00e1n Ciganda; los intendentes de Canelones y Florida, Gabriela Garrido y Guillermo L\u00f3pez, respectivamente, y el alcalde de San Ram\u00f3n, N\u00e9stor Clavijo.<\/p>\n\n\n\n<p>La obra comprende la rehabilitaci\u00f3n de 78 kil\u00f3metros de la ruta 6 y abarca a los departamentos de Montevideo, Canelones y Florida. Asimismo, incluye la construcci\u00f3n de un bypass en la ciudad de San Ram\u00f3n, con tres puentes no inundables, lo que evitar\u00e1 que los vecinos de la localidad permanezcan aislados en caso de lluvias intensas, como suced\u00eda en el pasado, por el desborde del r\u00edo Santa Luc\u00eda. El mandatario valor\u00f3 la importancia que este Gobierno asign\u00f3 a la reconstrucci\u00f3n de la citada ruta, en distintos tramos. Asimismo, consider\u00f3 estas obras de \u201cestricta justicia\u201d, ya que se trata de una v\u00eda que hab\u00eda sido relegada, lo que afectaba a quienes viven en su entorno. \u201cSe generaba una injusticia por falta de oportunidades\u201d, se\u00f1al\u00f3. Lacalle Pou tambi\u00e9n se refiri\u00f3 al cambio de gobierno que se aproxima y le dese\u00f3 al pr\u00f3ximo \u201cque le vaya lo mejor posible\u201d. <\/p>\n\n\n\n<p>El jerarca se\u00f1al\u00f3 que la democracia se construye d\u00eda a d\u00eda, no solo en las instituciones, sino en cada rinc\u00f3n del territorio. \u201cSi tenemos la democracia que tenemos, es porque los ciudadanos nos obligan a los pol\u00edticos a ser de determinada manera\u201d, dijo.<\/p>\n\n\n\n<p>Por su parte, Falero resalt\u00f3 la calidad de la obra en el tramo inaugurado y consider\u00f3 que ello garantizar\u00e1 su durabilidad. A\u00f1adi\u00f3 que se incluy\u00f3 la construcci\u00f3n de siete puentes y la intervenci\u00f3n de otros nueve, adem\u00e1s de 14 rotondas y la instalaci\u00f3n de iluminaci\u00f3n a lo largo de 12 kil\u00f3metros. \u201cCambia el paisaje de la zona y las necesidades que ten\u00eda\u201d, asegur\u00f3. Fuente y fotos Presidencia<\/p>\n","protected":false},"excerpt":{"rendered":"<p>El presidente de la Rep\u00fablica, Luis Lacalle Pou, inaugur\u00f3 la rehabilitaci\u00f3n de 78 kil\u00f3metros de&#8230;<\/p>\n","protected":false},"author":1,"featured_media":18126,"comment_status":"closed","ping_status":"closed","sticky":false,"template":"","format":"standard","meta":{"_monsterinsights_skip_tracking":false,"_monsterinsights_sitenote_active":false,"_monsterinsights_sitenote_note":"","_monsterinsights_sitenote_category":0,"footnotes":""},"categories":[111],"tags":[],"class_list":["post-18124","post","type-post","status-publish","format-standard","has-post-thumbnail","hentry","category-san-ramon"],"featured_image_urls":{"full":["https:\/\/diariotiempo.com.uy\/noticias\/wp-content\/uploads\/2025\/02\/11-1.jpg",800,471,false],"thumbnail":["https:\/\/diariotiempo.com.uy\/noticias\/wp-content\/uploads\/2025\/02\/11-1-150x150.jpg",150,150,true],"medium":["https:\/\/diariotiempo.com.uy\/noticias\/wp-content\/uploads\/2025\/02\/11-1-300x177.jpg",300,177,true],"medium_large":["https:\/\/diariotiempo.com.uy\/noticias\/wp-content\/uploads\/2025\/02\/11-1-768x452.jpg",640,377,true],"large":["https:\/\/diariotiempo.com.uy\/noticias\/wp-content\/uploads\/2025\/02\/11-1.jpg",640,377,false],"rpg_gallery_admin_thumb":["https:\/\/diariotiempo.com.uy\/noticias\/wp-content\/uploads\/2025\/02\/11-1-150x150.jpg",150,150,true],"rpg_gallery_thumb":["https:\/\/diariotiempo.com.uy\/noticias\/wp-content\/uploads\/2025\/02\/11-1-150x150.jpg",150,150,true],"1536x1536":["https:\/\/diariotiempo.com.uy\/noticias\/wp-content\/uploads\/2025\/02\/11-1.jpg",800,471,false],"2048x2048":["https:\/\/diariotiempo.com.uy\/noticias\/wp-content\/uploads\/2025\/02\/11-1.jpg",800,471,false],"covernews-slider-full":["https:\/\/diariotiempo.com.uy\/noticias\/wp-content\/uploads\/2025\/02\/11-1.jpg",800,471,false],"covernews-slider-center":["https:\/\/diariotiempo.com.uy\/noticias\/wp-content\/uploads\/2025\/02\/11-1.jpg",800,471,false],"covernews-featured":["https:\/\/diariotiempo.com.uy\/noticias\/wp-content\/uploads\/2025\/02\/11-1.jpg",800,471,false],"covernews-medium":["https:\/\/diariotiempo.com.uy\/noticias\/wp-content\/uploads\/2025\/02\/11-1-540x340.jpg",540,340,true],"covernews-medium-square":["https:\/\/diariotiempo.com.uy\/noticias\/wp-content\/uploads\/2025\/02\/11-1-400x250.jpg",400,250,true]},"author_info":{"display_name":"diario","author_link":"https:\/\/diariotiempo.com.uy\/noticias\/author\/diario\/"},"category_info":"<a href=\"https:\/\/diariotiempo.com.uy\/noticias\/category\/departamental\/san-ramon\/\" rel=\"category tag\">San Ram\u00f3n<\/a>","tag_info":"San Ram\u00f3n","comment_count":"0","_links":{"self":[{"href":"https:\/\/diariotiempo.com.uy\/noticias\/wp-json\/wp\/v2\/posts\/18124","targetHints":{"allow":["GET"]}}],"collection":[{"href":"https:\/\/diariotiempo.com.uy\/noticias\/wp-json\/wp\/v2\/posts"}],"about":[{"href":"https:\/\/diariotiempo.com.uy\/noticias\/wp-json\/wp\/v2\/types\/post"}],"author":[{"embeddable":true,"href":"https:\/\/diariotiempo.com.uy\/noticias\/wp-json\/wp\/v2\/users\/1"}],"replies":[{"embeddable":true,"href":"https:\/\/diariotiempo.com.uy\/noticias\/wp-json\/wp\/v2\/comments?post=18124"}],"version-history":[{"count":1,"href":"https:\/\/diariotiempo.com.uy\/noticias\/wp-json\/wp\/v2\/posts\/18124\/revisions"}],"predecessor-version":[{"id":18127,"href":"https:\/\/diariotiempo.com.uy\/noticias\/wp-json\/wp\/v2\/posts\/18124\/revisions\/18127"}],"wp:featuredmedia":[{"embeddable":true,"href":"https:\/\/diariotiempo.com.uy\/noticias\/wp-json\/wp\/v2\/media\/18126"}],"wp:attachment":[{"href":"https:\/\/diariotiempo.com.uy\/noticias\/wp-json\/wp\/v2\/media?parent=18124"}],"wp:term":[{"taxonomy":"category","embeddable":true,"href":"https:\/\/diariotiempo.com.uy\/noticias\/wp-json\/wp\/v2\/categories?post=18124"},{"taxonomy":"post_tag","embeddable":true,"href":"https:\/\/diariotiempo.com.uy\/noticias\/wp-json\/wp\/v2\/tags?post=18124"}],"curies":[{"name":"wp","href":"https:\/\/api.w.org\/{rel}","templated":true}]}}