{"id":18128,"date":"2025-02-28T12:50:24","date_gmt":"2025-02-28T12:50:24","guid":{"rendered":"https:\/\/diariotiempo.com.uy\/noticias\/?p=18128"},"modified":"2025-02-28T12:50:25","modified_gmt":"2025-02-28T12:50:25","slug":"presentaron-flota-de-13-camiones-electricos-destinados-a-la-recoleccion-de-residuos-reciclables","status":"publish","type":"post","link":"https:\/\/diariotiempo.com.uy\/noticias\/2025\/02\/28\/presentaron-flota-de-13-camiones-electricos-destinados-a-la-recoleccion-de-residuos-reciclables\/","title":{"rendered":"Presentaron flota de 13 camiones el\u00e9ctricos destinados a la recolecci\u00f3n de residuos reciclables"},"content":{"rendered":"\n<figure class=\"wp-block-gallery has-nested-images columns-default is-cropped wp-block-gallery-1 is-layout-flex wp-block-gallery-is-layout-flex\">\n<figure class=\"wp-block-image size-large\"><img loading=\"lazy\" decoding=\"async\" width=\"800\" height=\"600\" data-id=\"18129\" src=\"https:\/\/diariotiempo.com.uy\/noticias\/wp-content\/uploads\/2025\/02\/camiones.jpg\" alt=\"\" class=\"wp-image-18129\" srcset=\"https:\/\/diariotiempo.com.uy\/noticias\/wp-content\/uploads\/2025\/02\/camiones.jpg 800w, https:\/\/diariotiempo.com.uy\/noticias\/wp-content\/uploads\/2025\/02\/camiones-300x225.jpg 300w, https:\/\/diariotiempo.com.uy\/noticias\/wp-content\/uploads\/2025\/02\/camiones-768x576.jpg 768w\" sizes=\"auto, (max-width: 800px) 100vw, 800px\" \/><\/figure>\n\n\n\n<figure class=\"wp-block-image size-large\"><img loading=\"lazy\" decoding=\"async\" width=\"800\" height=\"600\" data-id=\"18130\" src=\"https:\/\/diariotiempo.com.uy\/noticias\/wp-content\/uploads\/2025\/02\/camion.jpg\" alt=\"\" class=\"wp-image-18130\" srcset=\"https:\/\/diariotiempo.com.uy\/noticias\/wp-content\/uploads\/2025\/02\/camion.jpg 800w, https:\/\/diariotiempo.com.uy\/noticias\/wp-content\/uploads\/2025\/02\/camion-300x225.jpg 300w, https:\/\/diariotiempo.com.uy\/noticias\/wp-content\/uploads\/2025\/02\/camion-768x576.jpg 768w\" sizes=\"auto, (max-width: 800px) 100vw, 800px\" \/><\/figure>\n<\/figure>\n\n\n\n<p>La Intendencia de Canelones, a trav\u00e9s de la Direcci\u00f3n General de Gesti\u00f3n Ambiental y en el marco de un trabajo de articulaci\u00f3n con el Ministerio de Ambiente y el Plan Vale, present\u00f3 su flota de 13 camiones el\u00e9ctricos destinados a la recolecci\u00f3n de residuos reciclables, con el objetivo de reducir la emisi\u00f3n de gases de efecto invernadero, mejorar la eficiencia en la gesti\u00f3n de residuos y generar ahorros en costos operativos.La incorporaci\u00f3n de estos camiones el\u00e9ctricos responde a la Estrategia Canaria de Acci\u00f3n Clim\u00e1tica, que busca reducir el impacto ambiental del transporte de residuos. Los veh\u00edculos el\u00e9ctricos presentan ventajas significativas frente a los de combusti\u00f3n interna, entre ellas, la reducci\u00f3n del 60 % en costos de combustible en comparaci\u00f3n con camiones a gasoil; menores costos de mantenimiento, con revisiones m\u00e1s espaciadas y menor desgaste de componentes; y reducci\u00f3n de m\u00e1s del 90 % en emisiones de gases de efecto invernadero, considerando el factor de emisiones de la matriz energ\u00e9tica uruguaya.Estos avances se suman a los resultados obtenidos en la captaci\u00f3n de residuos para reciclaje. Seg\u00fan datos de la Intendencia y del Ministerio de Ambiente, en enero de 2025 el material correctamente clasificado por los hogares canarios para los programas de reciclaje equivale a m\u00e1s del 50 % de los envases volcados al mercado en el departamento, mientras que a nivel nacional esta cifra es del 6 %.<\/p>\n\n\n\n<p><strong>Impacto en el reciclaje y generaci\u00f3n de empleo<\/strong><\/p>\n\n\n\n<p>La Intendenta interina, Profa. Gabriela Garrido, destac\u00f3 que la incorporaci\u00f3n de la flota el\u00e9ctrica es una reconversi\u00f3n muy importante para la reducci\u00f3n de emisiones y el fortalecimiento del sistema de reciclaje. En este marco, anunci\u00f3 que se concretar\u00e1 la instalaci\u00f3n de 30 Ecopuntos en localidades en las que no hay recolecci\u00f3n domiciliaria, como San Antonio y el barrio Benzo en Toledo. Adem\u00e1s, se proyecta alcanzar la entrega de contenedores domiciliarios a 150.000 familias para fortalecer la separaci\u00f3n de residuos en origen.Asimismo, se avanza en la construcci\u00f3n de dos plantas de reciclaje en las zonas oeste y este del departamento, con el objetivo de mejorar las condiciones laborales de los recicladores. Actualmente, unas 80 personas trabajan en la clasificaci\u00f3n de materiales en plantas de reciclaje en Las Piedras, Paso Carrasco, Salinas y Atl\u00e1ntida, con acceso a un salario digno y mejores condiciones laborales.<\/p>\n\n\n\n<p><strong>Caracter\u00edsticas y operaci\u00f3n de la flota el\u00e9ctrica<\/strong><\/p>\n\n\n\n<p>Los nuevos cuatro camiones el\u00e9ctricos incorporados se suman a los nueve adquiridos en 2022, completando la flota de 13 veh\u00edculos presentados. Entre sus caracter\u00edsticas se destacan: la autonom\u00eda de 270\/280 km por carga, suficiente para completar los recorridos diarios; la transmisi\u00f3n autom\u00e1tica y f\u00e1cil maniobrabilidad, con una capacidad de carga \u00f3ptima; el mantenimiento cada 20.000 km, frente a los 6.000\/7.000 km de los camiones tradicionales; las bater\u00edas con garant\u00eda de ocho a\u00f1os, asegurando una operaci\u00f3n prolongada sin inconvenientes; y el sistema de carga dual, con cargadores lentos (10\/12 horas de carga nocturna) y r\u00e1pidos (seis horas para carga completa).El Director General de Gesti\u00f3n Ambiental, Leonardo Herou, subray\u00f3 que la incorporaci\u00f3n de estos camiones consolida el compromiso del gobierno departamental con la transici\u00f3n energ\u00e9tica y la econom\u00eda circular. Adem\u00e1s, afirm\u00f3 que este es un modelo que demuestra que es posible avanzar hacia un sistema m\u00e1s eficiente y sustentable, generando ahorros y reduciendo el impacto ambiental.La inversi\u00f3n total en equipamiento para limpieza y gesti\u00f3n de residuos supera los 20 millones de d\u00f3lares, lo que refleja el compromiso integral de la Intendencia de Canelones con la sostenibilidad y la mejora de los servicios para la comunidad. Fuente y fotos IMC<\/p>\n","protected":false},"excerpt":{"rendered":"<p>La Intendencia de Canelones, a trav\u00e9s de la Direcci\u00f3n General de Gesti\u00f3n Ambiental y en&#8230;<\/p>\n","protected":false},"author":1,"featured_media":18129,"comment_status":"closed","ping_status":"closed","sticky":false,"template":"","format":"standard","meta":{"_monsterinsights_skip_tracking":false,"_monsterinsights_sitenote_active":false,"_monsterinsights_sitenote_note":"","_monsterinsights_sitenote_category":0,"footnotes":""},"categories":[4],"tags":[],"class_list":["post-18128","post","type-post","status-publish","format-standard","has-post-thumbnail","hentry","category-departamental"],"featured_image_urls":{"full":["https:\/\/diariotiempo.com.uy\/noticias\/wp-content\/uploads\/2025\/02\/camiones.jpg",800,600,false],"thumbnail":["https:\/\/diariotiempo.com.uy\/noticias\/wp-content\/uploads\/2025\/02\/camiones-150x150.jpg",150,150,true],"medium":["https:\/\/diariotiempo.com.uy\/noticias\/wp-content\/uploads\/2025\/02\/camiones-300x225.jpg",300,225,true],"medium_large":["https:\/\/diariotiempo.com.uy\/noticias\/wp-content\/uploads\/2025\/02\/camiones-768x576.jpg",640,480,true],"large":["https:\/\/diariotiempo.com.uy\/noticias\/wp-content\/uploads\/2025\/02\/camiones.jpg",640,480,false],"rpg_gallery_admin_thumb":["https:\/\/diariotiempo.com.uy\/noticias\/wp-content\/uploads\/2025\/02\/camiones-150x150.jpg",150,150,true],"rpg_gallery_thumb":["https:\/\/diariotiempo.com.uy\/noticias\/wp-content\/uploads\/2025\/02\/camiones-150x150.jpg",150,150,true],"1536x1536":["https:\/\/diariotiempo.com.uy\/noticias\/wp-content\/uploads\/2025\/02\/camiones.jpg",800,600,false],"2048x2048":["https:\/\/diariotiempo.com.uy\/noticias\/wp-content\/uploads\/2025\/02\/camiones.jpg",800,600,false],"covernews-slider-full":["https:\/\/diariotiempo.com.uy\/noticias\/wp-content\/uploads\/2025\/02\/camiones.jpg",800,600,false],"covernews-slider-center":["https:\/\/diariotiempo.com.uy\/noticias\/wp-content\/uploads\/2025\/02\/camiones-800x500.jpg",800,500,true],"covernews-featured":["https:\/\/diariotiempo.com.uy\/noticias\/wp-content\/uploads\/2025\/02\/camiones.jpg",800,600,false],"covernews-medium":["https:\/\/diariotiempo.com.uy\/noticias\/wp-content\/uploads\/2025\/02\/camiones-540x340.jpg",540,340,true],"covernews-medium-square":["https:\/\/diariotiempo.com.uy\/noticias\/wp-content\/uploads\/2025\/02\/camiones-400x250.jpg",400,250,true]},"author_info":{"display_name":"diario","author_link":"https:\/\/diariotiempo.com.uy\/noticias\/author\/diario\/"},"category_info":"<a href=\"https:\/\/diariotiempo.com.uy\/noticias\/category\/departamental\/\" rel=\"category tag\">DEPARTAMENTAL<\/a>","tag_info":"DEPARTAMENTAL","comment_count":"0","_links":{"self":[{"href":"https:\/\/diariotiempo.com.uy\/noticias\/wp-json\/wp\/v2\/posts\/18128","targetHints":{"allow":["GET"]}}],"collection":[{"href":"https:\/\/diariotiempo.com.uy\/noticias\/wp-json\/wp\/v2\/posts"}],"about":[{"href":"https:\/\/diariotiempo.com.uy\/noticias\/wp-json\/wp\/v2\/types\/post"}],"author":[{"embeddable":true,"href":"https:\/\/diariotiempo.com.uy\/noticias\/wp-json\/wp\/v2\/users\/1"}],"replies":[{"embeddable":true,"href":"https:\/\/diariotiempo.com.uy\/noticias\/wp-json\/wp\/v2\/comments?post=18128"}],"version-history":[{"count":1,"href":"https:\/\/diariotiempo.com.uy\/noticias\/wp-json\/wp\/v2\/posts\/18128\/revisions"}],"predecessor-version":[{"id":18131,"href":"https:\/\/diariotiempo.com.uy\/noticias\/wp-json\/wp\/v2\/posts\/18128\/revisions\/18131"}],"wp:featuredmedia":[{"embeddable":true,"href":"https:\/\/diariotiempo.com.uy\/noticias\/wp-json\/wp\/v2\/media\/18129"}],"wp:attachment":[{"href":"https:\/\/diariotiempo.com.uy\/noticias\/wp-json\/wp\/v2\/media?parent=18128"}],"wp:term":[{"taxonomy":"category","embeddable":true,"href":"https:\/\/diariotiempo.com.uy\/noticias\/wp-json\/wp\/v2\/categories?post=18128"},{"taxonomy":"post_tag","embeddable":true,"href":"https:\/\/diariotiempo.com.uy\/noticias\/wp-json\/wp\/v2\/tags?post=18128"}],"curies":[{"name":"wp","href":"https:\/\/api.w.org\/{rel}","templated":true}]}}