{"id":1824,"date":"2021-09-24T16:36:05","date_gmt":"2021-09-24T16:36:05","guid":{"rendered":"https:\/\/diariotiempo.com.uy\/noticias\/?p=1824"},"modified":"2021-09-24T16:37:13","modified_gmt":"2021-09-24T16:37:13","slug":"los-trampolines-de-los-candidatos-y-la-baja-heredabilidad-de-la-politica","status":"publish","type":"post","link":"https:\/\/diariotiempo.com.uy\/noticias\/2021\/09\/24\/los-trampolines-de-los-candidatos-y-la-baja-heredabilidad-de-la-politica\/","title":{"rendered":"LOS TRAMPOLINES DE LOS CANDIDATOS Y LA BAJA HEREDABILIDAD DE LA POL\u00cdTICA"},"content":{"rendered":"\n<h2 class=\"wp-block-heading\">(Cuarta parte)<br><\/h2>\n\n\n\n<p>Uruguay desde su creaci\u00f3n como naci\u00f3n en 1830 estuvo bajo el poder militar transitoriamente con respecto o no de la constituci\u00f3n, siendo lo curioso que el primer militar presidente fue un argentino (Rondeau), posteriormente se sucedieron caudillos de ej\u00e9rcitos irregulares que desembocaron en la guerra grande, siendo destacable los militares emergentes de esas contiendas como Flores, Latorre, Santos, que luego ocuparon la m\u00e1xima responsabilidad pol\u00edtica.<\/p>\n\n\n\n<p>En siglo 20 comenz\u00f3 con disputas como en el 1904 que terminaron siendo laudadas con acuerdos que se mantuvieron hasta el a\u00f1o 70(recuerdo el padre de un amigo que vivi\u00f3 hasta fines del 60 y cobraba una pensi\u00f3n por haber sido combatiente), mientras que con la dictadura de Terra de 1933 se comienza con la reparaci\u00f3n de los empleados p\u00fablicos desplazados durante el periodo de facto, al igual que en el 84 luego del gobierno dictatorial.<\/p>\n\n\n\n<p>Generalmente recordamos a los militares como parte central de la interrupci\u00f3n involuntaria de la democracia en conjunci\u00f3n con civiles dispuestos a colaborar con el proceso, el herrerismo en el 33 y algunos colorados o blancos conservadores en el 73, especialmente los convocados bajo el paragua del ruralismo creado por Nardone y sustentado por Bordaberry en ese momento, con una mirada adem\u00e1s de catolicismo ortodoxo mezclado con posturas neofascistas de derecha.<\/p>\n\n\n\n<p>Un dato novedoso es la presencia de las familias ideol\u00f3gicas como se autodenominaban aquellos que ven\u00edan de la \u00e9poca de Terra, e incluso en el caso del General \u00c1lvarez teniendo a su padre como edec\u00e1n del dictador de la d\u00e9cada del 30.<\/p>\n\n\n\n<p>Adem\u00e1s de los militares que han ostentado el poder por la fuerza han existido uniformados que han tenido una carrera pol\u00edtica especialmente luego de su retiro, recordando por ejemplo al general Gestido, Seregni, Murdoc, u oros con menor visibilidad.<\/p>\n\n\n\n<p>Solamente Gestido ocup\u00f3 democr\u00e1ticamente la presidencia, mientras que Seregni fue la figura m\u00e1s importante del Frente Amplio previo y posteriormente a la dictadura, habiendo sido Murdoc presidente del Partido Nacional en la etapa pre dictadura, dos distinguidas personalidades del quehacer pol\u00edtico de nuestro pa\u00eds y verdaderos defensores de la leyes en momentos muy dif\u00edciles desde la izquierda o desde la derecha, manteniendo un sano equilibrio de respaldo institucional.<br>Durante el periodo de facto nadie podr\u00eda negar la responsabilidad de mando militar en todos los acontecimientos nacionales e internacionales, inclusive sustituyendo el parlamento por un consejo de estado o la justicia por los tribunales o jueces militares e inclusive manteniendo presencia en el primer gabinete democr\u00e1tico (general Medina como Ministro del interior).<br>En una oportunidad un Coronel durante la dictadura me dec\u00eda que hasta ahora se acordaban de ellos cada 4 a\u00f1os y ahora deb\u00edan tenerles en cuenta todos los d\u00edas, aclar\u00e1ndome que ellos no eran el brazo armado de la oligarqu\u00eda como se dec\u00eda, porque adem\u00e1s sabemos que en su mayor\u00eda proven\u00edan de clases bajas. De cualquier manera recuerdo que le alert\u00e9 de que en ese momento seguramente en la escuela militar hab\u00edan hijos o nietos de personas de alto poder econ\u00f3mico estudiando para militar, porque era el lugar donde estaba concentrado gran parte del poder. Cuando aparece Manini R\u00edos me hubiera gustado hacerle recordar lo que en su momento afirm\u00e9, ya que tomando al actual l\u00edder de Cabildo Abierto como ejemplo, no se trata de un hijo de las clases populares, y por el contrario proviene de una familia de elevados recursos econ\u00f3micos, con diarios ahora semanario, campo y otras propiedades, simplemente repasando su declaraci\u00f3n jurada sabemos que es de los actuales \u00b4senadores con mayor espalda econ\u00f3mica.<br>Como ha sucedido muchas veces en Am\u00e9rica Latina los militares se inmiscuyen en pol\u00edtica, haciendo parte de su trampol\u00edn durante su etapa como activo, mediante declaraciones irregulares como sucedi\u00f3 con Manini cuando fue destituido por Tabar\u00e9 V\u00e1zquez, y antes de y luego de, aunque me atrevo a decir que ya estaba en sus planes acceder a la disputa electoral desde antes.<br>El partido colorado perdi\u00f3 una gran oportunidad cuando el general Aguerre quiso incursionar en la arena pol\u00edtica con sus antecedentes de defensor de las leyes durante la dictadura y al igual que Gestido en su momento podr\u00eda haber captado a ese electorado que hoy se expresa en Cabildo Abierto, especialmente desilusionados con el tema de seguridad.<\/p>\n\n\n\n<p>Por m\u00e1s que los militares como custodias de las armas y la seguridad del pa\u00eds no deber\u00edan participar en pol\u00edtica, es muy probable que cada d\u00eda con mayor frecuencia aparezcan en todos los partidos ex uniformados para empardar la ventaja que sac\u00f3 Guido y dando mensajes de fortaleza, para los temas que a los gobiernos les cuestan solucionar.<\/p>\n\n\n\n<p>Otro trampol\u00edn que se da con mayor frecuencia es el sindical, y justo en este momento tenemos el pase del a\u00f1o, el presidente del PIT-CNT pasa a comandar la principal fuerza opositora, debilitando al movimiento sindical y con escasa posibilidades de \u00e9xito frente a la anquilosada estructura del Frente Amplio.<\/p>\n\n\n\n<p>Escuchando sus palabras de lanzamiento de su candidatura me dio un poco de l\u00e1stima, pensar que va a realizar grandes trasformaciones con los mismos actores pol\u00edticos, esquema de representaci\u00f3n, parece medio ilusorio; capaz que como gobernante del estado tendr\u00eda mejores chances de cambiar algo(incluso rode\u00e1ndose de una dama de 4 d\u00e9cadas, se ve que le gusta Arjona).<\/p>\n\n\n\n<p>Con el respaldo de la Vertiente Artiguista que estuvo por desaparecer, sino fuera por los 2 intendentes del periodo pasado y otros apoyos coyunturales, cuanto quiera hacer grandes cambios tendr\u00e1 el desgaste que han tenido todos sus predecesores, por lo tanto le recomendar\u00eda que no renuncie a primaria, todav\u00eda es una persona joven que puede pasar sin pena ni gloria por la pol\u00edtica mayor.<\/p>\n\n\n\n<p>Los par\u00e1metros que rigen el sindicalismo son diferentes y responden al respecto individual por aquellos que durante a\u00f1os de lucha fueron ganando su sitio aunado a compromisos pol\u00edticos partidarios, que tambi\u00e9n pueden estar jugando. Recuerdo a Pereira desmarc\u00e1ndose cuando se hac\u00edan an\u00e1lisis del futuro internacional y del trabajo, siendo una persona conciliadora pero con ideas firmes, todo lo dicho le jugar\u00e1 en contra en el Frente si gana.<\/p>\n\n\n\n<p>Estoy convencido que al final el movimiento sindical se ver\u00e1 perjudicado, no creo que se le d\u00e9 cabida a nuevas figuras dentro de la central para dirigirla y habr\u00e1 un predominio de los representantes del Partido Comunista, que pueden flechar la cancha chocando incluso con los sectores m\u00e1s radicales dentro del Pit-Cnt, que todav\u00eda permanecen en su seno aunque con grandes diferencias.<br>La historia del movimiento sindical est\u00e1 llena de traspaso hacia la pol\u00edtica especialmente desde la creaci\u00f3n del Frente Amplio, pero actualmente recurrir a la etapa previa de avanzar sobre la estructura sindical para solucionar la gobernabilidad de una coalici\u00f3n me parece un desprop\u00f3sito; cuando D\u00b4\u00b4El\u00eda fue candidato era algo coyuntural o en el otro extremo los que fueron gobernantes optaron por una decisi\u00f3n a largo plazo. En este caso puede quedar el estimado sindicalista en Pampa y la v\u00eda, porque para ser candidato seguramente el desgaste del cargo no le permita obtener los apoyos necesarios.<br>Al comienzo los sindicalistas eran de filosof\u00eda anarquista, posteriormente vinculados al Partido Comunista pero en paralelo exist\u00edan los aut\u00f3nomos que eran afiliados no clasistas, logr\u00e1ndose la conformaci\u00f3n de la central \u00fanica en 1964 y el PIT-CNT en el 83 como conjunci\u00f3n con el PIT que se form\u00f3 durante la dictadura.<br>Los casos m\u00e1s conocidos en ese ir y venir han sido Andrade y Castillo, habiendo intercambiado roles y responsabilidades en el movimiento obrero durante largos periodos y como legisladores, e incluso director del Ministerio de Trabajo en el periodo pasado el actual secretario general del Partido Comunista.<br>Por m\u00e1s que la central de trabajadores es una organizaci\u00f3n bastante colegiada en sus decisiones, la predominancia de representantes del Partido Comunista no creo que le haga bien desde el punto de vista de la representaci\u00f3n, e incluso con personas como Abdala que salen del pa\u00eds a defender a Maduro por ejemplo, cuando deben haber muchos venezolanos de la di\u00e1spora, que pueden formar parte del sindicalismo uruguayo y verse en nada representada por el secretario general o gran parte de los trabajadores uruguayos.<br>Aunque parezca desproporcionado corto por aqu\u00ed hago un quiebre y los invito a seguir la semana que viene\u2026\u2026<\/p>\n","protected":false},"excerpt":{"rendered":"<p>(Cuarta parte) Uruguay desde su creaci\u00f3n como naci\u00f3n en 1830 estuvo bajo el poder militar&#8230;<\/p>\n","protected":false},"author":1,"featured_media":1160,"comment_status":"open","ping_status":"open","sticky":false,"template":"","format":"standard","meta":{"_monsterinsights_skip_tracking":false,"_monsterinsights_sitenote_active":false,"_monsterinsights_sitenote_note":"","_monsterinsights_sitenote_category":0,"footnotes":""},"categories":[2],"tags":[],"class_list":["post-1824","post","type-post","status-publish","format-standard","has-post-thumbnail","hentry","category-opinion"],"featured_image_urls":{"full":["https:\/\/diariotiempo.com.uy\/noticias\/wp-content\/uploads\/2021\/07\/Master-Escribe-Casanova.jpg",300,185,false],"thumbnail":["https:\/\/diariotiempo.com.uy\/noticias\/wp-content\/uploads\/2021\/07\/Master-Escribe-Casanova-150x150.jpg",150,150,true],"medium":["https:\/\/diariotiempo.com.uy\/noticias\/wp-content\/uploads\/2021\/07\/Master-Escribe-Casanova.jpg",300,185,false],"medium_large":["https:\/\/diariotiempo.com.uy\/noticias\/wp-content\/uploads\/2021\/07\/Master-Escribe-Casanova.jpg",300,185,false],"large":["https:\/\/diariotiempo.com.uy\/noticias\/wp-content\/uploads\/2021\/07\/Master-Escribe-Casanova.jpg",300,185,false],"rpg_gallery_admin_thumb":["https:\/\/diariotiempo.com.uy\/noticias\/wp-content\/uploads\/2021\/07\/Master-Escribe-Casanova.jpg",150,93,false],"rpg_gallery_thumb":["https:\/\/diariotiempo.com.uy\/noticias\/wp-content\/uploads\/2021\/07\/Master-Escribe-Casanova.jpg",150,93,false],"1536x1536":["https:\/\/diariotiempo.com.uy\/noticias\/wp-content\/uploads\/2021\/07\/Master-Escribe-Casanova.jpg",300,185,false],"2048x2048":["https:\/\/diariotiempo.com.uy\/noticias\/wp-content\/uploads\/2021\/07\/Master-Escribe-Casanova.jpg",300,185,false],"covernews-slider-full":["https:\/\/diariotiempo.com.uy\/noticias\/wp-content\/uploads\/2021\/07\/Master-Escribe-Casanova.jpg",300,185,false],"covernews-slider-center":["https:\/\/diariotiempo.com.uy\/noticias\/wp-content\/uploads\/2021\/07\/Master-Escribe-Casanova.jpg",300,185,false],"covernews-featured":["https:\/\/diariotiempo.com.uy\/noticias\/wp-content\/uploads\/2021\/07\/Master-Escribe-Casanova.jpg",300,185,false],"covernews-medium":["https:\/\/diariotiempo.com.uy\/noticias\/wp-content\/uploads\/2021\/07\/Master-Escribe-Casanova.jpg",300,185,false],"covernews-medium-square":["https:\/\/diariotiempo.com.uy\/noticias\/wp-content\/uploads\/2021\/07\/Master-Escribe-Casanova.jpg",300,185,false]},"author_info":{"display_name":"diario","author_link":"https:\/\/diariotiempo.com.uy\/noticias\/author\/diario\/"},"category_info":"<a href=\"https:\/\/diariotiempo.com.uy\/noticias\/category\/opinion\/\" rel=\"category tag\">OPINI\u00d3N<\/a>","tag_info":"OPINI\u00d3N","comment_count":"0","_links":{"self":[{"href":"https:\/\/diariotiempo.com.uy\/noticias\/wp-json\/wp\/v2\/posts\/1824","targetHints":{"allow":["GET"]}}],"collection":[{"href":"https:\/\/diariotiempo.com.uy\/noticias\/wp-json\/wp\/v2\/posts"}],"about":[{"href":"https:\/\/diariotiempo.com.uy\/noticias\/wp-json\/wp\/v2\/types\/post"}],"author":[{"embeddable":true,"href":"https:\/\/diariotiempo.com.uy\/noticias\/wp-json\/wp\/v2\/users\/1"}],"replies":[{"embeddable":true,"href":"https:\/\/diariotiempo.com.uy\/noticias\/wp-json\/wp\/v2\/comments?post=1824"}],"version-history":[{"count":1,"href":"https:\/\/diariotiempo.com.uy\/noticias\/wp-json\/wp\/v2\/posts\/1824\/revisions"}],"predecessor-version":[{"id":1825,"href":"https:\/\/diariotiempo.com.uy\/noticias\/wp-json\/wp\/v2\/posts\/1824\/revisions\/1825"}],"wp:featuredmedia":[{"embeddable":true,"href":"https:\/\/diariotiempo.com.uy\/noticias\/wp-json\/wp\/v2\/media\/1160"}],"wp:attachment":[{"href":"https:\/\/diariotiempo.com.uy\/noticias\/wp-json\/wp\/v2\/media?parent=1824"}],"wp:term":[{"taxonomy":"category","embeddable":true,"href":"https:\/\/diariotiempo.com.uy\/noticias\/wp-json\/wp\/v2\/categories?post=1824"},{"taxonomy":"post_tag","embeddable":true,"href":"https:\/\/diariotiempo.com.uy\/noticias\/wp-json\/wp\/v2\/tags?post=1824"}],"curies":[{"name":"wp","href":"https:\/\/api.w.org\/{rel}","templated":true}]}}