{"id":18251,"date":"2025-03-14T14:39:15","date_gmt":"2025-03-14T14:39:15","guid":{"rendered":"https:\/\/diariotiempo.com.uy\/noticias\/?p=18251"},"modified":"2025-03-14T14:39:40","modified_gmt":"2025-03-14T14:39:40","slug":"asumieron-nuevas-autoridades-de-la-jefatura-de-policia-de-canelones","status":"publish","type":"post","link":"https:\/\/diariotiempo.com.uy\/noticias\/2025\/03\/14\/asumieron-nuevas-autoridades-de-la-jefatura-de-policia-de-canelones\/","title":{"rendered":"Asumieron nuevas autoridades de\u00a0la Jefatura de Polic\u00eda de Canelones"},"content":{"rendered":"\n<figure class=\"wp-block-gallery has-nested-images columns-default is-cropped wp-block-gallery-1 is-layout-flex wp-block-gallery-is-layout-flex\">\n<figure class=\"wp-block-image size-large\"><img loading=\"lazy\" decoding=\"async\" width=\"800\" height=\"533\" data-id=\"18252\" src=\"https:\/\/diariotiempo.com.uy\/noticias\/wp-content\/uploads\/2025\/03\/POLICIA-NUEVO.jpg\" alt=\"\" class=\"wp-image-18252\" srcset=\"https:\/\/diariotiempo.com.uy\/noticias\/wp-content\/uploads\/2025\/03\/POLICIA-NUEVO.jpg 800w, https:\/\/diariotiempo.com.uy\/noticias\/wp-content\/uploads\/2025\/03\/POLICIA-NUEVO-300x200.jpg 300w, https:\/\/diariotiempo.com.uy\/noticias\/wp-content\/uploads\/2025\/03\/POLICIA-NUEVO-768x512.jpg 768w\" sizes=\"auto, (max-width: 800px) 100vw, 800px\" \/><\/figure>\n\n\n\n<figure class=\"wp-block-image size-large\"><img loading=\"lazy\" decoding=\"async\" width=\"800\" height=\"534\" data-id=\"18253\" src=\"https:\/\/diariotiempo.com.uy\/noticias\/wp-content\/uploads\/2025\/03\/POLICIAS-NUEVOS-DOS.jpg\" alt=\"\" class=\"wp-image-18253\" srcset=\"https:\/\/diariotiempo.com.uy\/noticias\/wp-content\/uploads\/2025\/03\/POLICIAS-NUEVOS-DOS.jpg 800w, https:\/\/diariotiempo.com.uy\/noticias\/wp-content\/uploads\/2025\/03\/POLICIAS-NUEVOS-DOS-300x200.jpg 300w, https:\/\/diariotiempo.com.uy\/noticias\/wp-content\/uploads\/2025\/03\/POLICIAS-NUEVOS-DOS-768x513.jpg 768w\" sizes=\"auto, (max-width: 800px) 100vw, 800px\" \/><\/figure>\n<\/figure>\n\n\n\n<p>Con presencia del Ministro del Interior, Dr. Carlos Negro y de la Intendenta de Canelones, Profa. Gabriela Garrido, asumieron nuevas autoridades de la Jefatura de Polic\u00eda de Canelones.<\/p>\n\n\n\n<p>La Intendencia de Canelones mantiene una s\u00f3lida articulaci\u00f3n con el Ministerio del Interior y la Jefatura de Polic\u00eda de Canelones, la cual refleja un firme compromiso de trabajo en conjunto, en pos de continuar avanzando en medidas efectivas en materia de seguridad y convivencia en el departamento.<\/p>\n\n\n\n<p>La Intendenta Garrido, destac\u00f3 la importancia del trabajo coordinado entre la Jefatura de Polic\u00eda y la Intendencia en diversas \u00e1reas y subray\u00f3 la cooperaci\u00f3n permanente que existe entre ambas instituciones en temas que son prioritarios para la poblaci\u00f3n del departamento.<\/p>\n\n\n\n<p>Durante el acto, se efectiviz\u00f3 la imposici\u00f3n en el cargo del Sub Jefe de Polic\u00eda, Comisario Mayor Lic. Roberto Elizarde, y del Director de Coordinaci\u00f3n Ejecutiva, Comisario Mayor Fabricio Da Rosa.<\/p>\n\n\n\n<p>La ceremonia se realiz\u00f3 en la Sala Lumi\u00e8re de la ciudad de Canelones y, cont\u00f3 tambi\u00e9n, con la participaci\u00f3n del Senador Nicol\u00e1s Viera, la Diputada por Canelones In\u00e9s Cortes, el Presidente de la Junta Departamental de Canelones, Daniel Pereira, el Alcalde del Municipio Canelones, Dar\u00edo Pimienta, el Jefe de Polic\u00eda de Canelones, Comisario General (R.) Fabio Quevedo Britto y el Director de Seguridad y Convivencia de la Intendencia de Canelones, Nicol\u00e1s Guillenea, entre otras &nbsp;autoridades nacionales, departamentales y locales, adem\u00e1s de representantes del Poder Judicial, Fiscal\u00eda General de la Naci\u00f3n y efectivos policiales.<\/p>\n\n\n\n<p>Compromiso de trabajo conjunto entre la Intendencia y la Jefatura de Polic\u00eda<\/p>\n\n\n\n<p>La Intendenta Garrido, resalt\u00f3 el trabajo permanente que se realiza con Jefatura en materia de seguridad vial, con acciones conjuntas entre inspectores de tr\u00e1nsito y efectivos policiales para el control de picadas y exceso de velocidad en distintas zonas del departamento.<\/p>\n\n\n\n<p>Garrido tambi\u00e9n mencion\u00f3 la labor en la preservaci\u00f3n de espacios p\u00fablicos, la convivencia y el abordaje de la problem\u00e1tica del narcotr\u00e1fico, resaltando el rol de los municipios en la recepci\u00f3n de denuncias vecinales y la necesidad de fortalecer el trabajo interinstitucional.<\/p>\n\n\n\n<p>En este sentido, la Intendencia cuenta con la Direccion de Seguridad y Convivencia, mediante la cual se establecen acciones y articulaciones con distintos organismos del Estado tanto a nivel departamental como nacional.<\/p>\n\n\n\n<p>Otro tema abordado por la Intendenta fue la situaci\u00f3n de las personas en situaci\u00f3n de calle, un fen\u00f3meno en crecimiento en los \u00faltimos cinco a\u00f1os, especialmente en ciudades como Las Piedras y Pando, destacando la coordinaci\u00f3n entre la Intendencia, Jefatura de Polic\u00eda, el Ministerio de Desarrollo Social, ASSE y el sector privado para mejorar la asistencia y generar nuevos refugios.<\/p>\n\n\n\n<p>Enfatiz\u00f3 que, m\u00e1s all\u00e1 de la contenci\u00f3n inmediata, es fundamental trabajar en las causas estructurales de esta problem\u00e1tica, incluyendo el acceso a la salud mental y el tratamiento de adicciones.<\/p>\n\n\n\n<p>Lineamientos de la nueva gesti\u00f3n policial en Canelones<\/p>\n\n\n\n<p>El Jefe de Polic\u00eda de Canelones, Comisario General (R.) Fabio Quevedo Britto, expres\u00f3 su compromiso con la seguridad del departamento y resalt\u00f3 su conocimiento del territorio y de la comunidad tras m\u00e1s de tres d\u00e9cadas de servicio. Indic\u00f3 que su gesti\u00f3n se basar\u00e1 en la prevenci\u00f3n, disuasi\u00f3n y combate del delito, con especial \u00e9nfasis en el narcotr\u00e1fico y su impacto en otros delitos.<\/p>\n\n\n\n<p>Quevedo anunci\u00f3 una reestructuraci\u00f3n interna con rotaciones en las jefaturas operacionales y en algunas seccionales policiales, adem\u00e1s del refuerzo de la Brigada Departamental Antidrogas. Se\u00f1al\u00f3 que los operativos de control en la zona metropolitana se intensificar\u00e1n, atendiendo a la alta densidad poblacional y los desaf\u00edos espec\u00edficos de seguridad que enfrenta la regi\u00f3n.<\/p>\n\n\n\n<p>La ceremonia finaliz\u00f3 con el compromiso de todas las partes presentes de continuar fortaleciendo el trabajo conjunto en seguridad, convivencia y desarrollo social en Canelones.&nbsp;<\/p>\n","protected":false},"excerpt":{"rendered":"<p>Con presencia del Ministro del Interior, Dr. Carlos Negro y de la Intendenta de Canelones,&#8230;<\/p>\n","protected":false},"author":1,"featured_media":18253,"comment_status":"closed","ping_status":"closed","sticky":false,"template":"","format":"standard","meta":{"_monsterinsights_skip_tracking":false,"_monsterinsights_sitenote_active":false,"_monsterinsights_sitenote_note":"","_monsterinsights_sitenote_category":0,"footnotes":""},"categories":[11],"tags":[],"class_list":["post-18251","post","type-post","status-publish","format-standard","has-post-thumbnail","hentry","category-noticia-destacada"],"featured_image_urls":{"full":["https:\/\/diariotiempo.com.uy\/noticias\/wp-content\/uploads\/2025\/03\/POLICIAS-NUEVOS-DOS.jpg",800,534,false],"thumbnail":["https:\/\/diariotiempo.com.uy\/noticias\/wp-content\/uploads\/2025\/03\/POLICIAS-NUEVOS-DOS-150x150.jpg",150,150,true],"medium":["https:\/\/diariotiempo.com.uy\/noticias\/wp-content\/uploads\/2025\/03\/POLICIAS-NUEVOS-DOS-300x200.jpg",300,200,true],"medium_large":["https:\/\/diariotiempo.com.uy\/noticias\/wp-content\/uploads\/2025\/03\/POLICIAS-NUEVOS-DOS-768x513.jpg",640,428,true],"large":["https:\/\/diariotiempo.com.uy\/noticias\/wp-content\/uploads\/2025\/03\/POLICIAS-NUEVOS-DOS.jpg",640,427,false],"rpg_gallery_admin_thumb":["https:\/\/diariotiempo.com.uy\/noticias\/wp-content\/uploads\/2025\/03\/POLICIAS-NUEVOS-DOS-150x150.jpg",150,150,true],"rpg_gallery_thumb":["https:\/\/diariotiempo.com.uy\/noticias\/wp-content\/uploads\/2025\/03\/POLICIAS-NUEVOS-DOS-150x150.jpg",150,150,true],"1536x1536":["https:\/\/diariotiempo.com.uy\/noticias\/wp-content\/uploads\/2025\/03\/POLICIAS-NUEVOS-DOS.jpg",800,534,false],"2048x2048":["https:\/\/diariotiempo.com.uy\/noticias\/wp-content\/uploads\/2025\/03\/POLICIAS-NUEVOS-DOS.jpg",800,534,false],"covernews-slider-full":["https:\/\/diariotiempo.com.uy\/noticias\/wp-content\/uploads\/2025\/03\/POLICIAS-NUEVOS-DOS.jpg",800,534,false],"covernews-slider-center":["https:\/\/diariotiempo.com.uy\/noticias\/wp-content\/uploads\/2025\/03\/POLICIAS-NUEVOS-DOS-800x500.jpg",800,500,true],"covernews-featured":["https:\/\/diariotiempo.com.uy\/noticias\/wp-content\/uploads\/2025\/03\/POLICIAS-NUEVOS-DOS.jpg",800,534,false],"covernews-medium":["https:\/\/diariotiempo.com.uy\/noticias\/wp-content\/uploads\/2025\/03\/POLICIAS-NUEVOS-DOS-540x340.jpg",540,340,true],"covernews-medium-square":["https:\/\/diariotiempo.com.uy\/noticias\/wp-content\/uploads\/2025\/03\/POLICIAS-NUEVOS-DOS-400x250.jpg",400,250,true]},"author_info":{"display_name":"diario","author_link":"https:\/\/diariotiempo.com.uy\/noticias\/author\/diario\/"},"category_info":"<a href=\"https:\/\/diariotiempo.com.uy\/noticias\/category\/noticia-destacada\/\" rel=\"category tag\">NOTICIA DESTACADA<\/a>","tag_info":"NOTICIA DESTACADA","comment_count":"0","_links":{"self":[{"href":"https:\/\/diariotiempo.com.uy\/noticias\/wp-json\/wp\/v2\/posts\/18251","targetHints":{"allow":["GET"]}}],"collection":[{"href":"https:\/\/diariotiempo.com.uy\/noticias\/wp-json\/wp\/v2\/posts"}],"about":[{"href":"https:\/\/diariotiempo.com.uy\/noticias\/wp-json\/wp\/v2\/types\/post"}],"author":[{"embeddable":true,"href":"https:\/\/diariotiempo.com.uy\/noticias\/wp-json\/wp\/v2\/users\/1"}],"replies":[{"embeddable":true,"href":"https:\/\/diariotiempo.com.uy\/noticias\/wp-json\/wp\/v2\/comments?post=18251"}],"version-history":[{"count":1,"href":"https:\/\/diariotiempo.com.uy\/noticias\/wp-json\/wp\/v2\/posts\/18251\/revisions"}],"predecessor-version":[{"id":18254,"href":"https:\/\/diariotiempo.com.uy\/noticias\/wp-json\/wp\/v2\/posts\/18251\/revisions\/18254"}],"wp:featuredmedia":[{"embeddable":true,"href":"https:\/\/diariotiempo.com.uy\/noticias\/wp-json\/wp\/v2\/media\/18253"}],"wp:attachment":[{"href":"https:\/\/diariotiempo.com.uy\/noticias\/wp-json\/wp\/v2\/media?parent=18251"}],"wp:term":[{"taxonomy":"category","embeddable":true,"href":"https:\/\/diariotiempo.com.uy\/noticias\/wp-json\/wp\/v2\/categories?post=18251"},{"taxonomy":"post_tag","embeddable":true,"href":"https:\/\/diariotiempo.com.uy\/noticias\/wp-json\/wp\/v2\/tags?post=18251"}],"curies":[{"name":"wp","href":"https:\/\/api.w.org\/{rel}","templated":true}]}}