{"id":18262,"date":"2025-03-14T14:44:31","date_gmt":"2025-03-14T14:44:31","guid":{"rendered":"https:\/\/diariotiempo.com.uy\/noticias\/?p=18262"},"modified":"2025-03-14T14:44:32","modified_gmt":"2025-03-14T14:44:32","slug":"tras-reunion-con-adeom-lerete-tomo-dos-temas-y-los-incluyo-en-su-programa-de-gobierno","status":"publish","type":"post","link":"https:\/\/diariotiempo.com.uy\/noticias\/2025\/03\/14\/tras-reunion-con-adeom-lerete-tomo-dos-temas-y-los-incluyo-en-su-programa-de-gobierno\/","title":{"rendered":"Tras reuni\u00f3n con ADEOM, Leret\u00e9 tom\u00f3 dos temas y los incluy\u00f3 en su programa de Gobierno"},"content":{"rendered":"\n<figure class=\"wp-block-image size-full\"><img loading=\"lazy\" decoding=\"async\" width=\"800\" height=\"607\" src=\"https:\/\/diariotiempo.com.uy\/noticias\/wp-content\/uploads\/2025\/03\/LERETE.jpg\" alt=\"\" class=\"wp-image-18263\" srcset=\"https:\/\/diariotiempo.com.uy\/noticias\/wp-content\/uploads\/2025\/03\/LERETE.jpg 800w, https:\/\/diariotiempo.com.uy\/noticias\/wp-content\/uploads\/2025\/03\/LERETE-300x228.jpg 300w, https:\/\/diariotiempo.com.uy\/noticias\/wp-content\/uploads\/2025\/03\/LERETE-768x583.jpg 768w\" sizes=\"auto, (max-width: 800px) 100vw, 800px\" \/><\/figure>\n\n\n\n<p>El candidato a la Intendencia de Canelones, Alfonso Leret\u00e9, se reuni\u00f3 con la Directiva completa del sindicato de municipales y varios fueron los temas que le traslad\u00f3 el &nbsp;gremio presidido por Santiago Sartori, desde &nbsp;la recuperaci\u00f3n salarial, que no reciben desde hace 20 a\u00f1os seg\u00fan informaron, la afectaci\u00f3n de la carrera funcional por el ingreso de funcionarios a trav\u00e9s de contrataciones directas, la precarizaci\u00f3n del empleo en algunos servicios entregados al sector privado y la afectaci\u00f3n humana por casos delicados en algunas necr\u00f3polis del departamento y los planes de salud mental. \u201c Leret\u00e9 se comprometi\u00f3, a su vez, a revisar el decreto sobre el trabajo insalubre, otra inquietud que estuvo sobre la mesa. \u00abEl pago por trabajo insalubre (cementerio, sectores de limpieza) se ubica en los 600 pesos mensuales y rige por Decreto desde 1985, primer gobierno Colorado. Despu\u00e9s de evaluar con nuestros asesores el tema y si los n\u00fameros de la Intendencia lo permiten, vamos a realizar luego de 40 a\u00f1os el primer ajuste pos Dictadura\u00bb, recalc\u00f3 Leret\u00e9. \u201cOtro punto que el candidato est\u00e1 dispuesto a integrar tiene vinculaci\u00f3n con el llamado Decreto 55. \u201c\u00bbSe trat\u00f3 tambi\u00e9n la jubilaci\u00f3n de los funcionarios municipales\u00bb, asegur\u00f3 Leret\u00e9. El candidato dijo que estudiar\u00e1 el Decreto 55, ya que cuando se jubilan pierden poder adquisitivo, algo que resalt\u00f3 ADEOM. La Intendencia les paga cierto dinero como complemento de la jubilaci\u00f3n hasta los 70 a\u00f1os. El nacionalista dijo que analiza que esa partida se extienda por 10 a\u00f1os fijos, independientemente del momento que efectivamente se jubilan.\u201c\u201cLa Directiva del sindicato tambi\u00e9n se refiri\u00f3 a los problemas generados en &nbsp;necr\u00f3polis del departamento, &nbsp;temas de salud mental y adicciones de los municipales, as\u00ed como la precarizaci\u00f3n de trabajos en servicios tercerizados o privatizados. \u201cLeret\u00e9 tuvo buena recepci\u00f3n de sus propuestas respecto a la carrera funcional, la reducci\u00f3n del 50% de &nbsp;los contratos directos lo que producir\u00eda un ahorro de m\u00e1s de 30 millones de d\u00f3lares en el quinquenio pr\u00f3ximo. De ese dinero, la mitad se destinar\u00e1 a obras en los municipios. \u00abVamos a bajar los cargos de particular confianza, en especial la situaci\u00f3n de los coordinadores de gabinete que ganan hoy &nbsp;225.495 mil pesos por mes\u00bb, dijo.\u201cEl candidato estuvo acompa\u00f1ado por el edil Marcelo Tamborini, el ex alcalde y candidato a la reelecci\u00f3n en Sauce Rubens Otonello, el candidato a alcalde de Juanic\u00f3 Dr. Fernando Luquez y el ex edil Ricardo Garcia<\/p>\n","protected":false},"excerpt":{"rendered":"<p>El candidato a la Intendencia de Canelones, Alfonso Leret\u00e9, se reuni\u00f3 con la Directiva completa&#8230;<\/p>\n","protected":false},"author":1,"featured_media":18263,"comment_status":"closed","ping_status":"closed","sticky":false,"template":"","format":"standard","meta":{"_monsterinsights_skip_tracking":false,"_monsterinsights_sitenote_active":false,"_monsterinsights_sitenote_note":"","_monsterinsights_sitenote_category":0,"footnotes":""},"categories":[7],"tags":[],"class_list":["post-18262","post","type-post","status-publish","format-standard","has-post-thumbnail","hentry","category-politica"],"featured_image_urls":{"full":["https:\/\/diariotiempo.com.uy\/noticias\/wp-content\/uploads\/2025\/03\/LERETE.jpg",800,607,false],"thumbnail":["https:\/\/diariotiempo.com.uy\/noticias\/wp-content\/uploads\/2025\/03\/LERETE-150x150.jpg",150,150,true],"medium":["https:\/\/diariotiempo.com.uy\/noticias\/wp-content\/uploads\/2025\/03\/LERETE-300x228.jpg",300,228,true],"medium_large":["https:\/\/diariotiempo.com.uy\/noticias\/wp-content\/uploads\/2025\/03\/LERETE-768x583.jpg",640,486,true],"large":["https:\/\/diariotiempo.com.uy\/noticias\/wp-content\/uploads\/2025\/03\/LERETE.jpg",640,486,false],"rpg_gallery_admin_thumb":["https:\/\/diariotiempo.com.uy\/noticias\/wp-content\/uploads\/2025\/03\/LERETE-150x150.jpg",150,150,true],"rpg_gallery_thumb":["https:\/\/diariotiempo.com.uy\/noticias\/wp-content\/uploads\/2025\/03\/LERETE-150x150.jpg",150,150,true],"1536x1536":["https:\/\/diariotiempo.com.uy\/noticias\/wp-content\/uploads\/2025\/03\/LERETE.jpg",800,607,false],"2048x2048":["https:\/\/diariotiempo.com.uy\/noticias\/wp-content\/uploads\/2025\/03\/LERETE.jpg",800,607,false],"covernews-slider-full":["https:\/\/diariotiempo.com.uy\/noticias\/wp-content\/uploads\/2025\/03\/LERETE.jpg",800,607,false],"covernews-slider-center":["https:\/\/diariotiempo.com.uy\/noticias\/wp-content\/uploads\/2025\/03\/LERETE-800x500.jpg",800,500,true],"covernews-featured":["https:\/\/diariotiempo.com.uy\/noticias\/wp-content\/uploads\/2025\/03\/LERETE.jpg",800,607,false],"covernews-medium":["https:\/\/diariotiempo.com.uy\/noticias\/wp-content\/uploads\/2025\/03\/LERETE-540x340.jpg",540,340,true],"covernews-medium-square":["https:\/\/diariotiempo.com.uy\/noticias\/wp-content\/uploads\/2025\/03\/LERETE-400x250.jpg",400,250,true]},"author_info":{"display_name":"diario","author_link":"https:\/\/diariotiempo.com.uy\/noticias\/author\/diario\/"},"category_info":"<a href=\"https:\/\/diariotiempo.com.uy\/noticias\/category\/noticia-destacada\/politica\/\" rel=\"category tag\">POL\u00cdTICA<\/a>","tag_info":"POL\u00cdTICA","comment_count":"0","_links":{"self":[{"href":"https:\/\/diariotiempo.com.uy\/noticias\/wp-json\/wp\/v2\/posts\/18262","targetHints":{"allow":["GET"]}}],"collection":[{"href":"https:\/\/diariotiempo.com.uy\/noticias\/wp-json\/wp\/v2\/posts"}],"about":[{"href":"https:\/\/diariotiempo.com.uy\/noticias\/wp-json\/wp\/v2\/types\/post"}],"author":[{"embeddable":true,"href":"https:\/\/diariotiempo.com.uy\/noticias\/wp-json\/wp\/v2\/users\/1"}],"replies":[{"embeddable":true,"href":"https:\/\/diariotiempo.com.uy\/noticias\/wp-json\/wp\/v2\/comments?post=18262"}],"version-history":[{"count":1,"href":"https:\/\/diariotiempo.com.uy\/noticias\/wp-json\/wp\/v2\/posts\/18262\/revisions"}],"predecessor-version":[{"id":18264,"href":"https:\/\/diariotiempo.com.uy\/noticias\/wp-json\/wp\/v2\/posts\/18262\/revisions\/18264"}],"wp:featuredmedia":[{"embeddable":true,"href":"https:\/\/diariotiempo.com.uy\/noticias\/wp-json\/wp\/v2\/media\/18263"}],"wp:attachment":[{"href":"https:\/\/diariotiempo.com.uy\/noticias\/wp-json\/wp\/v2\/media?parent=18262"}],"wp:term":[{"taxonomy":"category","embeddable":true,"href":"https:\/\/diariotiempo.com.uy\/noticias\/wp-json\/wp\/v2\/categories?post=18262"},{"taxonomy":"post_tag","embeddable":true,"href":"https:\/\/diariotiempo.com.uy\/noticias\/wp-json\/wp\/v2\/tags?post=18262"}],"curies":[{"name":"wp","href":"https:\/\/api.w.org\/{rel}","templated":true}]}}