{"id":18343,"date":"2025-03-21T13:04:19","date_gmt":"2025-03-21T13:04:19","guid":{"rendered":"https:\/\/diariotiempo.com.uy\/noticias\/?p=18343"},"modified":"2025-03-21T13:04:20","modified_gmt":"2025-03-21T13:04:20","slug":"primaria-inauguro-nuevo-edificio-de-escuela-especial-en-santa-lucia","status":"publish","type":"post","link":"https:\/\/diariotiempo.com.uy\/noticias\/2025\/03\/21\/primaria-inauguro-nuevo-edificio-de-escuela-especial-en-santa-lucia\/","title":{"rendered":"Primaria inaugur\u00f3 nuevo edificio de Escuela Especial en Santa Luc\u00eda"},"content":{"rendered":"\n<figure class=\"wp-block-gallery has-nested-images columns-2 is-cropped wp-block-gallery-1 is-layout-flex wp-block-gallery-is-layout-flex\">\n<figure class=\"wp-block-image size-large\"><img loading=\"lazy\" decoding=\"async\" width=\"800\" height=\"535\" data-id=\"18345\" src=\"https:\/\/diariotiempo.com.uy\/noticias\/wp-content\/uploads\/2025\/03\/SANTA-LUCIA-GUI.jpg\" alt=\"\" class=\"wp-image-18345\" srcset=\"https:\/\/diariotiempo.com.uy\/noticias\/wp-content\/uploads\/2025\/03\/SANTA-LUCIA-GUI.jpg 800w, https:\/\/diariotiempo.com.uy\/noticias\/wp-content\/uploads\/2025\/03\/SANTA-LUCIA-GUI-300x201.jpg 300w, https:\/\/diariotiempo.com.uy\/noticias\/wp-content\/uploads\/2025\/03\/SANTA-LUCIA-GUI-768x514.jpg 768w\" sizes=\"auto, (max-width: 800px) 100vw, 800px\" \/><\/figure>\n\n\n\n<figure class=\"wp-block-image size-large\"><img loading=\"lazy\" decoding=\"async\" width=\"800\" height=\"386\" data-id=\"18344\" src=\"https:\/\/diariotiempo.com.uy\/noticias\/wp-content\/uploads\/2025\/03\/SANTA-LUCIA-CINTA.jpg\" alt=\"\" class=\"wp-image-18344\" srcset=\"https:\/\/diariotiempo.com.uy\/noticias\/wp-content\/uploads\/2025\/03\/SANTA-LUCIA-CINTA.jpg 800w, https:\/\/diariotiempo.com.uy\/noticias\/wp-content\/uploads\/2025\/03\/SANTA-LUCIA-CINTA-300x145.jpg 300w, https:\/\/diariotiempo.com.uy\/noticias\/wp-content\/uploads\/2025\/03\/SANTA-LUCIA-CINTA-768x371.jpg 768w\" sizes=\"auto, (max-width: 800px) 100vw, 800px\" \/><\/figure>\n\n\n\n<figure class=\"wp-block-image size-large\"><img loading=\"lazy\" decoding=\"async\" width=\"800\" height=\"535\" data-id=\"18346\" src=\"https:\/\/diariotiempo.com.uy\/noticias\/wp-content\/uploads\/2025\/03\/SANTA-LUCIA-AROS.jpg\" alt=\"\" class=\"wp-image-18346\" srcset=\"https:\/\/diariotiempo.com.uy\/noticias\/wp-content\/uploads\/2025\/03\/SANTA-LUCIA-AROS.jpg 800w, https:\/\/diariotiempo.com.uy\/noticias\/wp-content\/uploads\/2025\/03\/SANTA-LUCIA-AROS-300x201.jpg 300w, https:\/\/diariotiempo.com.uy\/noticias\/wp-content\/uploads\/2025\/03\/SANTA-LUCIA-AROS-768x514.jpg 768w\" sizes=\"auto, (max-width: 800px) 100vw, 800px\" \/><\/figure>\n<\/figure>\n\n\n\n<p>La Administraci\u00f3n Nacional de Educaci\u00f3n P\u00fablica (ANEP), a trav\u00e9s de la Direcci\u00f3n General de Educaci\u00f3n Inicial y Primaria (DGEIP), inaugur\u00f3 el nuevo local de la Escuela Especial N\u00b0 255 de Santa Luc\u00eda (Canelones). La construcci\u00f3n del centro educativo requiri\u00f3 una inversi\u00f3n de USS 1.600.000. El local de la Escuela -que fue creada en 1991- cuenta con seis aulas, comedor, administraci\u00f3n, servicios higi\u00e9nicos y patio. En la actualidad tiene una matr\u00edcula de 43 estudiantes que son atendidos por seis maestras, dos maestras itinerantes, dos talleristas de cer\u00e1mica y gastronom\u00eda, y un profesor de educaci\u00f3n f\u00edsica. <\/p>\n\n\n\n<p>En el centro tambi\u00e9n se desempe\u00f1an cinco auxiliares de servicio y un funcionario de mantenimiento. Desde el a\u00f1o pasado la Escuela promueve el proyecto curricular sobre convivencia \u201cDemos la mano al buen trato\u201d, que trabaja las competencias de comunicaci\u00f3n, relacionamiento con otros, pensamiento creativo y ciudadan\u00eda local global y digital. Las din\u00e1micas de aprendizaje se desarrollan en la clase, en duplas docentes, en talleres, con participaci\u00f3n de asistentes personales, en alianza con otros agentes educativos a nivel local y con la Universidad de la Rep\u00fablica.<\/p>\n\n\n\n<p>Durante la celebraci\u00f3n, la vicepresidenta de la Rep\u00fablica, Carolina Cosse, expres\u00f3: \u201cHay que aprovechar lo que se genera en esta escuela y lo digo con orgullo: no conozco todas las escuelas de Uruguay, pero conozco unas cuantas. Soy hija de la escuela p\u00fablica, soy hija de la educaci\u00f3n p\u00fablica, y s\u00e9 que en cada escuela de Uruguay se genera esta cosa maravillosa que hay ac\u00e1\u201d. Por su parte, la consejera del Consejo Directivo Central, Daysi Iglesias, destac\u00f3 que a lo largo de la historia \u201cla educaci\u00f3n p\u00fablica contempl\u00f3 a todos\u201d. Adem\u00e1s, resalt\u00f3 la labor que cumple esta Escuela Especial y celebr\u00f3 las cualidades del nuevo edificio. La directora general de la DGEIP, Olga de las Heras, destac\u00f3 la calidad del nuevo local y augur\u00f3 una mejora en los aprendizajes de los escolares. Tambi\u00e9n elogi\u00f3 el trabajo de las maestras y del equipo del centro educativo.<\/p>\n\n\n\n<p>Por otro lado, la intendenta de Canelones, Gabriela Garrido, agradeci\u00f3 a las familias, \u201ca los padres, a las madres, que en definitiva hoy est\u00e1n aqu\u00ed porque vienen a apoyar a sus hijos e hijas y al equipo docente, y que van a disfrutar de este nuevo centro educativo\u201d. La directora de la Escuela, Adriana Andrada, expres\u00f3: \u201cHoy el edificio propio es un sue\u00f1o hecho realidad. Este edificio es m\u00e1s que sus paredes, la amplitud de sus ambientes, su luminosidad, sus \u00e1reas al aire libre: es un buen espacio para seguir avanzando en el proceso de inclusi\u00f3n y el desarrollo de cada estudiante, en un entorno seguro, acogedor y estimulante\u201d. Al finalizar, los escolares ofrecieron una alegre demostraci\u00f3n de la actividad deportiva y recreativa que realizan en el centro educativo. Foto y fuente IMC<\/p>\n","protected":false},"excerpt":{"rendered":"<p>La Administraci\u00f3n Nacional de Educaci\u00f3n P\u00fablica (ANEP), a trav\u00e9s de la Direcci\u00f3n General de Educaci\u00f3n&#8230;<\/p>\n","protected":false},"author":1,"featured_media":18344,"comment_status":"closed","ping_status":"closed","sticky":false,"template":"","format":"standard","meta":{"_monsterinsights_skip_tracking":false,"_monsterinsights_sitenote_active":false,"_monsterinsights_sitenote_note":"","_monsterinsights_sitenote_category":0,"footnotes":""},"categories":[118],"tags":[],"class_list":["post-18343","post","type-post","status-publish","format-standard","has-post-thumbnail","hentry","category-santa-lucia"],"featured_image_urls":{"full":["https:\/\/diariotiempo.com.uy\/noticias\/wp-content\/uploads\/2025\/03\/SANTA-LUCIA-CINTA.jpg",800,386,false],"thumbnail":["https:\/\/diariotiempo.com.uy\/noticias\/wp-content\/uploads\/2025\/03\/SANTA-LUCIA-CINTA-150x150.jpg",150,150,true],"medium":["https:\/\/diariotiempo.com.uy\/noticias\/wp-content\/uploads\/2025\/03\/SANTA-LUCIA-CINTA-300x145.jpg",300,145,true],"medium_large":["https:\/\/diariotiempo.com.uy\/noticias\/wp-content\/uploads\/2025\/03\/SANTA-LUCIA-CINTA-768x371.jpg",640,309,true],"large":["https:\/\/diariotiempo.com.uy\/noticias\/wp-content\/uploads\/2025\/03\/SANTA-LUCIA-CINTA.jpg",640,309,false],"rpg_gallery_admin_thumb":["https:\/\/diariotiempo.com.uy\/noticias\/wp-content\/uploads\/2025\/03\/SANTA-LUCIA-CINTA-150x150.jpg",150,150,true],"rpg_gallery_thumb":["https:\/\/diariotiempo.com.uy\/noticias\/wp-content\/uploads\/2025\/03\/SANTA-LUCIA-CINTA-150x150.jpg",150,150,true],"1536x1536":["https:\/\/diariotiempo.com.uy\/noticias\/wp-content\/uploads\/2025\/03\/SANTA-LUCIA-CINTA.jpg",800,386,false],"2048x2048":["https:\/\/diariotiempo.com.uy\/noticias\/wp-content\/uploads\/2025\/03\/SANTA-LUCIA-CINTA.jpg",800,386,false],"covernews-slider-full":["https:\/\/diariotiempo.com.uy\/noticias\/wp-content\/uploads\/2025\/03\/SANTA-LUCIA-CINTA.jpg",800,386,false],"covernews-slider-center":["https:\/\/diariotiempo.com.uy\/noticias\/wp-content\/uploads\/2025\/03\/SANTA-LUCIA-CINTA.jpg",800,386,false],"covernews-featured":["https:\/\/diariotiempo.com.uy\/noticias\/wp-content\/uploads\/2025\/03\/SANTA-LUCIA-CINTA.jpg",800,386,false],"covernews-medium":["https:\/\/diariotiempo.com.uy\/noticias\/wp-content\/uploads\/2025\/03\/SANTA-LUCIA-CINTA-540x340.jpg",540,340,true],"covernews-medium-square":["https:\/\/diariotiempo.com.uy\/noticias\/wp-content\/uploads\/2025\/03\/SANTA-LUCIA-CINTA-400x250.jpg",400,250,true]},"author_info":{"display_name":"diario","author_link":"https:\/\/diariotiempo.com.uy\/noticias\/author\/diario\/"},"category_info":"<a href=\"https:\/\/diariotiempo.com.uy\/noticias\/category\/departamental\/santa-lucia\/\" rel=\"category tag\">Santa Luc\u00eda<\/a>","tag_info":"Santa Luc\u00eda","comment_count":"0","_links":{"self":[{"href":"https:\/\/diariotiempo.com.uy\/noticias\/wp-json\/wp\/v2\/posts\/18343","targetHints":{"allow":["GET"]}}],"collection":[{"href":"https:\/\/diariotiempo.com.uy\/noticias\/wp-json\/wp\/v2\/posts"}],"about":[{"href":"https:\/\/diariotiempo.com.uy\/noticias\/wp-json\/wp\/v2\/types\/post"}],"author":[{"embeddable":true,"href":"https:\/\/diariotiempo.com.uy\/noticias\/wp-json\/wp\/v2\/users\/1"}],"replies":[{"embeddable":true,"href":"https:\/\/diariotiempo.com.uy\/noticias\/wp-json\/wp\/v2\/comments?post=18343"}],"version-history":[{"count":1,"href":"https:\/\/diariotiempo.com.uy\/noticias\/wp-json\/wp\/v2\/posts\/18343\/revisions"}],"predecessor-version":[{"id":18347,"href":"https:\/\/diariotiempo.com.uy\/noticias\/wp-json\/wp\/v2\/posts\/18343\/revisions\/18347"}],"wp:featuredmedia":[{"embeddable":true,"href":"https:\/\/diariotiempo.com.uy\/noticias\/wp-json\/wp\/v2\/media\/18344"}],"wp:attachment":[{"href":"https:\/\/diariotiempo.com.uy\/noticias\/wp-json\/wp\/v2\/media?parent=18343"}],"wp:term":[{"taxonomy":"category","embeddable":true,"href":"https:\/\/diariotiempo.com.uy\/noticias\/wp-json\/wp\/v2\/categories?post=18343"},{"taxonomy":"post_tag","embeddable":true,"href":"https:\/\/diariotiempo.com.uy\/noticias\/wp-json\/wp\/v2\/tags?post=18343"}],"curies":[{"name":"wp","href":"https:\/\/api.w.org\/{rel}","templated":true}]}}