{"id":18348,"date":"2025-03-21T13:07:48","date_gmt":"2025-03-21T13:07:48","guid":{"rendered":"https:\/\/diariotiempo.com.uy\/noticias\/?p=18348"},"modified":"2025-03-21T13:12:39","modified_gmt":"2025-03-21T13:12:39","slug":"parque-del-plata-y-las-toscas-vibraron-al-ritmo-del-desfile-de-llamadas","status":"publish","type":"post","link":"https:\/\/diariotiempo.com.uy\/noticias\/2025\/03\/21\/parque-del-plata-y-las-toscas-vibraron-al-ritmo-del-desfile-de-llamadas\/","title":{"rendered":"Parque del Plata y Las Toscas vibraron al ritmo del desfile de llamadas"},"content":{"rendered":"\n<figure class=\"wp-block-gallery has-nested-images columns-default is-cropped wp-block-gallery-1 is-layout-flex wp-block-gallery-is-layout-flex\">\n<figure class=\"wp-block-image size-large\"><img loading=\"lazy\" decoding=\"async\" width=\"800\" height=\"533\" data-id=\"18349\" src=\"https:\/\/diariotiempo.com.uy\/noticias\/wp-content\/uploads\/2025\/03\/PARQUE-BAILARINAS.jpg\" alt=\"\" class=\"wp-image-18349\" srcset=\"https:\/\/diariotiempo.com.uy\/noticias\/wp-content\/uploads\/2025\/03\/PARQUE-BAILARINAS.jpg 800w, https:\/\/diariotiempo.com.uy\/noticias\/wp-content\/uploads\/2025\/03\/PARQUE-BAILARINAS-300x200.jpg 300w, https:\/\/diariotiempo.com.uy\/noticias\/wp-content\/uploads\/2025\/03\/PARQUE-BAILARINAS-768x512.jpg 768w\" sizes=\"auto, (max-width: 800px) 100vw, 800px\" \/><\/figure>\n\n\n\n<figure class=\"wp-block-image size-large\"><img loading=\"lazy\" decoding=\"async\" width=\"800\" height=\"533\" data-id=\"18353\" src=\"https:\/\/diariotiempo.com.uy\/noticias\/wp-content\/uploads\/2025\/03\/PARQUE-GENTE.jpg\" alt=\"\" class=\"wp-image-18353\" srcset=\"https:\/\/diariotiempo.com.uy\/noticias\/wp-content\/uploads\/2025\/03\/PARQUE-GENTE.jpg 800w, https:\/\/diariotiempo.com.uy\/noticias\/wp-content\/uploads\/2025\/03\/PARQUE-GENTE-300x200.jpg 300w, https:\/\/diariotiempo.com.uy\/noticias\/wp-content\/uploads\/2025\/03\/PARQUE-GENTE-768x512.jpg 768w\" sizes=\"auto, (max-width: 800px) 100vw, 800px\" \/><\/figure>\n\n\n\n<figure class=\"wp-block-image size-large\"><img loading=\"lazy\" decoding=\"async\" width=\"800\" height=\"533\" data-id=\"18350\" src=\"https:\/\/diariotiempo.com.uy\/noticias\/wp-content\/uploads\/2025\/03\/PARQUE-MAMAS.jpg\" alt=\"\" class=\"wp-image-18350\" srcset=\"https:\/\/diariotiempo.com.uy\/noticias\/wp-content\/uploads\/2025\/03\/PARQUE-MAMAS.jpg 800w, https:\/\/diariotiempo.com.uy\/noticias\/wp-content\/uploads\/2025\/03\/PARQUE-MAMAS-300x200.jpg 300w, https:\/\/diariotiempo.com.uy\/noticias\/wp-content\/uploads\/2025\/03\/PARQUE-MAMAS-768x512.jpg 768w\" sizes=\"auto, (max-width: 800px) 100vw, 800px\" \/><\/figure>\n\n\n\n<figure class=\"wp-block-image size-large\"><img loading=\"lazy\" decoding=\"async\" width=\"800\" height=\"533\" data-id=\"18352\" src=\"https:\/\/diariotiempo.com.uy\/noticias\/wp-content\/uploads\/2025\/03\/PARQUE-TAMBORES.jpg\" alt=\"\" class=\"wp-image-18352\" srcset=\"https:\/\/diariotiempo.com.uy\/noticias\/wp-content\/uploads\/2025\/03\/PARQUE-TAMBORES.jpg 800w, https:\/\/diariotiempo.com.uy\/noticias\/wp-content\/uploads\/2025\/03\/PARQUE-TAMBORES-300x200.jpg 300w, https:\/\/diariotiempo.com.uy\/noticias\/wp-content\/uploads\/2025\/03\/PARQUE-TAMBORES-768x512.jpg 768w\" sizes=\"auto, (max-width: 800px) 100vw, 800px\" \/><\/figure>\n\n\n\n<figure class=\"wp-block-image size-large\"><img loading=\"lazy\" decoding=\"async\" width=\"800\" height=\"533\" data-id=\"18351\" src=\"https:\/\/diariotiempo.com.uy\/noticias\/wp-content\/uploads\/2025\/03\/PARQUE-VEDETTE.jpg\" alt=\"\" class=\"wp-image-18351\" srcset=\"https:\/\/diariotiempo.com.uy\/noticias\/wp-content\/uploads\/2025\/03\/PARQUE-VEDETTE.jpg 800w, https:\/\/diariotiempo.com.uy\/noticias\/wp-content\/uploads\/2025\/03\/PARQUE-VEDETTE-300x200.jpg 300w, https:\/\/diariotiempo.com.uy\/noticias\/wp-content\/uploads\/2025\/03\/PARQUE-VEDETTE-768x512.jpg 768w\" sizes=\"auto, (max-width: 800px) 100vw, 800px\" \/><\/figure>\n<\/figure>\n\n\n\n<p><\/p>\n\n\n\n<p>El pasado s\u00e1bado 15 de marzo se realiz\u00f3 el concurso de llamadas de Parque del Plata &#8211; Las Toscas con la participaci\u00f3n de cinco comparsas clasificadas, m\u00e1s dos invitadas fuera de concurso, que hicieron vibrar al numeroso p\u00fablico presente. De esta forma, el carnaval canario, que en su temporada 2025 homenaje\u00f3 a la bailarina Caludia Cabrera, cerr\u00f3 su calendario de desfiles y concursos. El desfile, que se realiz\u00f3 por la popular avenida Mario Ferreira, entre las calles E y C, llev\u00f3 el nombre de Fernando Papuy y tuvo como ganadora a Sue\u00f1o de Comparsa que obtuvo de parte del jurado 470 puntos. El segundo lugar correspondi\u00f3 a Gacanta Dud\u00fa con 469 y el tercero a Lonjas de Atl\u00e1ntida con 453. En el cuarto y quinto puesto quedaron Libertambor (379) y Juwaca (338), rspectivamente. En lo relacionado con las menciones especiales, la comparsa ganadora se qued\u00f3 con la mejor cuerda de tambores y el mejor tr\u00edo de gramilla; Gacanta Dud\u00fa alcanz\u00f3 las distinciones de mejor porta estandarte, mejor cuadro de banderas, mejor cuadro de trofeos y una menci\u00f3n especial a la igualdad de g\u00e9nero. Por su parte, Lonjas de Atl\u00e1ntida se qued\u00f3 con la mejor vedette (Sof\u00eda Catalano), mejor cuerpo de baile, mejor escobero (Bruno Curcio) y mejor bailar\u00edn (Sebasti\u00e1n Duarte).Debido a que se trata del \u00faltimo desfile de la temporada, ha recibido el nombre de \u201cEntierro del Carnaval\u201d. El responsable del \u00c1rea Carnaval de la Direcci\u00f3n General de Cultura de la Intendencia de Canelones, Santiago Recalde, explic\u00f3 que se trata de una denominaci\u00f3n tradicional que \u201cviene de la historia misma, de los antiguos carnavales griegos\u201d.En este caso, inform\u00f3, se busc\u00f3 generar un concurso que oficie de \u201crevancha\u201d para las comparsas que en el concurso de Ciudad de la Costa ocuparon los puestos del sexto al und\u00e9cimo, ya que las primeras cinco clasificaron para las Llamadas de Ansina de Las Piedras. \u201cLas agrupaciones que vinieron hoy concursan y van por un premio que constituye un incentivo m\u00e1s para las comparsas que no se ubicaron en los primeros lugares en Ciudad de la Costa. Es un empujoncito para que se sigan fortaleciendo de cara al pr\u00f3ximo carnaval\u201d, dijo.<\/p>\n\n\n\n<p><strong>Cultura y desarrollo local<\/strong><\/p>\n\n\n\n<p>Recalde destac\u00f3 el impacto que este tipo de actividades tienen en la econom\u00eda y el desarrollo local de los distintos territorios del departamento. \u201cMueven mucho la econom\u00eda m\u00e1s peque\u00f1a. Adem\u00e1s, se han instalado en diferentes regiones del departamento donde muchas veces las comparsas desempe\u00f1an una labor social clave nucleando a ni\u00f1as, ni\u00f1os y adolescentes. Son un lugar para el entretenimiento, pero tambi\u00e9n muchas veces una forma de sost\u00e9n\u201d, agreg\u00f3.Por otro lado, se mostr\u00f3 muy satisfecho por la respuesta del p\u00fablico en todas las actividades. La mayor convocatoria se dio en el desfile de llamadas de Ciudad de la Costa, con m\u00e1s de 60.000 espectadores, pero tambi\u00e9n en cada jornada del concurso de murgas y humoristas, con un promedio diario de 2000 personas.El Alcalde del Municipio Parque del Plata &#8211; Las Toscas, Eduardo Bar\u00f3n, coincidi\u00f3 con Recalde al valorar el desfile de llamadas como una actividad muy importante, debido a que genera un atractivo para la gente y al mismo tiempo dinamiza la econom\u00eda local, permitiendo que muchas personas se ganen un dinero durante la jornada. En otro orden, Recalde adelant\u00f3 que el mi\u00e9rcoles 19 de marzo, en el Complejo Cultural Politeama \u2013 Teatro Atahualpa del Cioppo de la ciudad de Canelones, se desarrollar\u00e1 la ceremonia de entrega de premios, que ser\u00e1 el gran broche final de una temporada sumamente exitosa.De esa manera, la Intendencia de Canelones estar\u00e1 cerrando su ciclo carnavalero 2025 cumpliendo con una nutrida agenda que comprendi\u00f3 un lanzamiento oficial, el desfile inaugural, el concurso de escuelas de samba, el concurso de murgas y humoristas (con sus correspondientes rondas de ganadores), as\u00ed como diversos desfiles y concursos departamentales de llamadas.A ello hay que agregar una serie de espect\u00e1culos de carnaval gratuitos, con formato de tablado, que se ofrecieron en las diferentes regiones del departamento. \u201cEstamos muy contentos\u201d, expres\u00f3 el Repsonsable del \u00c1rea Carnaval, \u201chan sido dos meses de actividades donde todas las semanas hubo eventos de carnaval en todo el departamento\u201d.<\/p>\n\n\n\n<p><strong>El carnaval desde adentro<\/strong><\/p>\n\n\n\n<p>El p\u00fablico presente disfrut\u00f3 a lo grande del desfile, bailando, aplaudiendo y alentando a las comparsas, especialmente a las locales. Pero adentro de las agrupaciones el disfrute fue a\u00fan mayor. Es que el carnaval canario ha alcanzado un destaque muy particular y los participantes lo reconocen.Carlos, Gramillero de una de las comparsas, afirm\u00f3 que \u201cfue el mejor carnaval que he vivido en Canelones desde hace unos cuantos a\u00f1os. La gente se preocup\u00f3 mucho para que esto saliera bien. Hay que felicitar a la organizaci\u00f3n y continuar trabajando para que la gente tenga m\u00e1s de esto\u201d.Ana, integrante de Gacanta Dud\u00fa, vivi\u00f3 la que fue su primera llamada con verdadera emoci\u00f3n por lo que agradeci\u00f3 a sus compa\u00f1eros. \u201cEs un grupo de gente espectacular, que hace todo a pulm\u00f3n, porque todo est\u00e1 hecho por nosotros: vestimenta, maquillaje, todo. Es un placer ser parte de esta comparsa que es como nuestra familia\u201d.Desde Libertambor de El Pinar, Pablo, porta bandera, asegur\u00f3 que el carnaval de Canelones \u201cestuvo buen\u00edsimo\u201d y confes\u00f3 que procur\u00f3 disfrutar con intensidad del desfile de Las Toscas dado que es el \u00faltimo de la temporada de verano. \u201cDespu\u00e9s seguiremos trabajando y esperando las actividades del resto del a\u00f1o\u201d, a\u00f1adi\u00f3, en tanto que Claudia, de la misma comparsa, cont\u00f3 que \u201cfue un carnaval muy emocionante, muy lindo y muy gozado\u201d, en el que todo el departamento vibr\u00f3 al ritmo del tambor.<\/p>\n\n\n\n<p>Foto y fuente IMC<\/p>\n","protected":false},"excerpt":{"rendered":"<p>El pasado s\u00e1bado 15 de marzo se realiz\u00f3 el concurso de llamadas de Parque del&#8230;<\/p>\n","protected":false},"author":1,"featured_media":18350,"comment_status":"closed","ping_status":"closed","sticky":false,"template":"","format":"standard","meta":{"_monsterinsights_skip_tracking":false,"_monsterinsights_sitenote_active":false,"_monsterinsights_sitenote_note":"","_monsterinsights_sitenote_category":0,"footnotes":""},"categories":[86],"tags":[],"class_list":["post-18348","post","type-post","status-publish","format-standard","has-post-thumbnail","hentry","category-parque-del-plata"],"featured_image_urls":{"full":["https:\/\/diariotiempo.com.uy\/noticias\/wp-content\/uploads\/2025\/03\/PARQUE-MAMAS.jpg",800,533,false],"thumbnail":["https:\/\/diariotiempo.com.uy\/noticias\/wp-content\/uploads\/2025\/03\/PARQUE-MAMAS-150x150.jpg",150,150,true],"medium":["https:\/\/diariotiempo.com.uy\/noticias\/wp-content\/uploads\/2025\/03\/PARQUE-MAMAS-300x200.jpg",300,200,true],"medium_large":["https:\/\/diariotiempo.com.uy\/noticias\/wp-content\/uploads\/2025\/03\/PARQUE-MAMAS-768x512.jpg",640,427,true],"large":["https:\/\/diariotiempo.com.uy\/noticias\/wp-content\/uploads\/2025\/03\/PARQUE-MAMAS.jpg",640,426,false],"rpg_gallery_admin_thumb":["https:\/\/diariotiempo.com.uy\/noticias\/wp-content\/uploads\/2025\/03\/PARQUE-MAMAS-150x150.jpg",150,150,true],"rpg_gallery_thumb":["https:\/\/diariotiempo.com.uy\/noticias\/wp-content\/uploads\/2025\/03\/PARQUE-MAMAS-150x150.jpg",150,150,true],"1536x1536":["https:\/\/diariotiempo.com.uy\/noticias\/wp-content\/uploads\/2025\/03\/PARQUE-MAMAS.jpg",800,533,false],"2048x2048":["https:\/\/diariotiempo.com.uy\/noticias\/wp-content\/uploads\/2025\/03\/PARQUE-MAMAS.jpg",800,533,false],"covernews-slider-full":["https:\/\/diariotiempo.com.uy\/noticias\/wp-content\/uploads\/2025\/03\/PARQUE-MAMAS.jpg",800,533,false],"covernews-slider-center":["https:\/\/diariotiempo.com.uy\/noticias\/wp-content\/uploads\/2025\/03\/PARQUE-MAMAS-800x500.jpg",800,500,true],"covernews-featured":["https:\/\/diariotiempo.com.uy\/noticias\/wp-content\/uploads\/2025\/03\/PARQUE-MAMAS.jpg",800,533,false],"covernews-medium":["https:\/\/diariotiempo.com.uy\/noticias\/wp-content\/uploads\/2025\/03\/PARQUE-MAMAS-540x340.jpg",540,340,true],"covernews-medium-square":["https:\/\/diariotiempo.com.uy\/noticias\/wp-content\/uploads\/2025\/03\/PARQUE-MAMAS-400x250.jpg",400,250,true]},"author_info":{"display_name":"diario","author_link":"https:\/\/diariotiempo.com.uy\/noticias\/author\/diario\/"},"category_info":"<a href=\"https:\/\/diariotiempo.com.uy\/noticias\/category\/departamental\/parque-del-plata\/\" rel=\"category tag\">Parque del Plata<\/a>","tag_info":"Parque del Plata","comment_count":"0","_links":{"self":[{"href":"https:\/\/diariotiempo.com.uy\/noticias\/wp-json\/wp\/v2\/posts\/18348","targetHints":{"allow":["GET"]}}],"collection":[{"href":"https:\/\/diariotiempo.com.uy\/noticias\/wp-json\/wp\/v2\/posts"}],"about":[{"href":"https:\/\/diariotiempo.com.uy\/noticias\/wp-json\/wp\/v2\/types\/post"}],"author":[{"embeddable":true,"href":"https:\/\/diariotiempo.com.uy\/noticias\/wp-json\/wp\/v2\/users\/1"}],"replies":[{"embeddable":true,"href":"https:\/\/diariotiempo.com.uy\/noticias\/wp-json\/wp\/v2\/comments?post=18348"}],"version-history":[{"count":3,"href":"https:\/\/diariotiempo.com.uy\/noticias\/wp-json\/wp\/v2\/posts\/18348\/revisions"}],"predecessor-version":[{"id":18357,"href":"https:\/\/diariotiempo.com.uy\/noticias\/wp-json\/wp\/v2\/posts\/18348\/revisions\/18357"}],"wp:featuredmedia":[{"embeddable":true,"href":"https:\/\/diariotiempo.com.uy\/noticias\/wp-json\/wp\/v2\/media\/18350"}],"wp:attachment":[{"href":"https:\/\/diariotiempo.com.uy\/noticias\/wp-json\/wp\/v2\/media?parent=18348"}],"wp:term":[{"taxonomy":"category","embeddable":true,"href":"https:\/\/diariotiempo.com.uy\/noticias\/wp-json\/wp\/v2\/categories?post=18348"},{"taxonomy":"post_tag","embeddable":true,"href":"https:\/\/diariotiempo.com.uy\/noticias\/wp-json\/wp\/v2\/tags?post=18348"}],"curies":[{"name":"wp","href":"https:\/\/api.w.org\/{rel}","templated":true}]}}