{"id":1842,"date":"2021-09-27T15:39:13","date_gmt":"2021-09-27T15:39:13","guid":{"rendered":"https:\/\/diariotiempo.com.uy\/noticias\/?p=1842"},"modified":"2021-09-27T15:39:14","modified_gmt":"2021-09-27T15:39:14","slug":"siete-anos-de-prision-para-autor-de-nueve-rapinas-a-taxistas","status":"publish","type":"post","link":"https:\/\/diariotiempo.com.uy\/noticias\/2021\/09\/27\/siete-anos-de-prision-para-autor-de-nueve-rapinas-a-taxistas\/","title":{"rendered":"Siete a\u00f1os de prisi\u00f3n para autor de nueve rapi\u00f1as a taxistas"},"content":{"rendered":"\n<p>De J.P.C. Ante denuncia radicada por un hombre de 54 a\u00f1os de edad, en la Seccional 25 Barros Blancos, quien manifest\u00f3 que se desempe\u00f1a como taxista, siendo v\u00edctima de rapi\u00f1a por parte de un masculino quienes ascendi\u00f3 al veh\u00edculo, haci\u00e9ndose trasladar hasta calle Sauce esq. Pando, donde all\u00ed lo amenaza y le hurta una cartera con la recaudaci\u00f3n. <\/p>\n\n\n\n<p>Luego de un trabajo de investigaci\u00f3n de la Sala de Video Vigilancia y Anal\u00edtica y personal del \u00c1rea de Investigaciones de Pando, se logr\u00f3 recabar los registros f\u00edlmicos obteni\u00e9ndose la identidad del mismo, resultando ser Mauricio Nicol\u00e1s ALCOBA VIDAL de 31 a\u00f1os (poseedor de 3 antecedentes penales por los delitos de rapi\u00f1a y apropiaci\u00f3n indebida), logrando su detenci\u00f3n en senda 7 y Paso Escobar, realiz\u00e1ndose a posterior una inspecci\u00f3n en su finca ubicada en senda 6, donde se incaut\u00f3 una cartera color marr\u00f3n, $3.680 pesos, prendas de vestir, mochila, cuchillo de mesa, siendo reconocida la cartera por el taximetrista. Haci\u00e9ndose confeso el indagado en la Unidad Policial de otras 8 rapi\u00f1as a taximetrista.<\/p>\n\n\n\n<p>Conducido a declarar ante el Juez Letrado de 8vo. Turno de Pando, fue condenado a 7 a\u00f1os de penitenciar\u00eda, por ser el autor penalmente responsable de 9 delitos de rapi\u00f1a agravadas en r\u00e9gimen de reiteraci\u00f3n real.<\/p>\n","protected":false},"excerpt":{"rendered":"<p>De J.P.C. Ante denuncia radicada por un hombre de 54 a\u00f1os de edad, en la&#8230;<\/p>\n","protected":false},"author":1,"featured_media":1843,"comment_status":"open","ping_status":"open","sticky":false,"template":"","format":"standard","meta":{"_monsterinsights_skip_tracking":false,"_monsterinsights_sitenote_active":false,"_monsterinsights_sitenote_note":"","_monsterinsights_sitenote_category":0,"footnotes":""},"categories":[11],"tags":[],"class_list":["post-1842","post","type-post","status-publish","format-standard","has-post-thumbnail","hentry","category-noticia-destacada"],"featured_image_urls":{"full":["https:\/\/diariotiempo.com.uy\/noticias\/wp-content\/uploads\/2021\/09\/1-9.jpg",275,261,false],"thumbnail":["https:\/\/diariotiempo.com.uy\/noticias\/wp-content\/uploads\/2021\/09\/1-9-150x150.jpg",150,150,true],"medium":["https:\/\/diariotiempo.com.uy\/noticias\/wp-content\/uploads\/2021\/09\/1-9.jpg",275,261,false],"medium_large":["https:\/\/diariotiempo.com.uy\/noticias\/wp-content\/uploads\/2021\/09\/1-9.jpg",275,261,false],"large":["https:\/\/diariotiempo.com.uy\/noticias\/wp-content\/uploads\/2021\/09\/1-9.jpg",275,261,false],"rpg_gallery_admin_thumb":["https:\/\/diariotiempo.com.uy\/noticias\/wp-content\/uploads\/2021\/09\/1-9.jpg",150,142,false],"rpg_gallery_thumb":["https:\/\/diariotiempo.com.uy\/noticias\/wp-content\/uploads\/2021\/09\/1-9.jpg",150,142,false],"1536x1536":["https:\/\/diariotiempo.com.uy\/noticias\/wp-content\/uploads\/2021\/09\/1-9.jpg",275,261,false],"2048x2048":["https:\/\/diariotiempo.com.uy\/noticias\/wp-content\/uploads\/2021\/09\/1-9.jpg",275,261,false],"covernews-slider-full":["https:\/\/diariotiempo.com.uy\/noticias\/wp-content\/uploads\/2021\/09\/1-9.jpg",275,261,false],"covernews-slider-center":["https:\/\/diariotiempo.com.uy\/noticias\/wp-content\/uploads\/2021\/09\/1-9.jpg",275,261,false],"covernews-featured":["https:\/\/diariotiempo.com.uy\/noticias\/wp-content\/uploads\/2021\/09\/1-9.jpg",275,261,false],"covernews-medium":["https:\/\/diariotiempo.com.uy\/noticias\/wp-content\/uploads\/2021\/09\/1-9.jpg",275,261,false],"covernews-medium-square":["https:\/\/diariotiempo.com.uy\/noticias\/wp-content\/uploads\/2021\/09\/1-9-275x250.jpg",275,250,true]},"author_info":{"display_name":"diario","author_link":"https:\/\/diariotiempo.com.uy\/noticias\/author\/diario\/"},"category_info":"<a href=\"https:\/\/diariotiempo.com.uy\/noticias\/category\/noticia-destacada\/\" rel=\"category tag\">NOTICIA DESTACADA<\/a>","tag_info":"NOTICIA DESTACADA","comment_count":"0","_links":{"self":[{"href":"https:\/\/diariotiempo.com.uy\/noticias\/wp-json\/wp\/v2\/posts\/1842","targetHints":{"allow":["GET"]}}],"collection":[{"href":"https:\/\/diariotiempo.com.uy\/noticias\/wp-json\/wp\/v2\/posts"}],"about":[{"href":"https:\/\/diariotiempo.com.uy\/noticias\/wp-json\/wp\/v2\/types\/post"}],"author":[{"embeddable":true,"href":"https:\/\/diariotiempo.com.uy\/noticias\/wp-json\/wp\/v2\/users\/1"}],"replies":[{"embeddable":true,"href":"https:\/\/diariotiempo.com.uy\/noticias\/wp-json\/wp\/v2\/comments?post=1842"}],"version-history":[{"count":1,"href":"https:\/\/diariotiempo.com.uy\/noticias\/wp-json\/wp\/v2\/posts\/1842\/revisions"}],"predecessor-version":[{"id":1844,"href":"https:\/\/diariotiempo.com.uy\/noticias\/wp-json\/wp\/v2\/posts\/1842\/revisions\/1844"}],"wp:featuredmedia":[{"embeddable":true,"href":"https:\/\/diariotiempo.com.uy\/noticias\/wp-json\/wp\/v2\/media\/1843"}],"wp:attachment":[{"href":"https:\/\/diariotiempo.com.uy\/noticias\/wp-json\/wp\/v2\/media?parent=1842"}],"wp:term":[{"taxonomy":"category","embeddable":true,"href":"https:\/\/diariotiempo.com.uy\/noticias\/wp-json\/wp\/v2\/categories?post=1842"},{"taxonomy":"post_tag","embeddable":true,"href":"https:\/\/diariotiempo.com.uy\/noticias\/wp-json\/wp\/v2\/tags?post=1842"}],"curies":[{"name":"wp","href":"https:\/\/api.w.org\/{rel}","templated":true}]}}