{"id":1845,"date":"2021-09-27T15:41:45","date_gmt":"2021-09-27T15:41:45","guid":{"rendered":"https:\/\/diariotiempo.com.uy\/noticias\/?p=1845"},"modified":"2021-09-27T15:41:46","modified_gmt":"2021-09-27T15:41:46","slug":"anep-difundio-cronograma-de-finalizacion-de-clases-para-todos-los-niveles-de-educacion","status":"publish","type":"post","link":"https:\/\/diariotiempo.com.uy\/noticias\/2021\/09\/27\/anep-difundio-cronograma-de-finalizacion-de-clases-para-todos-los-niveles-de-educacion\/","title":{"rendered":"ANEP difundi\u00f3 cronograma de finalizaci\u00f3n de clases para todos los niveles de educaci\u00f3n"},"content":{"rendered":"\n<div class=\"wp-block-image\"><figure class=\"aligncenter size-full\"><img loading=\"lazy\" decoding=\"async\" width=\"800\" height=\"482\" src=\"https:\/\/diariotiempo.com.uy\/noticias\/wp-content\/uploads\/2021\/09\/2-9.jpg\" alt=\"\" class=\"wp-image-1846\" srcset=\"https:\/\/diariotiempo.com.uy\/noticias\/wp-content\/uploads\/2021\/09\/2-9.jpg 800w, https:\/\/diariotiempo.com.uy\/noticias\/wp-content\/uploads\/2021\/09\/2-9-300x181.jpg 300w, https:\/\/diariotiempo.com.uy\/noticias\/wp-content\/uploads\/2021\/09\/2-9-768x463.jpg 768w\" sizes=\"auto, (max-width: 800px) 100vw, 800px\" \/><\/figure><\/div>\n\n\n\n<p>En las escuelas los cursos finalizar\u00e1n el 21 de diciembre; en bachillerato de Secundaria y UTU, el 3; en ciclo b\u00e1sico de los liceos, el 10 de diciembre, y de UTU, el 11, seg\u00fan anunciaron las autoridades educativas este viernes. Tambi\u00e9n habr\u00e1 espacios de apoyo complementario y tutor\u00edas personalizadas y se implementar\u00e1n instancias de formaci\u00f3n para impulsar el desarrollo profesional de los docentes.<\/p>\n\n\n\n<p>Los anuncios fueron realizados por el presidente del Consejo Directivo Central (Codicen) de la Administraci\u00f3n Nacional de Educaci\u00f3n P\u00fablica (ANEP), Robert Silva, acompa\u00f1ado por los directores de Educaci\u00f3n Inicial y Primaria, Secundaria y T\u00e9cnico Profesional (Universidad del Trabajo del Uruguay).<\/p>\n\n\n\n<p>El cronograma presentado establece el martes 21 de diciembre como fecha de cierre de los cursos para Educaci\u00f3n Inicial y Primaria. El 22 y el 23 de diciembre ser\u00e1n los actos de fin de cursos en todos los jardines y escuelas p\u00fablicas del pa\u00eds. El 27 y el 28 de diciembre finalizar\u00e1n las actividades administrativas en los centros escolares, detall\u00f3 Silva.<br>En Secundaria, el bachillerato las clases finalizar\u00e1n el viernes 3 de diciembre y habr\u00e1 un espacio complementario de apoyo para estudiantes que no hayan alcanzado los niveles m\u00ednimos de suficiencia, entre el 6 y el 14 de diciembre. En el ciclo b\u00e1sico las clases culminar\u00e1n el viernes 10 de diciembre y quienes no logren alcanzar los niveles m\u00ednimos de promoci\u00f3n dispondr\u00e1n de un espacio complementario de apoyo entre el 13 y el 20 de diciembre.<\/p>\n\n\n\n<p>La Universidad del Trabajo del Uruguay (UTU), en tanto, culminar\u00e1 el ciclo de educaci\u00f3n media profesional y media tecnol\u00f3gica el viernes 3 de diciembre y los estudiantes que lo requieran acceder\u00e1n a un espacio complementario entre el 6 y el 18 de diciembre.<br>Por otro lado, en el ciclo b\u00e1sico de UTU los cursos finalizar\u00e1n el 11 de diciembre y el apoyo complementario para los estudiantes se brindar\u00e1 entre el 13 y el 23 de diciembre.<\/p>\n\n\n\n<p>El \u00faltimo mes del a\u00f1o no habr\u00e1 per\u00edodo de ex\u00e1menes y, en su lugar, habr\u00e1 evaluaciones sin tribunales docentes, aunque sin un descenso en los niveles de exigencia, explic\u00f3 Silva. Solo se formar\u00e1n mesas de ex\u00e1menes para quienes los deben de a\u00f1os anteriores, precis\u00f3.<\/p>\n\n\n\n<p><strong>Tutor\u00edas para estudiantes y formaci\u00f3n docente<\/strong><\/p>\n\n\n\n<p>Las tutor\u00edas abarcar\u00e1n a estudiantes de las escuelas p\u00fablicas y de ciclo b\u00e1sico, bachillerato de secundaria y UTU. Para ello, se generar\u00e1n 30.000 horas adicionales en la Direcci\u00f3n General de Educaci\u00f3n Inicial y Primaria, 15.000 para tutor\u00edas y el resto para trayectorias protegidas. La inversi\u00f3n alcanza unos 104 millones de pesos, inform\u00f3 Silva.<br>El presidente de la ANEP agreg\u00f3 que en Secundaria es la primera vez que el 100% de los liceos dispondr\u00e1n de tutor\u00edas, para lo cual se destinar\u00e1n unas 7.100 horas a todos los centros educativos, incluido bachillerato. En el caso de la UTU, que tambi\u00e9n contar\u00e1 por primera vez con ese sistema, habr\u00e1 2.400 horas adicionales. Para Secundaria y UTU, la inversi\u00f3n ser\u00e1 de unos 135 millones de pesos.<\/p>\n\n\n\n<p>En cuando a la formaci\u00f3n docente, las autoridades anunciaron la firma de un convenio con Plan Ceibal para capacitar hasta fin de a\u00f1o a 2.000 directivos de escuelas, liceos y UTU. Esto constituye un primer paso en la formaci\u00f3n de los equipos de direcci\u00f3n de los centros educativos p\u00fablicos, destac\u00f3 Silva.<\/p>\n","protected":false},"excerpt":{"rendered":"<p>En las escuelas los cursos finalizar\u00e1n el 21 de diciembre; en bachillerato de Secundaria y&#8230;<\/p>\n","protected":false},"author":1,"featured_media":1846,"comment_status":"open","ping_status":"open","sticky":false,"template":"","format":"standard","meta":{"_monsterinsights_skip_tracking":false,"_monsterinsights_sitenote_active":false,"_monsterinsights_sitenote_note":"","_monsterinsights_sitenote_category":0,"footnotes":""},"categories":[79],"tags":[],"class_list":["post-1845","post","type-post","status-publish","format-standard","has-post-thumbnail","hentry","category-nacionales"],"featured_image_urls":{"full":["https:\/\/diariotiempo.com.uy\/noticias\/wp-content\/uploads\/2021\/09\/2-9.jpg",800,482,false],"thumbnail":["https:\/\/diariotiempo.com.uy\/noticias\/wp-content\/uploads\/2021\/09\/2-9-150x150.jpg",150,150,true],"medium":["https:\/\/diariotiempo.com.uy\/noticias\/wp-content\/uploads\/2021\/09\/2-9-300x181.jpg",300,181,true],"medium_large":["https:\/\/diariotiempo.com.uy\/noticias\/wp-content\/uploads\/2021\/09\/2-9-768x463.jpg",640,386,true],"large":["https:\/\/diariotiempo.com.uy\/noticias\/wp-content\/uploads\/2021\/09\/2-9.jpg",640,386,false],"rpg_gallery_admin_thumb":["https:\/\/diariotiempo.com.uy\/noticias\/wp-content\/uploads\/2021\/09\/2-9.jpg",150,90,false],"rpg_gallery_thumb":["https:\/\/diariotiempo.com.uy\/noticias\/wp-content\/uploads\/2021\/09\/2-9.jpg",150,90,false],"1536x1536":["https:\/\/diariotiempo.com.uy\/noticias\/wp-content\/uploads\/2021\/09\/2-9.jpg",800,482,false],"2048x2048":["https:\/\/diariotiempo.com.uy\/noticias\/wp-content\/uploads\/2021\/09\/2-9.jpg",800,482,false],"covernews-slider-full":["https:\/\/diariotiempo.com.uy\/noticias\/wp-content\/uploads\/2021\/09\/2-9.jpg",800,482,false],"covernews-slider-center":["https:\/\/diariotiempo.com.uy\/noticias\/wp-content\/uploads\/2021\/09\/2-9.jpg",800,482,false],"covernews-featured":["https:\/\/diariotiempo.com.uy\/noticias\/wp-content\/uploads\/2021\/09\/2-9.jpg",800,482,false],"covernews-medium":["https:\/\/diariotiempo.com.uy\/noticias\/wp-content\/uploads\/2021\/09\/2-9-540x340.jpg",540,340,true],"covernews-medium-square":["https:\/\/diariotiempo.com.uy\/noticias\/wp-content\/uploads\/2021\/09\/2-9-400x250.jpg",400,250,true]},"author_info":{"display_name":"diario","author_link":"https:\/\/diariotiempo.com.uy\/noticias\/author\/diario\/"},"category_info":"<a href=\"https:\/\/diariotiempo.com.uy\/noticias\/category\/nacionales\/\" rel=\"category tag\">NACIONALES<\/a>","tag_info":"NACIONALES","comment_count":"0","_links":{"self":[{"href":"https:\/\/diariotiempo.com.uy\/noticias\/wp-json\/wp\/v2\/posts\/1845","targetHints":{"allow":["GET"]}}],"collection":[{"href":"https:\/\/diariotiempo.com.uy\/noticias\/wp-json\/wp\/v2\/posts"}],"about":[{"href":"https:\/\/diariotiempo.com.uy\/noticias\/wp-json\/wp\/v2\/types\/post"}],"author":[{"embeddable":true,"href":"https:\/\/diariotiempo.com.uy\/noticias\/wp-json\/wp\/v2\/users\/1"}],"replies":[{"embeddable":true,"href":"https:\/\/diariotiempo.com.uy\/noticias\/wp-json\/wp\/v2\/comments?post=1845"}],"version-history":[{"count":1,"href":"https:\/\/diariotiempo.com.uy\/noticias\/wp-json\/wp\/v2\/posts\/1845\/revisions"}],"predecessor-version":[{"id":1847,"href":"https:\/\/diariotiempo.com.uy\/noticias\/wp-json\/wp\/v2\/posts\/1845\/revisions\/1847"}],"wp:featuredmedia":[{"embeddable":true,"href":"https:\/\/diariotiempo.com.uy\/noticias\/wp-json\/wp\/v2\/media\/1846"}],"wp:attachment":[{"href":"https:\/\/diariotiempo.com.uy\/noticias\/wp-json\/wp\/v2\/media?parent=1845"}],"wp:term":[{"taxonomy":"category","embeddable":true,"href":"https:\/\/diariotiempo.com.uy\/noticias\/wp-json\/wp\/v2\/categories?post=1845"},{"taxonomy":"post_tag","embeddable":true,"href":"https:\/\/diariotiempo.com.uy\/noticias\/wp-json\/wp\/v2\/tags?post=1845"}],"curies":[{"name":"wp","href":"https:\/\/api.w.org\/{rel}","templated":true}]}}