{"id":18557,"date":"2025-04-04T15:10:17","date_gmt":"2025-04-04T15:10:17","guid":{"rendered":"https:\/\/diariotiempo.com.uy\/noticias\/?p=18557"},"modified":"2025-04-04T15:10:18","modified_gmt":"2025-04-04T15:10:18","slug":"tarta-de-pollo-puerrosy-calabacin","status":"publish","type":"post","link":"https:\/\/diariotiempo.com.uy\/noticias\/2025\/04\/04\/tarta-de-pollo-puerrosy-calabacin\/","title":{"rendered":"Tarta de pollo, puerrosy calabac\u00edn"},"content":{"rendered":"\n<figure class=\"wp-block-image size-full\"><img loading=\"lazy\" decoding=\"async\" width=\"450\" height=\"391\" src=\"https:\/\/diariotiempo.com.uy\/noticias\/wp-content\/uploads\/2025\/04\/sd.jpg\" alt=\"\" class=\"wp-image-18558\" srcset=\"https:\/\/diariotiempo.com.uy\/noticias\/wp-content\/uploads\/2025\/04\/sd.jpg 450w, https:\/\/diariotiempo.com.uy\/noticias\/wp-content\/uploads\/2025\/04\/sd-300x261.jpg 300w\" sizes=\"auto, (max-width: 450px) 100vw, 450px\" \/><\/figure>\n\n\n\n<p><strong>INGREDIENTES<\/strong>:<\/p>\n\n\n\n<p>1\/2 pechuga<\/p>\n\n\n\n<p>1 pedazo calabac\u00edn<\/p>\n\n\n\n<p>4 puerros<\/p>\n\n\n\n<p>1 cebolla<\/p>\n\n\n\n<p>2 huevos<\/p>\n\n\n\n<p>Opcional: cda queso crema, queso para rallar y queso cremoso<\/p>\n\n\n\n<p>1 taza leche<\/p>\n\n\n\n<p>1 cda maicena<\/p>\n\n\n\n<p><strong>PREPARACION<\/strong><\/p>\n\n\n\n<p>Cortar la pechuga en pedacitos y cocinar hasta que se doraron en una olla bien caliente. Con manteca o se pueden dorar con un poquito de aceite. Reservar.<\/p>\n\n\n\n<p>En la misma olla rehogar el puerro y la cebolla. Cuando toman color agregar 2 dientes de ajo picados y luego una taza de leche con una cucharada de maicena. Asegurarse de disolver bien la maicena en la leche.<\/p>\n\n\n\n<p>Cuando se pone espesa la leche y la maicena condimentar con sal y pimienta. Agregar el pollo ya hecho y pedacitos de queso cremoso.<\/p>\n\n\n\n<p>En un bowl batir 2 huevos y una cda de queso crema. Agregar a la base de tarta el relleno con el pollo y la mezcla del huevo.<\/p>\n\n\n\n<p>Cortar un par de rodajas finas de calabaza, cortarlas a su vez en 4 y poner encima de la preparaci\u00f3n. Por encima puse queso de rallar y semillas.<\/p>\n\n\n\n<p>Poner en el horno hasta que el calabac\u00edn est\u00e9 tierno. Us\u00e9 una base de tarta hecha con garbanzos.<\/p>\n","protected":false},"excerpt":{"rendered":"<p>INGREDIENTES: 1\/2 pechuga 1 pedazo calabac\u00edn 4 puerros 1 cebolla 2 huevos Opcional: cda queso&#8230;<\/p>\n","protected":false},"author":1,"featured_media":18558,"comment_status":"closed","ping_status":"closed","sticky":false,"template":"","format":"standard","meta":{"_monsterinsights_skip_tracking":false,"_monsterinsights_sitenote_active":false,"_monsterinsights_sitenote_note":"","_monsterinsights_sitenote_category":0,"footnotes":""},"categories":[14],"tags":[],"class_list":["post-18557","post","type-post","status-publish","format-standard","has-post-thumbnail","hentry","category-recetas"],"featured_image_urls":{"full":["https:\/\/diariotiempo.com.uy\/noticias\/wp-content\/uploads\/2025\/04\/sd.jpg",450,391,false],"thumbnail":["https:\/\/diariotiempo.com.uy\/noticias\/wp-content\/uploads\/2025\/04\/sd-150x150.jpg",150,150,true],"medium":["https:\/\/diariotiempo.com.uy\/noticias\/wp-content\/uploads\/2025\/04\/sd-300x261.jpg",300,261,true],"medium_large":["https:\/\/diariotiempo.com.uy\/noticias\/wp-content\/uploads\/2025\/04\/sd.jpg",450,391,false],"large":["https:\/\/diariotiempo.com.uy\/noticias\/wp-content\/uploads\/2025\/04\/sd.jpg",450,391,false],"rpg_gallery_admin_thumb":["https:\/\/diariotiempo.com.uy\/noticias\/wp-content\/uploads\/2025\/04\/sd-150x150.jpg",150,150,true],"rpg_gallery_thumb":["https:\/\/diariotiempo.com.uy\/noticias\/wp-content\/uploads\/2025\/04\/sd-150x150.jpg",150,150,true],"1536x1536":["https:\/\/diariotiempo.com.uy\/noticias\/wp-content\/uploads\/2025\/04\/sd.jpg",450,391,false],"2048x2048":["https:\/\/diariotiempo.com.uy\/noticias\/wp-content\/uploads\/2025\/04\/sd.jpg",450,391,false],"covernews-slider-full":["https:\/\/diariotiempo.com.uy\/noticias\/wp-content\/uploads\/2025\/04\/sd.jpg",450,391,false],"covernews-slider-center":["https:\/\/diariotiempo.com.uy\/noticias\/wp-content\/uploads\/2025\/04\/sd.jpg",450,391,false],"covernews-featured":["https:\/\/diariotiempo.com.uy\/noticias\/wp-content\/uploads\/2025\/04\/sd.jpg",450,391,false],"covernews-medium":["https:\/\/diariotiempo.com.uy\/noticias\/wp-content\/uploads\/2025\/04\/sd-450x340.jpg",450,340,true],"covernews-medium-square":["https:\/\/diariotiempo.com.uy\/noticias\/wp-content\/uploads\/2025\/04\/sd-400x250.jpg",400,250,true]},"author_info":{"display_name":"diario","author_link":"https:\/\/diariotiempo.com.uy\/noticias\/author\/diario\/"},"category_info":"<a href=\"https:\/\/diariotiempo.com.uy\/noticias\/category\/familia\/recetas\/\" rel=\"category tag\">Recetas<\/a>","tag_info":"Recetas","comment_count":"0","_links":{"self":[{"href":"https:\/\/diariotiempo.com.uy\/noticias\/wp-json\/wp\/v2\/posts\/18557","targetHints":{"allow":["GET"]}}],"collection":[{"href":"https:\/\/diariotiempo.com.uy\/noticias\/wp-json\/wp\/v2\/posts"}],"about":[{"href":"https:\/\/diariotiempo.com.uy\/noticias\/wp-json\/wp\/v2\/types\/post"}],"author":[{"embeddable":true,"href":"https:\/\/diariotiempo.com.uy\/noticias\/wp-json\/wp\/v2\/users\/1"}],"replies":[{"embeddable":true,"href":"https:\/\/diariotiempo.com.uy\/noticias\/wp-json\/wp\/v2\/comments?post=18557"}],"version-history":[{"count":2,"href":"https:\/\/diariotiempo.com.uy\/noticias\/wp-json\/wp\/v2\/posts\/18557\/revisions"}],"predecessor-version":[{"id":18560,"href":"https:\/\/diariotiempo.com.uy\/noticias\/wp-json\/wp\/v2\/posts\/18557\/revisions\/18560"}],"wp:featuredmedia":[{"embeddable":true,"href":"https:\/\/diariotiempo.com.uy\/noticias\/wp-json\/wp\/v2\/media\/18558"}],"wp:attachment":[{"href":"https:\/\/diariotiempo.com.uy\/noticias\/wp-json\/wp\/v2\/media?parent=18557"}],"wp:term":[{"taxonomy":"category","embeddable":true,"href":"https:\/\/diariotiempo.com.uy\/noticias\/wp-json\/wp\/v2\/categories?post=18557"},{"taxonomy":"post_tag","embeddable":true,"href":"https:\/\/diariotiempo.com.uy\/noticias\/wp-json\/wp\/v2\/tags?post=18557"}],"curies":[{"name":"wp","href":"https:\/\/api.w.org\/{rel}","templated":true}]}}