{"id":18832,"date":"2025-05-02T21:22:15","date_gmt":"2025-05-02T21:22:15","guid":{"rendered":"https:\/\/diariotiempo.com.uy\/noticias\/?p=18832"},"modified":"2025-05-02T21:22:16","modified_gmt":"2025-05-02T21:22:16","slug":"intendencia-de-canelones-mgap-e-instituto-de-colonizacion-anunciaron-importantes-medidas-para-familias-afectadas-por-temporal","status":"publish","type":"post","link":"https:\/\/diariotiempo.com.uy\/noticias\/2025\/05\/02\/intendencia-de-canelones-mgap-e-instituto-de-colonizacion-anunciaron-importantes-medidas-para-familias-afectadas-por-temporal\/","title":{"rendered":"Intendencia de Canelones, MGAP e Instituto de Colonizaci\u00f3n anunciaron importantes medidas para familias afectadas por temporal"},"content":{"rendered":"\n<figure class=\"wp-block-image size-full\"><img loading=\"lazy\" decoding=\"async\" width=\"900\" height=\"601\" src=\"https:\/\/diariotiempo.com.uy\/noticias\/wp-content\/uploads\/2025\/05\/reunion-mgap.jpg\" alt=\"\" class=\"wp-image-18833\" srcset=\"https:\/\/diariotiempo.com.uy\/noticias\/wp-content\/uploads\/2025\/05\/reunion-mgap.jpg 900w, https:\/\/diariotiempo.com.uy\/noticias\/wp-content\/uploads\/2025\/05\/reunion-mgap-300x200.jpg 300w, https:\/\/diariotiempo.com.uy\/noticias\/wp-content\/uploads\/2025\/05\/reunion-mgap-768x513.jpg 768w\" sizes=\"auto, (max-width: 900px) 100vw, 900px\" \/><\/figure>\n\n\n\n<p>La Intendenta de Canelones, Profa. Gabriela Garrido y el Ministro de Ganader\u00eda, Agricultura y Pesca, Dr. Alfredo Fratti anunciaron este s\u00e1bado 26 de abril, importantes medidas que tienen por objetivo otorgar beneficios a productores y familias afectadas por el temporal del pasado 17 de abril. El anuncio se dio en el marco de una recorrida realizada por las autoridades que conforman el Consejo Agropecuario Departamental de Canelones, en la cual mantuvieron instancias de intercambio con productores rurales que sufrieron el fuerte impacto del evento meteorol\u00f3gico extremo en Castellanos y la zona rural de San Antonio y Tala. La Intendenta Garrido comunic\u00f3 que envi\u00f3 a la Junta Departamental de Canelones una solicitud de anuencia a efectos de aliviar la carga tributaria a los padrones afectados por el temporal, que fueron oportunamente relevados por el CECOED Canelones. En tal sentido, anunci\u00f3 que se estar\u00e1 exonerando del pago de la contribuci\u00f3n inmobiliaria y la tasa de servicios ambientales por un a\u00f1o, a quienes no hayan pagado a\u00fan los tributos, mientras que, a quienes lo hayan hecho, se les contar\u00e1 como saldo a favor ante pr\u00f3ximos pagos. En este sentido, autoridades de la Junta Departamental informaron que el pr\u00f3ximo martes 29 de abril, a las 18 hs, se realizar\u00e1 la sesi\u00f3n en la que se tratar\u00e1 la solicitud de anuencia con el objetivo de darle tr\u00e1mite lo antes posible, atendiendo a las necesidades de la poblaci\u00f3n afectada. Garrido tambi\u00e9n indic\u00f3 que la Intendencia, a trav\u00e9s de la Agencia de Desarrollo Rural, brindar\u00e1 apoyo a las y los productores con raci\u00f3n y asesoramiento t\u00e9cnico, a modo de reforzar la salida de la crisis que est\u00e1n afrontando. Asimismo, y ante diversos planteos de las personas damnificadas, la Intendenta inform\u00f3 que se comunicar\u00e1 con el Presidente del Banco Rep\u00fablica (BROU) a los efectos de trasladar la situaci\u00f3n que est\u00e1n afrontando los y las productoras de Canelones, procurando que desde el banco se aplacen los cobros de las cuotas de los pr\u00e9stamos blandos de microfinanzas. Adem\u00e1s, la Intendenta propuso al Ministro Fratti, realizar un planteo conjunto al Ministerio de Econom\u00eda y Finanzas a efectos de evaluar la posibilidad de reforzar el fondo de emergencia agropecuaria, que actualmente no cuenta con rubros para asistir a la poblaci\u00f3n ante situaciones de este tipo. Por su parte, el Ministro Fratti inform\u00f3 que desde el Ministerio de Ganader\u00eda, Agricultura y Pesca (MGAP) se realiz\u00f3 un relevamiento a nivel pa\u00eds para identificar el n\u00famero de productoras y productores afectados por el temporal, resultando un n\u00famero global de 165 productores de los cuales 141 se localizan en el departamento de Canelones. Finalmente, el Director del Instituto Nacional de Colonizaci\u00f3n, Milton Perdomo, anunci\u00f3 que se habilit\u00f3 la postergaci\u00f3n del pago de la renta de los terrenos que vencen en mayo, siendo programadas para m\u00e1s adelante, sin que esto signifique que el productor pierda su estatus de buen pagador. Indic\u00f3, tambi\u00e9n, que se encuentran disponibles l\u00edneas de cr\u00e9dito, con tasa cero, para recomponer el forraje. \u00a0<\/p>\n\n\n\n<p><strong>Escucha y relevamiento de las afectaciones sufridas<\/strong><\/p>\n\n\n\n<p>Previo al anuncio de las medidas realizado en el Club Social, Deportivo y Agrario Wanderers de Tala, las autoridades del Consejo Agropecuario Departamental de Canelones visitaron a productores y productoras de distintos rubros que sufrieron las inclemencias clim\u00e1ticas del pasado temporal. La recorrida inici\u00f3 con una visita al productor hort\u00edcola de San Antonio, Michel Parama, cuyo establecimiento sufri\u00f3 fuertes da\u00f1os. Luego, se continu\u00f3 en la localidad de Castellanos, donde las autoridades mantuvieron un intercambio con el productor ovino, Edinson Rodr\u00edguez, quien indic\u00f3 que el temporal tuvo fuertes afectaciones produciendo la muerte a decenas de animales. Finalmente, en la zona rural de Tala, las autoridades visitaron a la productora av\u00edcola, Adriana Gonz\u00e1lez, quien inform\u00f3 sobre c\u00f3mo impact\u00f3 el evento meteorol\u00f3gico en la zona y las consecuencias productivas que est\u00e1n afrontando. De la jornada tambi\u00e9n participaron, entre otras autoridades de la Intendencia de Canelones, el Secretario General, Javier Rodr\u00edguez, el Pro Secretario General, Cr. Gabriel Camacho, el Director General de la Agencia de Desarrollo Rural, Ing. Agr. Pablo Gonz\u00e1lez, la Directora de Desarrollo Rural, Claudia S\u00e1nchez, el Coordinador del CECOED Canelones, Pablo Mateos y el Director General de Comunicaci\u00f3n y Relaciones Institucionales, Lic. Darwin Pe\u00f1a Sapetto. Asimismo, se cont\u00f3 con la participaci\u00f3n del Director de la Unidad de Descentralizaci\u00f3n y Coordinaci\u00f3n de Pol\u00edticas con base departamental, Dr. Gustavo Moratorio, y la Directora General de la Granja, Laura Gonz\u00e1lez Fern\u00e1ndez, el Director del Instituto Nacional de Colonizaci\u00f3n, Milton Perdomo, &nbsp;el Presidente de la Junta Departamental de Canelones, Daniel Pereira y autoridades de los municipios locales donde se realiz\u00f3 la recorrida.&nbsp;<\/p>\n","protected":false},"excerpt":{"rendered":"<p>La Intendenta de Canelones, Profa. Gabriela Garrido y el Ministro de Ganader\u00eda, Agricultura y Pesca,&#8230;<\/p>\n","protected":false},"author":1,"featured_media":18833,"comment_status":"closed","ping_status":"closed","sticky":false,"template":"","format":"standard","meta":{"_monsterinsights_skip_tracking":false,"_monsterinsights_sitenote_active":false,"_monsterinsights_sitenote_note":"","_monsterinsights_sitenote_category":0,"footnotes":""},"categories":[4],"tags":[],"class_list":["post-18832","post","type-post","status-publish","format-standard","has-post-thumbnail","hentry","category-departamental"],"featured_image_urls":{"full":["https:\/\/diariotiempo.com.uy\/noticias\/wp-content\/uploads\/2025\/05\/reunion-mgap.jpg",900,601,false],"thumbnail":["https:\/\/diariotiempo.com.uy\/noticias\/wp-content\/uploads\/2025\/05\/reunion-mgap-150x150.jpg",150,150,true],"medium":["https:\/\/diariotiempo.com.uy\/noticias\/wp-content\/uploads\/2025\/05\/reunion-mgap-300x200.jpg",300,200,true],"medium_large":["https:\/\/diariotiempo.com.uy\/noticias\/wp-content\/uploads\/2025\/05\/reunion-mgap-768x513.jpg",640,428,true],"large":["https:\/\/diariotiempo.com.uy\/noticias\/wp-content\/uploads\/2025\/05\/reunion-mgap.jpg",640,427,false],"rpg_gallery_admin_thumb":["https:\/\/diariotiempo.com.uy\/noticias\/wp-content\/uploads\/2025\/05\/reunion-mgap-150x150.jpg",150,150,true],"rpg_gallery_thumb":["https:\/\/diariotiempo.com.uy\/noticias\/wp-content\/uploads\/2025\/05\/reunion-mgap-150x150.jpg",150,150,true],"1536x1536":["https:\/\/diariotiempo.com.uy\/noticias\/wp-content\/uploads\/2025\/05\/reunion-mgap.jpg",900,601,false],"2048x2048":["https:\/\/diariotiempo.com.uy\/noticias\/wp-content\/uploads\/2025\/05\/reunion-mgap.jpg",900,601,false],"covernews-slider-full":["https:\/\/diariotiempo.com.uy\/noticias\/wp-content\/uploads\/2025\/05\/reunion-mgap.jpg",900,601,false],"covernews-slider-center":["https:\/\/diariotiempo.com.uy\/noticias\/wp-content\/uploads\/2025\/05\/reunion-mgap-800x500.jpg",800,500,true],"covernews-featured":["https:\/\/diariotiempo.com.uy\/noticias\/wp-content\/uploads\/2025\/05\/reunion-mgap.jpg",900,601,false],"covernews-medium":["https:\/\/diariotiempo.com.uy\/noticias\/wp-content\/uploads\/2025\/05\/reunion-mgap-540x340.jpg",540,340,true],"covernews-medium-square":["https:\/\/diariotiempo.com.uy\/noticias\/wp-content\/uploads\/2025\/05\/reunion-mgap-400x250.jpg",400,250,true]},"author_info":{"display_name":"diario","author_link":"https:\/\/diariotiempo.com.uy\/noticias\/author\/diario\/"},"category_info":"<a href=\"https:\/\/diariotiempo.com.uy\/noticias\/category\/departamental\/\" rel=\"category tag\">DEPARTAMENTAL<\/a>","tag_info":"DEPARTAMENTAL","comment_count":"0","_links":{"self":[{"href":"https:\/\/diariotiempo.com.uy\/noticias\/wp-json\/wp\/v2\/posts\/18832","targetHints":{"allow":["GET"]}}],"collection":[{"href":"https:\/\/diariotiempo.com.uy\/noticias\/wp-json\/wp\/v2\/posts"}],"about":[{"href":"https:\/\/diariotiempo.com.uy\/noticias\/wp-json\/wp\/v2\/types\/post"}],"author":[{"embeddable":true,"href":"https:\/\/diariotiempo.com.uy\/noticias\/wp-json\/wp\/v2\/users\/1"}],"replies":[{"embeddable":true,"href":"https:\/\/diariotiempo.com.uy\/noticias\/wp-json\/wp\/v2\/comments?post=18832"}],"version-history":[{"count":1,"href":"https:\/\/diariotiempo.com.uy\/noticias\/wp-json\/wp\/v2\/posts\/18832\/revisions"}],"predecessor-version":[{"id":18834,"href":"https:\/\/diariotiempo.com.uy\/noticias\/wp-json\/wp\/v2\/posts\/18832\/revisions\/18834"}],"wp:featuredmedia":[{"embeddable":true,"href":"https:\/\/diariotiempo.com.uy\/noticias\/wp-json\/wp\/v2\/media\/18833"}],"wp:attachment":[{"href":"https:\/\/diariotiempo.com.uy\/noticias\/wp-json\/wp\/v2\/media?parent=18832"}],"wp:term":[{"taxonomy":"category","embeddable":true,"href":"https:\/\/diariotiempo.com.uy\/noticias\/wp-json\/wp\/v2\/categories?post=18832"},{"taxonomy":"post_tag","embeddable":true,"href":"https:\/\/diariotiempo.com.uy\/noticias\/wp-json\/wp\/v2\/tags?post=18832"}],"curies":[{"name":"wp","href":"https:\/\/api.w.org\/{rel}","templated":true}]}}