{"id":18835,"date":"2025-05-02T21:24:10","date_gmt":"2025-05-02T21:24:10","guid":{"rendered":"https:\/\/diariotiempo.com.uy\/noticias\/?p=18835"},"modified":"2025-05-02T21:24:11","modified_gmt":"2025-05-02T21:24:11","slug":"intendencia-de-canelones-reconocio-a-trabajadores-departamentales-y-municipales-con-25-30-y-40-de-servicio","status":"publish","type":"post","link":"https:\/\/diariotiempo.com.uy\/noticias\/2025\/05\/02\/intendencia-de-canelones-reconocio-a-trabajadores-departamentales-y-municipales-con-25-30-y-40-de-servicio\/","title":{"rendered":"Intendencia de Canelones reconoci\u00f3 a trabajadores departamentales y municipales con 25, 30 y 40 de servicio"},"content":{"rendered":"\n<figure class=\"wp-block-gallery has-nested-images columns-default is-cropped wp-block-gallery-1 is-layout-flex wp-block-gallery-is-layout-flex\">\n<figure class=\"wp-block-image size-large\"><img loading=\"lazy\" decoding=\"async\" width=\"700\" height=\"467\" data-id=\"18836\" src=\"https:\/\/diariotiempo.com.uy\/noticias\/wp-content\/uploads\/2025\/05\/municipios.jpg\" alt=\"\" class=\"wp-image-18836\" srcset=\"https:\/\/diariotiempo.com.uy\/noticias\/wp-content\/uploads\/2025\/05\/municipios.jpg 700w, https:\/\/diariotiempo.com.uy\/noticias\/wp-content\/uploads\/2025\/05\/municipios-300x200.jpg 300w\" sizes=\"auto, (max-width: 700px) 100vw, 700px\" \/><\/figure>\n\n\n\n<figure class=\"wp-block-image size-large\"><img loading=\"lazy\" decoding=\"async\" width=\"800\" height=\"533\" data-id=\"18837\" src=\"https:\/\/diariotiempo.com.uy\/noticias\/wp-content\/uploads\/2025\/05\/344.jpg\" alt=\"\" class=\"wp-image-18837\" srcset=\"https:\/\/diariotiempo.com.uy\/noticias\/wp-content\/uploads\/2025\/05\/344.jpg 800w, https:\/\/diariotiempo.com.uy\/noticias\/wp-content\/uploads\/2025\/05\/344-300x200.jpg 300w, https:\/\/diariotiempo.com.uy\/noticias\/wp-content\/uploads\/2025\/05\/344-768x512.jpg 768w\" sizes=\"auto, (max-width: 800px) 100vw, 800px\" \/><\/figure>\n<\/figure>\n\n\n\n<p>En la ceremonia, la Intendenta de Canelones, Profa. Gabriela Garrido destac\u00f3 que esos 25, 30 o 40 a\u00f1os de trabajo reflejan, en realidad, una vida entera. Durante ese tiempo, muchas personas formaron sus familias, atravesaron momentos dif\u00edciles y compartieron su d\u00eda a d\u00eda con compa\u00f1eras y compa\u00f1eros que tambi\u00e9n se convirtieron en parte de esa vida. Manifest\u00f3 que, el trabajo municipal representa una segunda familia, con la que se convive buena parte del d\u00eda y en la que se genera un apoyo mutuo constante, remarcando la importancia de valorar y celebrar esos a\u00f1os de servicio, que contribuyeron a dignificar la funci\u00f3n p\u00fablica en el departamento. Garrido subray\u00f3 que son las trabajadoras y los trabajadores quienes lograron que la poblaci\u00f3n valore cada vez m\u00e1s la tarea municipal, a trav\u00e9s de su compromiso diario en \u00e1reas como obras, limpieza, recolecci\u00f3n de residuos, atenci\u00f3n social, cultura, deporte y gesti\u00f3n administrativa. Record\u00f3 situaciones de emergencia donde los primeros en estar presentes fueron funcionarios y funcionarias de la Intendencia, y se\u00f1al\u00f3 que esta actitud de entrega se explica por una cultura institucional construida colectivamente. Finalmente, agradeci\u00f3 a las familias por el acompa\u00f1amiento, entendiendo que el apoyo afectivo es fundamental para poder sostener el compromiso con la funci\u00f3n p\u00fablica. <\/p>\n\n\n\n<p>Por su parte, la Directora General de Administraci\u00f3n, Cra. Mariana Anza enfatiz\u00f3 el valor de compartir este momento con personas que tal vez durante el a\u00f1o trabajaron juntas a distancia y ahora pueden verse cara a cara. Destac\u00f3 especialmente los logros vinculados a la carrera funcional, como la presupuestaci\u00f3n y los concursos de ascenso, procesos que representan no solo un avance institucional, sino tambi\u00e9n un esfuerzo personal y familiar que merece ser reconocido. Anza tambi\u00e9n remarc\u00f3 que este a\u00f1o es relevante por ser un cierre de gesti\u00f3n, lo que implica trabajo adicional, evaluaci\u00f3n de lo realizado y preparaci\u00f3n para una futura transici\u00f3n. En ese contexto, valor\u00f3 el rol fundamental del funcionariado, ya que son quienes garantizan la continuidad operativa y el conocimiento pr\u00e1ctico de la gesti\u00f3n cotidiana. Por eso, invit\u00f3 a disfrutar la jornada como un momento de celebraci\u00f3n colectiva, de reconocimiento al compromiso sostenido a lo largo del tiempo y de reafirmaci\u00f3n del valor del trabajo p\u00fablico. Durante la ceremonia, se realiz\u00f3 la entrega de medallas alusivas a la dedicaci\u00f3n de cada funcionario y funcionaria y cont\u00f3 con la participaci\u00f3n del Secretario General de la Intendencia, Javier Rodr\u00edguez, Directores y Directoras Generales de la Intendencia, Alcaldes, Alcaldesas, entre otras autoridades departamentales y municipales. La Intendencia de Canelones reconoce el compromiso y la dedicaci\u00f3n de las y los funcionarios, reafirmando la importancia de su labor para el desarrollo sostenible del departamento y la calidad de vida de la poblaci\u00f3n de Canelones.<\/p>\n","protected":false},"excerpt":{"rendered":"<p>En la ceremonia, la Intendenta de Canelones, Profa. Gabriela Garrido destac\u00f3 que esos 25, 30&#8230;<\/p>\n","protected":false},"author":1,"featured_media":18836,"comment_status":"closed","ping_status":"closed","sticky":false,"template":"","format":"standard","meta":{"_monsterinsights_skip_tracking":false,"_monsterinsights_sitenote_active":false,"_monsterinsights_sitenote_note":"","_monsterinsights_sitenote_category":0,"footnotes":""},"categories":[4],"tags":[],"class_list":["post-18835","post","type-post","status-publish","format-standard","has-post-thumbnail","hentry","category-departamental"],"featured_image_urls":{"full":["https:\/\/diariotiempo.com.uy\/noticias\/wp-content\/uploads\/2025\/05\/municipios.jpg",700,467,false],"thumbnail":["https:\/\/diariotiempo.com.uy\/noticias\/wp-content\/uploads\/2025\/05\/municipios-150x150.jpg",150,150,true],"medium":["https:\/\/diariotiempo.com.uy\/noticias\/wp-content\/uploads\/2025\/05\/municipios-300x200.jpg",300,200,true],"medium_large":["https:\/\/diariotiempo.com.uy\/noticias\/wp-content\/uploads\/2025\/05\/municipios.jpg",640,427,false],"large":["https:\/\/diariotiempo.com.uy\/noticias\/wp-content\/uploads\/2025\/05\/municipios.jpg",640,427,false],"rpg_gallery_admin_thumb":["https:\/\/diariotiempo.com.uy\/noticias\/wp-content\/uploads\/2025\/05\/municipios-150x150.jpg",150,150,true],"rpg_gallery_thumb":["https:\/\/diariotiempo.com.uy\/noticias\/wp-content\/uploads\/2025\/05\/municipios-150x150.jpg",150,150,true],"1536x1536":["https:\/\/diariotiempo.com.uy\/noticias\/wp-content\/uploads\/2025\/05\/municipios.jpg",700,467,false],"2048x2048":["https:\/\/diariotiempo.com.uy\/noticias\/wp-content\/uploads\/2025\/05\/municipios.jpg",700,467,false],"covernews-slider-full":["https:\/\/diariotiempo.com.uy\/noticias\/wp-content\/uploads\/2025\/05\/municipios.jpg",700,467,false],"covernews-slider-center":["https:\/\/diariotiempo.com.uy\/noticias\/wp-content\/uploads\/2025\/05\/municipios.jpg",700,467,false],"covernews-featured":["https:\/\/diariotiempo.com.uy\/noticias\/wp-content\/uploads\/2025\/05\/municipios.jpg",700,467,false],"covernews-medium":["https:\/\/diariotiempo.com.uy\/noticias\/wp-content\/uploads\/2025\/05\/municipios-540x340.jpg",540,340,true],"covernews-medium-square":["https:\/\/diariotiempo.com.uy\/noticias\/wp-content\/uploads\/2025\/05\/municipios-400x250.jpg",400,250,true]},"author_info":{"display_name":"diario","author_link":"https:\/\/diariotiempo.com.uy\/noticias\/author\/diario\/"},"category_info":"<a href=\"https:\/\/diariotiempo.com.uy\/noticias\/category\/departamental\/\" rel=\"category tag\">DEPARTAMENTAL<\/a>","tag_info":"DEPARTAMENTAL","comment_count":"0","_links":{"self":[{"href":"https:\/\/diariotiempo.com.uy\/noticias\/wp-json\/wp\/v2\/posts\/18835","targetHints":{"allow":["GET"]}}],"collection":[{"href":"https:\/\/diariotiempo.com.uy\/noticias\/wp-json\/wp\/v2\/posts"}],"about":[{"href":"https:\/\/diariotiempo.com.uy\/noticias\/wp-json\/wp\/v2\/types\/post"}],"author":[{"embeddable":true,"href":"https:\/\/diariotiempo.com.uy\/noticias\/wp-json\/wp\/v2\/users\/1"}],"replies":[{"embeddable":true,"href":"https:\/\/diariotiempo.com.uy\/noticias\/wp-json\/wp\/v2\/comments?post=18835"}],"version-history":[{"count":1,"href":"https:\/\/diariotiempo.com.uy\/noticias\/wp-json\/wp\/v2\/posts\/18835\/revisions"}],"predecessor-version":[{"id":18838,"href":"https:\/\/diariotiempo.com.uy\/noticias\/wp-json\/wp\/v2\/posts\/18835\/revisions\/18838"}],"wp:featuredmedia":[{"embeddable":true,"href":"https:\/\/diariotiempo.com.uy\/noticias\/wp-json\/wp\/v2\/media\/18836"}],"wp:attachment":[{"href":"https:\/\/diariotiempo.com.uy\/noticias\/wp-json\/wp\/v2\/media?parent=18835"}],"wp:term":[{"taxonomy":"category","embeddable":true,"href":"https:\/\/diariotiempo.com.uy\/noticias\/wp-json\/wp\/v2\/categories?post=18835"},{"taxonomy":"post_tag","embeddable":true,"href":"https:\/\/diariotiempo.com.uy\/noticias\/wp-json\/wp\/v2\/tags?post=18835"}],"curies":[{"name":"wp","href":"https:\/\/api.w.org\/{rel}","templated":true}]}}