{"id":1907,"date":"2021-09-29T16:15:18","date_gmt":"2021-09-29T16:15:18","guid":{"rendered":"https:\/\/diariotiempo.com.uy\/noticias\/?p=1907"},"modified":"2021-09-29T16:15:20","modified_gmt":"2021-09-29T16:15:20","slug":"ute-regularizara-7-000-instalaciones-electricas-en-zonas-de-contexto-vulnerable","status":"publish","type":"post","link":"https:\/\/diariotiempo.com.uy\/noticias\/2021\/09\/29\/ute-regularizara-7-000-instalaciones-electricas-en-zonas-de-contexto-vulnerable\/","title":{"rendered":"UTE regularizar\u00e1 7.000 instalaciones el\u00e9ctricas en zonas de contexto vulnerable"},"content":{"rendered":"\n<figure class=\"wp-block-image size-full\"><img loading=\"lazy\" decoding=\"async\" width=\"800\" height=\"533\" src=\"https:\/\/diariotiempo.com.uy\/noticias\/wp-content\/uploads\/2021\/09\/5-5.jpg\" alt=\"\" class=\"wp-image-1908\" srcset=\"https:\/\/diariotiempo.com.uy\/noticias\/wp-content\/uploads\/2021\/09\/5-5.jpg 800w, https:\/\/diariotiempo.com.uy\/noticias\/wp-content\/uploads\/2021\/09\/5-5-300x200.jpg 300w, https:\/\/diariotiempo.com.uy\/noticias\/wp-content\/uploads\/2021\/09\/5-5-768x512.jpg 768w\" sizes=\"auto, (max-width: 800px) 100vw, 800px\" \/><\/figure>\n\n\n\n<p>El convenio firmado con el Instituto Nacional del Cooperativismo (Inacoop) posibilitar\u00e1 a UTE realizar la red de distribuci\u00f3n de energ\u00eda, y las cooperativas seleccionadas trabajar\u00e1n dentro de los hogares, explic\u00f3 la presidenta del ente, Silvia Emaldi. Este a\u00f1o se realizar\u00e1n 7.000 instalaciones seguras en barrios de contexto vulnerable de todo el pa\u00eds y, para el final del per\u00edodo, se prev\u00e9 regularizar a unos 40.000 hogares.<\/p>\n\n\n\n<p>La firma del acuerdo se efectu\u00f3 este martes 28, en un acto encabezado por Emaldi, junto con el presidente de Inacoop, Mart\u00edn Fern\u00e1ndez, y autoridades de ambos directorios.<br>El entendimiento entre ambas instituciones permitir\u00e1 regularizar el servicio de energ\u00eda el\u00e9ctrica en hogares de contexto vulnerable de todo el pa\u00eds, a fin de generar condiciones de seguridad e igualdad.<\/p>\n\n\n\n<p>La presidenta de UTE indic\u00f3 que la inversi\u00f3n del acuerdo alcanza unos 7.000.000 de d\u00f3lares por a\u00f1o en instalaciones y materiales, adem\u00e1s de las contrataciones a las cooperativas de trabajo A este proyecto de inclusi\u00f3n social, tambi\u00e9n se le suman los planes de electrificaci\u00f3n rural y de la red, con m\u00e1s de 200 millones de d\u00f3lares por a\u00f1o de inversi\u00f3n, a\u00f1adi\u00f3 Emaldi.<\/p>\n\n\n\n<p>Para la finalizaci\u00f3n del per\u00edodo, ser\u00e1n unos 40.000 los hogares regularizados, y para esa fecha restar\u00e1n unos 20.000 en todo el pa\u00eds, seg\u00fan explic\u00f3.<\/p>\n\n\n\n<p>El presidente de Inacoop dijo que este acuerdo generar\u00e1 trabajo para unos 140 cooperativistas de todo el pa\u00eds, formados en conexiones el\u00e9ctricas intradomiciliarias. Fern\u00e1ndez agreg\u00f3 que en el llamado a las cooperativas fue contemplada la perspectiva de g\u00e9nero, y que se conform\u00f3 una comisi\u00f3n de seguimiento, para tal finalidad.<br>Fuente y foto Presidencia<\/p>\n","protected":false},"excerpt":{"rendered":"<p>El convenio firmado con el Instituto Nacional del Cooperativismo (Inacoop) posibilitar\u00e1 a UTE realizar la&#8230;<\/p>\n","protected":false},"author":1,"featured_media":1908,"comment_status":"open","ping_status":"open","sticky":false,"template":"","format":"standard","meta":{"_monsterinsights_skip_tracking":false,"_monsterinsights_sitenote_active":false,"_monsterinsights_sitenote_note":"","_monsterinsights_sitenote_category":0,"footnotes":""},"categories":[79],"tags":[],"class_list":["post-1907","post","type-post","status-publish","format-standard","has-post-thumbnail","hentry","category-nacionales"],"featured_image_urls":{"full":["https:\/\/diariotiempo.com.uy\/noticias\/wp-content\/uploads\/2021\/09\/5-5.jpg",800,533,false],"thumbnail":["https:\/\/diariotiempo.com.uy\/noticias\/wp-content\/uploads\/2021\/09\/5-5-150x150.jpg",150,150,true],"medium":["https:\/\/diariotiempo.com.uy\/noticias\/wp-content\/uploads\/2021\/09\/5-5-300x200.jpg",300,200,true],"medium_large":["https:\/\/diariotiempo.com.uy\/noticias\/wp-content\/uploads\/2021\/09\/5-5-768x512.jpg",640,427,true],"large":["https:\/\/diariotiempo.com.uy\/noticias\/wp-content\/uploads\/2021\/09\/5-5.jpg",640,426,false],"rpg_gallery_admin_thumb":["https:\/\/diariotiempo.com.uy\/noticias\/wp-content\/uploads\/2021\/09\/5-5.jpg",150,100,false],"rpg_gallery_thumb":["https:\/\/diariotiempo.com.uy\/noticias\/wp-content\/uploads\/2021\/09\/5-5.jpg",150,100,false],"1536x1536":["https:\/\/diariotiempo.com.uy\/noticias\/wp-content\/uploads\/2021\/09\/5-5.jpg",800,533,false],"2048x2048":["https:\/\/diariotiempo.com.uy\/noticias\/wp-content\/uploads\/2021\/09\/5-5.jpg",800,533,false],"covernews-slider-full":["https:\/\/diariotiempo.com.uy\/noticias\/wp-content\/uploads\/2021\/09\/5-5.jpg",800,533,false],"covernews-slider-center":["https:\/\/diariotiempo.com.uy\/noticias\/wp-content\/uploads\/2021\/09\/5-5-800x500.jpg",800,500,true],"covernews-featured":["https:\/\/diariotiempo.com.uy\/noticias\/wp-content\/uploads\/2021\/09\/5-5.jpg",800,533,false],"covernews-medium":["https:\/\/diariotiempo.com.uy\/noticias\/wp-content\/uploads\/2021\/09\/5-5-540x340.jpg",540,340,true],"covernews-medium-square":["https:\/\/diariotiempo.com.uy\/noticias\/wp-content\/uploads\/2021\/09\/5-5-400x250.jpg",400,250,true]},"author_info":{"display_name":"diario","author_link":"https:\/\/diariotiempo.com.uy\/noticias\/author\/diario\/"},"category_info":"<a href=\"https:\/\/diariotiempo.com.uy\/noticias\/category\/nacionales\/\" rel=\"category tag\">NACIONALES<\/a>","tag_info":"NACIONALES","comment_count":"0","_links":{"self":[{"href":"https:\/\/diariotiempo.com.uy\/noticias\/wp-json\/wp\/v2\/posts\/1907","targetHints":{"allow":["GET"]}}],"collection":[{"href":"https:\/\/diariotiempo.com.uy\/noticias\/wp-json\/wp\/v2\/posts"}],"about":[{"href":"https:\/\/diariotiempo.com.uy\/noticias\/wp-json\/wp\/v2\/types\/post"}],"author":[{"embeddable":true,"href":"https:\/\/diariotiempo.com.uy\/noticias\/wp-json\/wp\/v2\/users\/1"}],"replies":[{"embeddable":true,"href":"https:\/\/diariotiempo.com.uy\/noticias\/wp-json\/wp\/v2\/comments?post=1907"}],"version-history":[{"count":1,"href":"https:\/\/diariotiempo.com.uy\/noticias\/wp-json\/wp\/v2\/posts\/1907\/revisions"}],"predecessor-version":[{"id":1909,"href":"https:\/\/diariotiempo.com.uy\/noticias\/wp-json\/wp\/v2\/posts\/1907\/revisions\/1909"}],"wp:featuredmedia":[{"embeddable":true,"href":"https:\/\/diariotiempo.com.uy\/noticias\/wp-json\/wp\/v2\/media\/1908"}],"wp:attachment":[{"href":"https:\/\/diariotiempo.com.uy\/noticias\/wp-json\/wp\/v2\/media?parent=1907"}],"wp:term":[{"taxonomy":"category","embeddable":true,"href":"https:\/\/diariotiempo.com.uy\/noticias\/wp-json\/wp\/v2\/categories?post=1907"},{"taxonomy":"post_tag","embeddable":true,"href":"https:\/\/diariotiempo.com.uy\/noticias\/wp-json\/wp\/v2\/tags?post=1907"}],"curies":[{"name":"wp","href":"https:\/\/api.w.org\/{rel}","templated":true}]}}