{"id":19077,"date":"2025-05-22T14:49:14","date_gmt":"2025-05-22T14:49:14","guid":{"rendered":"https:\/\/diariotiempo.com.uy\/noticias\/?p=19077"},"modified":"2025-05-22T14:49:15","modified_gmt":"2025-05-22T14:49:15","slug":"la-camara-comercial-de-pando-celebra-sus-72-anos-de-vida","status":"publish","type":"post","link":"https:\/\/diariotiempo.com.uy\/noticias\/2025\/05\/22\/la-camara-comercial-de-pando-celebra-sus-72-anos-de-vida\/","title":{"rendered":"La C\u00e1mara Comercial de Pando celebra sus 72 a\u00f1os de vida"},"content":{"rendered":"\n<figure class=\"wp-block-image size-full\"><img loading=\"lazy\" decoding=\"async\" width=\"800\" height=\"756\" src=\"https:\/\/diariotiempo.com.uy\/noticias\/wp-content\/uploads\/2025\/05\/camara-comercial.jpg\" alt=\"\" class=\"wp-image-19078\" srcset=\"https:\/\/diariotiempo.com.uy\/noticias\/wp-content\/uploads\/2025\/05\/camara-comercial.jpg 800w, https:\/\/diariotiempo.com.uy\/noticias\/wp-content\/uploads\/2025\/05\/camara-comercial-300x284.jpg 300w, https:\/\/diariotiempo.com.uy\/noticias\/wp-content\/uploads\/2025\/05\/camara-comercial-768x726.jpg 768w\" sizes=\"auto, (max-width: 800px) 100vw, 800px\" \/><\/figure>\n\n\n\n<p>La C\u00e1mara Comercial Industrial y Agraria de Pando, invita a sus Socios al 72 Aniversario de la instituci\u00f3n, &nbsp;el mismo se realizar\u00e1 en su sede el lunes 2 de junio a las 19:30 horas.<\/p>\n\n\n\n<p>Solicitan confirmar asistencia: https:\/\/forms.gle\/WkpoTFZevHJJviFe6 &nbsp;o al Cel: 097 333 043<\/p>\n\n\n\n<p>La CCIAP evoluciona, inaugurando nuevos espacios y Ud. est\u00e1 invitado a presenciarlo. Espacios dise\u00f1ados para inspirar, conectar y crear. &nbsp;Adem\u00e1s se contar\u00e1 con la presencia del &nbsp;Sr. Juan Francisco Retali, &nbsp;un disertante de primer nivel que nos brindar\u00e1 una charla \u00bb Ventas que enamoran\u00bb. Es un reconocido comerciante y conferencista internacional especializado en comercio minorista y experiencia del cliente. Autor del libro \u00abTiendas que Enamoran\u00bb, Retali ha impartido conferencias en 11 pa\u00edses de Latinoam\u00e9rica y particip\u00f3 en una charla TED en 2023. Su pasi\u00f3n radica en transformar negocios y crear experiencias memorables para los clientes.<\/p>\n\n\n\n<p>Al finalizar se confirmar\u00e1 un brindis con los asistentes.<\/p>\n\n\n\n<p><\/p>\n","protected":false},"excerpt":{"rendered":"<p>La C\u00e1mara Comercial Industrial y Agraria de Pando, invita a sus Socios al 72 Aniversario&#8230;<\/p>\n","protected":false},"author":1,"featured_media":19078,"comment_status":"closed","ping_status":"closed","sticky":false,"template":"","format":"standard","meta":{"_monsterinsights_skip_tracking":false,"_monsterinsights_sitenote_active":false,"_monsterinsights_sitenote_note":"","_monsterinsights_sitenote_category":0,"footnotes":""},"categories":[19],"tags":[],"class_list":["post-19077","post","type-post","status-publish","format-standard","has-post-thumbnail","hentry","category-pando"],"featured_image_urls":{"full":["https:\/\/diariotiempo.com.uy\/noticias\/wp-content\/uploads\/2025\/05\/camara-comercial.jpg",800,756,false],"thumbnail":["https:\/\/diariotiempo.com.uy\/noticias\/wp-content\/uploads\/2025\/05\/camara-comercial-150x150.jpg",150,150,true],"medium":["https:\/\/diariotiempo.com.uy\/noticias\/wp-content\/uploads\/2025\/05\/camara-comercial-300x284.jpg",300,284,true],"medium_large":["https:\/\/diariotiempo.com.uy\/noticias\/wp-content\/uploads\/2025\/05\/camara-comercial-768x726.jpg",640,605,true],"large":["https:\/\/diariotiempo.com.uy\/noticias\/wp-content\/uploads\/2025\/05\/camara-comercial.jpg",640,605,false],"rpg_gallery_admin_thumb":["https:\/\/diariotiempo.com.uy\/noticias\/wp-content\/uploads\/2025\/05\/camara-comercial-150x150.jpg",150,150,true],"rpg_gallery_thumb":["https:\/\/diariotiempo.com.uy\/noticias\/wp-content\/uploads\/2025\/05\/camara-comercial-150x150.jpg",150,150,true],"1536x1536":["https:\/\/diariotiempo.com.uy\/noticias\/wp-content\/uploads\/2025\/05\/camara-comercial.jpg",800,756,false],"2048x2048":["https:\/\/diariotiempo.com.uy\/noticias\/wp-content\/uploads\/2025\/05\/camara-comercial.jpg",800,756,false],"covernews-slider-full":["https:\/\/diariotiempo.com.uy\/noticias\/wp-content\/uploads\/2025\/05\/camara-comercial-800x715.jpg",800,715,true],"covernews-slider-center":["https:\/\/diariotiempo.com.uy\/noticias\/wp-content\/uploads\/2025\/05\/camara-comercial-800x500.jpg",800,500,true],"covernews-featured":["https:\/\/diariotiempo.com.uy\/noticias\/wp-content\/uploads\/2025\/05\/camara-comercial.jpg",800,756,false],"covernews-medium":["https:\/\/diariotiempo.com.uy\/noticias\/wp-content\/uploads\/2025\/05\/camara-comercial-540x340.jpg",540,340,true],"covernews-medium-square":["https:\/\/diariotiempo.com.uy\/noticias\/wp-content\/uploads\/2025\/05\/camara-comercial-400x250.jpg",400,250,true]},"author_info":{"display_name":"diario","author_link":"https:\/\/diariotiempo.com.uy\/noticias\/author\/diario\/"},"category_info":"<a href=\"https:\/\/diariotiempo.com.uy\/noticias\/category\/departamental\/pando\/\" rel=\"category tag\">Pando<\/a>","tag_info":"Pando","comment_count":"0","_links":{"self":[{"href":"https:\/\/diariotiempo.com.uy\/noticias\/wp-json\/wp\/v2\/posts\/19077","targetHints":{"allow":["GET"]}}],"collection":[{"href":"https:\/\/diariotiempo.com.uy\/noticias\/wp-json\/wp\/v2\/posts"}],"about":[{"href":"https:\/\/diariotiempo.com.uy\/noticias\/wp-json\/wp\/v2\/types\/post"}],"author":[{"embeddable":true,"href":"https:\/\/diariotiempo.com.uy\/noticias\/wp-json\/wp\/v2\/users\/1"}],"replies":[{"embeddable":true,"href":"https:\/\/diariotiempo.com.uy\/noticias\/wp-json\/wp\/v2\/comments?post=19077"}],"version-history":[{"count":1,"href":"https:\/\/diariotiempo.com.uy\/noticias\/wp-json\/wp\/v2\/posts\/19077\/revisions"}],"predecessor-version":[{"id":19079,"href":"https:\/\/diariotiempo.com.uy\/noticias\/wp-json\/wp\/v2\/posts\/19077\/revisions\/19079"}],"wp:featuredmedia":[{"embeddable":true,"href":"https:\/\/diariotiempo.com.uy\/noticias\/wp-json\/wp\/v2\/media\/19078"}],"wp:attachment":[{"href":"https:\/\/diariotiempo.com.uy\/noticias\/wp-json\/wp\/v2\/media?parent=19077"}],"wp:term":[{"taxonomy":"category","embeddable":true,"href":"https:\/\/diariotiempo.com.uy\/noticias\/wp-json\/wp\/v2\/categories?post=19077"},{"taxonomy":"post_tag","embeddable":true,"href":"https:\/\/diariotiempo.com.uy\/noticias\/wp-json\/wp\/v2\/tags?post=19077"}],"curies":[{"name":"wp","href":"https:\/\/api.w.org\/{rel}","templated":true}]}}