{"id":19080,"date":"2025-05-22T14:51:08","date_gmt":"2025-05-22T14:51:08","guid":{"rendered":"https:\/\/diariotiempo.com.uy\/noticias\/?p=19080"},"modified":"2025-05-22T14:51:09","modified_gmt":"2025-05-22T14:51:09","slug":"buscan-familias-amigas-para-bebes-entre-0-y-3-anos-en-canelones","status":"publish","type":"post","link":"https:\/\/diariotiempo.com.uy\/noticias\/2025\/05\/22\/buscan-familias-amigas-para-bebes-entre-0-y-3-anos-en-canelones\/","title":{"rendered":"Buscan Familias Amigas para beb\u00e9s entre 0 y 3 a\u00f1os en Canelones"},"content":{"rendered":"\n<figure class=\"wp-block-image size-full\"><img loading=\"lazy\" decoding=\"async\" width=\"348\" height=\"250\" src=\"https:\/\/diariotiempo.com.uy\/noticias\/wp-content\/uploads\/2025\/05\/FAMILIA.jpg\" alt=\"\" class=\"wp-image-19081\" srcset=\"https:\/\/diariotiempo.com.uy\/noticias\/wp-content\/uploads\/2025\/05\/FAMILIA.jpg 348w, https:\/\/diariotiempo.com.uy\/noticias\/wp-content\/uploads\/2025\/05\/FAMILIA-300x216.jpg 300w\" sizes=\"auto, (max-width: 348px) 100vw, 348px\" \/><\/figure>\n\n\n\n<p>Familia Amiga es una iniciativa de Inau, que consiste en que una persona o familia reciba y cuide en su hogar de forma temporal a un ni\u00f1o o ni\u00f1a que perdi\u00f3 el cuidado de su familia hasta que se encuentre una resoluci\u00f3n definitiva, ya sea el reintegro a familiar o la adopci\u00f3n. Se busca evitar que los ni\u00f1os y las ni\u00f1as ingresen a instituciones de cuidado.<\/p>\n\n\n\n<p>\u00bfPor qu\u00e9 los ni\u00f1os, las ni\u00f1as y los\/as adolescentes viven en instituciones de cuidado?<\/p>\n\n\n\n<p>Cuando se producen situaciones que vulneran los derechos de ni\u00f1os, ni\u00f1as y adolescentes en la familia (como abuso, maltrato o explotaci\u00f3n), el Estado es responsable de brindarles una respuesta protectora. Cuando no hay personas adultas del entorno que puedan cuidarlos\/as, ingresan a instituciones de cuidado.<\/p>\n\n\n\n<p>\u00bfPor qu\u00e9 es mejor que crezcan en una Familia Amiga y no en una instituci\u00f3n?<\/p>\n\n\n\n<p>Por cada tres meses que un ni\u00f1o o una ni\u00f1a de corta edad reside en una instituci\u00f3n pierde un mes de desarrollo. El ambiente en el que los ni\u00f1os y las ni\u00f1as crecen es determinante. La internaci\u00f3n debe ser un recurso excepcional y temporal, porque se contrapone al derecho de los ni\u00f1os, las ni\u00f1as y los\/as adolescentes a vivir en familia.<\/p>\n\n\n\n<p>Por eso, siempre que sea posible, se deben buscar soluciones de cuidado alternativo en \u00e1mbitos familiares, como Familia Amiga.<\/p>\n\n\n\n<p><strong>Requisitos para ser Familia Amiga:<\/strong><\/p>\n\n\n\n<p>\u2022 Tener 25 a\u00f1os o m\u00e1s<\/p>\n\n\n\n<p>\u2022 Tener tiempo y dedicaci\u00f3n para cuidar<\/p>\n\n\n\n<p>\u2022 Tener espacio en tu hogar y que est\u00e9 en condiciones adecuadas y seguras<\/p>\n\n\n\n<p>\u2022 Contar con ingresos econ\u00f3micos que respondan a las necesidades de tu propia familia<\/p>\n\n\n\n<p>\u2022 No estar inscripto\/a en el Registro \u00danico de Adopciones<\/p>\n\n\n\n<p>Es importante que:<\/p>\n\n\n\n<p>\u2022 Todas las personas que integren el hogar tengan el deseo de ser Familia Amiga y est\u00e9n informadas<\/p>\n\n\n\n<p>acerca de lo que implica.<\/p>\n\n\n\n<p>\u2022 Haya apertura hacia el equipo t\u00e9cnico que acompa\u00f1a el proceso.<\/p>\n\n\n\n<p>\u2022 Se acepte el v\u00ednculo entre el ni\u00f1o, la ni\u00f1a o el\/la adolescente con su familia.<\/p>\n\n\n\n<p>\u2022 Se tenga presente que el cuidado es transitorio y que el ni\u00f1o, la ni\u00f1a o el\/la adolescente volver\u00e1 con su familia o ser\u00e1 integrado\/a a una familia adoptiva.<\/p>\n\n\n\n<p><strong>Preguntas frecuentes:<\/strong><\/p>\n\n\n\n<p>\u00bfLos ni\u00f1os y las ni\u00f1as han sido abandonados\/as?<\/p>\n\n\n\n<p>NO. Los ni\u00f1os, las ni\u00f1as y los\/as adolescentes que se encuentran viviendo en instituciones de cuidado est\u00e1n all\u00ed por decisi\u00f3n judicial, porque sus derechos fueron vulnerados en el \u00e1mbito familiar. Tienen familias y es deseable que se reintegren a ellas siempre que las condiciones est\u00e9n dadas para hacerlo.<\/p>\n\n\n\n<p>\u00bfPuedo ser Familia Amiga si soy una persona que vive sola o si tengo hijos\/as a cargo?<\/p>\n\n\n\n<p>S\u00cd. Las personas que cumplan con los requisitos pueden postularse, sin importar c\u00f3mo est\u00e9 conformado su hogar.<\/p>\n\n\n\n<p>\u00bfCu\u00e1nto demora el proceso?<\/p>\n\n\n\n<p>Las personas o familias que se postulan transitar\u00e1n por un proceso de evaluaci\u00f3n. Se estima que este proceso puede durar hasta seis meses. La integraci\u00f3n del ni\u00f1o, la ni\u00f1a o el\/la adolescente a la Familia Amiga se realizar\u00e1 de forma paulatna.<\/p>\n\n\n\n<p>\u00bfPuedo elegir la edad?<\/p>\n\n\n\n<p>S\u00cd. Se puede indicar preferencia de edad.<\/p>\n\n\n\n<p>\u00bfVoy a recibir alg\u00fan tipo de apoyo?<\/p>\n\n\n\n<p>S\u00cd. Las Familias Amigas cuentan con apoyo t\u00e9cnico y econ\u00f3mico de parte de equipos especializados.<\/p>\n\n\n\n<p>\u00bfPuedo ser Familia Amiga para despu\u00e9s adoptarlo\/a?<\/p>\n\n\n\n<p>NO. Familia Amiga es una propuesta de cuidado transitorio. Las personas que se postulen para ser Familia Amiga no pueden estar inscriptas en el Registro \u00danico de Adopciones. Las leyes actuales prev\u00e9n que, luego de una evaluaci\u00f3n exhaustiva, una Familia Amiga puede adoptar, pero son casos excepcionales.<\/p>\n\n\n\n<p>\u00bfLa familia va a venir a visitarlo\/a?<\/p>\n\n\n\n<p>Los equipos t\u00e9cnicos que acompa\u00f1an el proceso ser\u00e1n quienes articulen las visitas de la familia y se procura que se realicen en otros espacios que no sean el hogar de la Familia Amiga.<\/p>\n\n\n\n<p>\u00bfQu\u00e9 pasa los fines de semana o en las vacaciones?<\/p>\n\n\n\n<p>El ni\u00f1o, la ni\u00f1a o el\/la adolescente se debe integrar a la din\u00e1mica de la familia. Esto contempla actividades, paseos y vacaciones.<\/p>\n\n\n\n<p>\u00bfQu\u00e9 pasa si me tengo que ir del pa\u00eds por trabajo o vacaciones? \u00bfEl ni\u00f1o o la ni\u00f1a me puede acompa\u00f1ar?<\/p>\n\n\n\n<p>S\u00cd. En estos casos se deben tramitar permisos especiales con Inau.<\/p>\n\n\n\n<p><strong>M\u00e1s informaci\u00f3n:<\/strong><\/p>\n\n\n\n<p>098 026 856<\/p>\n\n\n\n<p><a href=\"mailto:canelones.contacto@aldeasinfantiles.org.uy\">canelones.contacto@aldeasinfantiles.org.uy<\/a><\/p>\n\n\n\n<p>aldeasinfantiles.org.uy\/familia-amiga<\/p>\n\n\n\n<p><\/p>\n","protected":false},"excerpt":{"rendered":"<p>Familia Amiga es una iniciativa de Inau, que consiste en que una persona o familia&#8230;<\/p>\n","protected":false},"author":1,"featured_media":19081,"comment_status":"closed","ping_status":"closed","sticky":false,"template":"","format":"standard","meta":{"_monsterinsights_skip_tracking":false,"_monsterinsights_sitenote_active":false,"_monsterinsights_sitenote_note":"","_monsterinsights_sitenote_category":0,"footnotes":""},"categories":[4],"tags":[],"class_list":["post-19080","post","type-post","status-publish","format-standard","has-post-thumbnail","hentry","category-departamental"],"featured_image_urls":{"full":["https:\/\/diariotiempo.com.uy\/noticias\/wp-content\/uploads\/2025\/05\/FAMILIA.jpg",348,250,false],"thumbnail":["https:\/\/diariotiempo.com.uy\/noticias\/wp-content\/uploads\/2025\/05\/FAMILIA-150x150.jpg",150,150,true],"medium":["https:\/\/diariotiempo.com.uy\/noticias\/wp-content\/uploads\/2025\/05\/FAMILIA-300x216.jpg",300,216,true],"medium_large":["https:\/\/diariotiempo.com.uy\/noticias\/wp-content\/uploads\/2025\/05\/FAMILIA.jpg",348,250,false],"large":["https:\/\/diariotiempo.com.uy\/noticias\/wp-content\/uploads\/2025\/05\/FAMILIA.jpg",348,250,false],"rpg_gallery_admin_thumb":["https:\/\/diariotiempo.com.uy\/noticias\/wp-content\/uploads\/2025\/05\/FAMILIA-150x150.jpg",150,150,true],"rpg_gallery_thumb":["https:\/\/diariotiempo.com.uy\/noticias\/wp-content\/uploads\/2025\/05\/FAMILIA-150x150.jpg",150,150,true],"1536x1536":["https:\/\/diariotiempo.com.uy\/noticias\/wp-content\/uploads\/2025\/05\/FAMILIA.jpg",348,250,false],"2048x2048":["https:\/\/diariotiempo.com.uy\/noticias\/wp-content\/uploads\/2025\/05\/FAMILIA.jpg",348,250,false],"covernews-slider-full":["https:\/\/diariotiempo.com.uy\/noticias\/wp-content\/uploads\/2025\/05\/FAMILIA.jpg",348,250,false],"covernews-slider-center":["https:\/\/diariotiempo.com.uy\/noticias\/wp-content\/uploads\/2025\/05\/FAMILIA.jpg",348,250,false],"covernews-featured":["https:\/\/diariotiempo.com.uy\/noticias\/wp-content\/uploads\/2025\/05\/FAMILIA.jpg",348,250,false],"covernews-medium":["https:\/\/diariotiempo.com.uy\/noticias\/wp-content\/uploads\/2025\/05\/FAMILIA.jpg",348,250,false],"covernews-medium-square":["https:\/\/diariotiempo.com.uy\/noticias\/wp-content\/uploads\/2025\/05\/FAMILIA.jpg",348,250,false]},"author_info":{"display_name":"diario","author_link":"https:\/\/diariotiempo.com.uy\/noticias\/author\/diario\/"},"category_info":"<a href=\"https:\/\/diariotiempo.com.uy\/noticias\/category\/departamental\/\" rel=\"category tag\">DEPARTAMENTAL<\/a>","tag_info":"DEPARTAMENTAL","comment_count":"0","_links":{"self":[{"href":"https:\/\/diariotiempo.com.uy\/noticias\/wp-json\/wp\/v2\/posts\/19080","targetHints":{"allow":["GET"]}}],"collection":[{"href":"https:\/\/diariotiempo.com.uy\/noticias\/wp-json\/wp\/v2\/posts"}],"about":[{"href":"https:\/\/diariotiempo.com.uy\/noticias\/wp-json\/wp\/v2\/types\/post"}],"author":[{"embeddable":true,"href":"https:\/\/diariotiempo.com.uy\/noticias\/wp-json\/wp\/v2\/users\/1"}],"replies":[{"embeddable":true,"href":"https:\/\/diariotiempo.com.uy\/noticias\/wp-json\/wp\/v2\/comments?post=19080"}],"version-history":[{"count":1,"href":"https:\/\/diariotiempo.com.uy\/noticias\/wp-json\/wp\/v2\/posts\/19080\/revisions"}],"predecessor-version":[{"id":19082,"href":"https:\/\/diariotiempo.com.uy\/noticias\/wp-json\/wp\/v2\/posts\/19080\/revisions\/19082"}],"wp:featuredmedia":[{"embeddable":true,"href":"https:\/\/diariotiempo.com.uy\/noticias\/wp-json\/wp\/v2\/media\/19081"}],"wp:attachment":[{"href":"https:\/\/diariotiempo.com.uy\/noticias\/wp-json\/wp\/v2\/media?parent=19080"}],"wp:term":[{"taxonomy":"category","embeddable":true,"href":"https:\/\/diariotiempo.com.uy\/noticias\/wp-json\/wp\/v2\/categories?post=19080"},{"taxonomy":"post_tag","embeddable":true,"href":"https:\/\/diariotiempo.com.uy\/noticias\/wp-json\/wp\/v2\/tags?post=19080"}],"curies":[{"name":"wp","href":"https:\/\/api.w.org\/{rel}","templated":true}]}}