{"id":19400,"date":"2025-06-09T12:45:59","date_gmt":"2025-06-09T12:45:59","guid":{"rendered":"https:\/\/diariotiempo.com.uy\/noticias\/?p=19400"},"modified":"2025-06-09T12:46:00","modified_gmt":"2025-06-09T12:46:00","slug":"fallecio-conductor-de-61-anos-luego-de-chocar-por-perder-el-conocimiento","status":"publish","type":"post","link":"https:\/\/diariotiempo.com.uy\/noticias\/2025\/06\/09\/fallecio-conductor-de-61-anos-luego-de-chocar-por-perder-el-conocimiento\/","title":{"rendered":"Falleci\u00f3 conductor de 61 a\u00f1os luego de chocar por perder el conocimiento\u00a0"},"content":{"rendered":"\n<figure class=\"wp-block-image size-full\"><img loading=\"lazy\" decoding=\"async\" width=\"900\" height=\"579\" src=\"https:\/\/diariotiempo.com.uy\/noticias\/wp-content\/uploads\/2025\/06\/CHOQUE.jpg\" alt=\"\" class=\"wp-image-19401\" srcset=\"https:\/\/diariotiempo.com.uy\/noticias\/wp-content\/uploads\/2025\/06\/CHOQUE.jpg 900w, https:\/\/diariotiempo.com.uy\/noticias\/wp-content\/uploads\/2025\/06\/CHOQUE-300x193.jpg 300w, https:\/\/diariotiempo.com.uy\/noticias\/wp-content\/uploads\/2025\/06\/CHOQUE-768x494.jpg 768w\" sizes=\"auto, (max-width: 900px) 100vw, 900px\" \/><\/figure>\n\n\n\n<p>Falleci\u00f3 en Pando conductor de 61 a\u00f1os luego de chocar por perder el conocimiento, su acompa\u00f1ante, una mujer de 55 a\u00f1os, result\u00f3 ilesa y relat\u00f3 c\u00f3mo se dieron los hechos que propiciaron el fallecimiento del hombre.<\/p>\n\n\n\n<p>El domingo sobre las 16 horas hubo &nbsp;un siniestro de tr\u00e1nsito a la altura del bypass de la ruta 101 en el km 34.500, informaron fuentes policiales a Montevideo Portal.<\/p>\n\n\n\n<p>Seg\u00fan el relato de la acompa\u00f1ante, una mujer de 55 a\u00f1os, el hombre habr\u00eda perdido el conocimiento mientras conduc\u00eda. Debido a esto, la v\u00edctima perdi\u00f3 el control del veh\u00edculo e impact\u00f3 contra una columna de alumbrado p\u00fablico, cruz\u00e1ndose de carril. Seg\u00fan informaron fuentes policiales, al hombre se le realizaron trabajos de reanimaci\u00f3n, pero termin\u00f3 falleciendo en el lugar. <\/p>\n\n\n\n<p>Foto P. Caminera<\/p>\n\n\n\n<p><\/p>\n","protected":false},"excerpt":{"rendered":"<p>Falleci\u00f3 en Pando conductor de 61 a\u00f1os luego de chocar por perder el conocimiento, su&#8230;<\/p>\n","protected":false},"author":1,"featured_media":19401,"comment_status":"closed","ping_status":"closed","sticky":false,"template":"","format":"standard","meta":{"_monsterinsights_skip_tracking":false,"_monsterinsights_sitenote_active":false,"_monsterinsights_sitenote_note":"","_monsterinsights_sitenote_category":0,"footnotes":""},"categories":[11],"tags":[],"class_list":["post-19400","post","type-post","status-publish","format-standard","has-post-thumbnail","hentry","category-noticia-destacada"],"featured_image_urls":{"full":["https:\/\/diariotiempo.com.uy\/noticias\/wp-content\/uploads\/2025\/06\/CHOQUE.jpg",900,579,false],"thumbnail":["https:\/\/diariotiempo.com.uy\/noticias\/wp-content\/uploads\/2025\/06\/CHOQUE-150x150.jpg",150,150,true],"medium":["https:\/\/diariotiempo.com.uy\/noticias\/wp-content\/uploads\/2025\/06\/CHOQUE-300x193.jpg",300,193,true],"medium_large":["https:\/\/diariotiempo.com.uy\/noticias\/wp-content\/uploads\/2025\/06\/CHOQUE-768x494.jpg",640,412,true],"large":["https:\/\/diariotiempo.com.uy\/noticias\/wp-content\/uploads\/2025\/06\/CHOQUE.jpg",640,412,true],"rpg_gallery_admin_thumb":["https:\/\/diariotiempo.com.uy\/noticias\/wp-content\/uploads\/2025\/06\/CHOQUE-150x150.jpg",150,150,true],"rpg_gallery_thumb":["https:\/\/diariotiempo.com.uy\/noticias\/wp-content\/uploads\/2025\/06\/CHOQUE-150x150.jpg",150,150,true],"1536x1536":["https:\/\/diariotiempo.com.uy\/noticias\/wp-content\/uploads\/2025\/06\/CHOQUE.jpg",900,579,false],"2048x2048":["https:\/\/diariotiempo.com.uy\/noticias\/wp-content\/uploads\/2025\/06\/CHOQUE.jpg",900,579,false],"covernews-slider-full":["https:\/\/diariotiempo.com.uy\/noticias\/wp-content\/uploads\/2025\/06\/CHOQUE.jpg",900,579,false],"covernews-slider-center":["https:\/\/diariotiempo.com.uy\/noticias\/wp-content\/uploads\/2025\/06\/CHOQUE-800x500.jpg",800,500,true],"covernews-featured":["https:\/\/diariotiempo.com.uy\/noticias\/wp-content\/uploads\/2025\/06\/CHOQUE.jpg",900,579,false],"covernews-medium":["https:\/\/diariotiempo.com.uy\/noticias\/wp-content\/uploads\/2025\/06\/CHOQUE-540x340.jpg",540,340,true],"covernews-medium-square":["https:\/\/diariotiempo.com.uy\/noticias\/wp-content\/uploads\/2025\/06\/CHOQUE-400x250.jpg",400,250,true]},"author_info":{"display_name":"diario","author_link":"https:\/\/diariotiempo.com.uy\/noticias\/author\/diario\/"},"category_info":"<a href=\"https:\/\/diariotiempo.com.uy\/noticias\/category\/noticia-destacada\/\" rel=\"category tag\">NOTICIA DESTACADA<\/a>","tag_info":"NOTICIA DESTACADA","comment_count":"0","_links":{"self":[{"href":"https:\/\/diariotiempo.com.uy\/noticias\/wp-json\/wp\/v2\/posts\/19400","targetHints":{"allow":["GET"]}}],"collection":[{"href":"https:\/\/diariotiempo.com.uy\/noticias\/wp-json\/wp\/v2\/posts"}],"about":[{"href":"https:\/\/diariotiempo.com.uy\/noticias\/wp-json\/wp\/v2\/types\/post"}],"author":[{"embeddable":true,"href":"https:\/\/diariotiempo.com.uy\/noticias\/wp-json\/wp\/v2\/users\/1"}],"replies":[{"embeddable":true,"href":"https:\/\/diariotiempo.com.uy\/noticias\/wp-json\/wp\/v2\/comments?post=19400"}],"version-history":[{"count":1,"href":"https:\/\/diariotiempo.com.uy\/noticias\/wp-json\/wp\/v2\/posts\/19400\/revisions"}],"predecessor-version":[{"id":19402,"href":"https:\/\/diariotiempo.com.uy\/noticias\/wp-json\/wp\/v2\/posts\/19400\/revisions\/19402"}],"wp:featuredmedia":[{"embeddable":true,"href":"https:\/\/diariotiempo.com.uy\/noticias\/wp-json\/wp\/v2\/media\/19401"}],"wp:attachment":[{"href":"https:\/\/diariotiempo.com.uy\/noticias\/wp-json\/wp\/v2\/media?parent=19400"}],"wp:term":[{"taxonomy":"category","embeddable":true,"href":"https:\/\/diariotiempo.com.uy\/noticias\/wp-json\/wp\/v2\/categories?post=19400"},{"taxonomy":"post_tag","embeddable":true,"href":"https:\/\/diariotiempo.com.uy\/noticias\/wp-json\/wp\/v2\/tags?post=19400"}],"curies":[{"name":"wp","href":"https:\/\/api.w.org\/{rel}","templated":true}]}}