{"id":19403,"date":"2025-06-09T14:57:24","date_gmt":"2025-06-09T14:57:24","guid":{"rendered":"https:\/\/diariotiempo.com.uy\/noticias\/?p=19403"},"modified":"2025-06-09T14:57:26","modified_gmt":"2025-06-09T14:57:26","slug":"cinco-hombres-armados-y-encapuchados-rapinaron-una-vivienda-en-los-cerrillos","status":"publish","type":"post","link":"https:\/\/diariotiempo.com.uy\/noticias\/2025\/06\/09\/cinco-hombres-armados-y-encapuchados-rapinaron-una-vivienda-en-los-cerrillos\/","title":{"rendered":"Cinco hombres armados y encapuchados rapi\u00f1aron una vivienda en Los Cerrillos"},"content":{"rendered":"\n<p>De JPC.Una familia de cuatro integrantes fue v\u00edctima de una rapi\u00f1a en su vivienda, ubicada en jurisdicci\u00f3n de la Seccional 3 de Los Cerrillos. El hecho fue cometido por cinco hombres armados y encapuchados.<\/p>\n\n\n\n<p>Los delincuentes sustrajeron armas de fuego, celulares, diversas prendas de vestir, perfumes importados y una camioneta. Tras el il\u00edcito, huyeron del lugar. M\u00e1s tarde, la camioneta hurtada fue encontrada abandonada. Asimismo, el autom\u00f3vil utilizado por los autores del hecho fue hallado incinerado en jurisdicci\u00f3n de la Seccional 22 de Montevideo.<\/p>\n\n\n\n<p>Se contin\u00faa trabajando intensamente para esclarecer los hechos<\/p>\n\n\n\n<p><\/p>\n","protected":false},"excerpt":{"rendered":"<p>De JPC.Una familia de cuatro integrantes fue v\u00edctima de una rapi\u00f1a en su vivienda, ubicada&#8230;<\/p>\n","protected":false},"author":1,"featured_media":10433,"comment_status":"closed","ping_status":"closed","sticky":false,"template":"","format":"standard","meta":{"_monsterinsights_skip_tracking":false,"_monsterinsights_sitenote_active":false,"_monsterinsights_sitenote_note":"","_monsterinsights_sitenote_category":0,"footnotes":""},"categories":[6],"tags":[],"class_list":["post-19403","post","type-post","status-publish","format-standard","has-post-thumbnail","hentry","category-policial"],"featured_image_urls":{"full":["https:\/\/diariotiempo.com.uy\/noticias\/wp-content\/uploads\/2023\/04\/camioneta-poli.jpg",800,565,false],"thumbnail":["https:\/\/diariotiempo.com.uy\/noticias\/wp-content\/uploads\/2023\/04\/camioneta-poli-150x150.jpg",150,150,true],"medium":["https:\/\/diariotiempo.com.uy\/noticias\/wp-content\/uploads\/2023\/04\/camioneta-poli-300x212.jpg",300,212,true],"medium_large":["https:\/\/diariotiempo.com.uy\/noticias\/wp-content\/uploads\/2023\/04\/camioneta-poli-768x542.jpg",640,452,true],"large":["https:\/\/diariotiempo.com.uy\/noticias\/wp-content\/uploads\/2023\/04\/camioneta-poli.jpg",640,452,false],"rpg_gallery_admin_thumb":["https:\/\/diariotiempo.com.uy\/noticias\/wp-content\/uploads\/2023\/04\/camioneta-poli.jpg",150,106,false],"rpg_gallery_thumb":["https:\/\/diariotiempo.com.uy\/noticias\/wp-content\/uploads\/2023\/04\/camioneta-poli.jpg",150,106,false],"1536x1536":["https:\/\/diariotiempo.com.uy\/noticias\/wp-content\/uploads\/2023\/04\/camioneta-poli.jpg",800,565,false],"2048x2048":["https:\/\/diariotiempo.com.uy\/noticias\/wp-content\/uploads\/2023\/04\/camioneta-poli.jpg",800,565,false],"covernews-slider-full":["https:\/\/diariotiempo.com.uy\/noticias\/wp-content\/uploads\/2023\/04\/camioneta-poli.jpg",800,565,false],"covernews-slider-center":["https:\/\/diariotiempo.com.uy\/noticias\/wp-content\/uploads\/2023\/04\/camioneta-poli-800x500.jpg",800,500,true],"covernews-featured":["https:\/\/diariotiempo.com.uy\/noticias\/wp-content\/uploads\/2023\/04\/camioneta-poli.jpg",800,565,false],"covernews-medium":["https:\/\/diariotiempo.com.uy\/noticias\/wp-content\/uploads\/2023\/04\/camioneta-poli-540x340.jpg",540,340,true],"covernews-medium-square":["https:\/\/diariotiempo.com.uy\/noticias\/wp-content\/uploads\/2023\/04\/camioneta-poli-400x250.jpg",400,250,true]},"author_info":{"display_name":"diario","author_link":"https:\/\/diariotiempo.com.uy\/noticias\/author\/diario\/"},"category_info":"<a href=\"https:\/\/diariotiempo.com.uy\/noticias\/category\/policial\/\" rel=\"category tag\">POLICIAL<\/a>","tag_info":"POLICIAL","comment_count":"0","_links":{"self":[{"href":"https:\/\/diariotiempo.com.uy\/noticias\/wp-json\/wp\/v2\/posts\/19403","targetHints":{"allow":["GET"]}}],"collection":[{"href":"https:\/\/diariotiempo.com.uy\/noticias\/wp-json\/wp\/v2\/posts"}],"about":[{"href":"https:\/\/diariotiempo.com.uy\/noticias\/wp-json\/wp\/v2\/types\/post"}],"author":[{"embeddable":true,"href":"https:\/\/diariotiempo.com.uy\/noticias\/wp-json\/wp\/v2\/users\/1"}],"replies":[{"embeddable":true,"href":"https:\/\/diariotiempo.com.uy\/noticias\/wp-json\/wp\/v2\/comments?post=19403"}],"version-history":[{"count":1,"href":"https:\/\/diariotiempo.com.uy\/noticias\/wp-json\/wp\/v2\/posts\/19403\/revisions"}],"predecessor-version":[{"id":19404,"href":"https:\/\/diariotiempo.com.uy\/noticias\/wp-json\/wp\/v2\/posts\/19403\/revisions\/19404"}],"wp:featuredmedia":[{"embeddable":true,"href":"https:\/\/diariotiempo.com.uy\/noticias\/wp-json\/wp\/v2\/media\/10433"}],"wp:attachment":[{"href":"https:\/\/diariotiempo.com.uy\/noticias\/wp-json\/wp\/v2\/media?parent=19403"}],"wp:term":[{"taxonomy":"category","embeddable":true,"href":"https:\/\/diariotiempo.com.uy\/noticias\/wp-json\/wp\/v2\/categories?post=19403"},{"taxonomy":"post_tag","embeddable":true,"href":"https:\/\/diariotiempo.com.uy\/noticias\/wp-json\/wp\/v2\/tags?post=19403"}],"curies":[{"name":"wp","href":"https:\/\/api.w.org\/{rel}","templated":true}]}}