{"id":19405,"date":"2025-06-09T14:59:57","date_gmt":"2025-06-09T14:59:57","guid":{"rendered":"https:\/\/diariotiempo.com.uy\/noticias\/?p=19405"},"modified":"2025-06-09T14:59:58","modified_gmt":"2025-06-09T14:59:58","slug":"inauguraron-recinto-de-entrenamiento-cqc-en-canelones","status":"publish","type":"post","link":"https:\/\/diariotiempo.com.uy\/noticias\/2025\/06\/09\/inauguraron-recinto-de-entrenamiento-cqc-en-canelones\/","title":{"rendered":"Inauguraron Recinto de Entrenamiento CQC en Canelones"},"content":{"rendered":"\n<figure class=\"wp-block-image size-full\"><img loading=\"lazy\" decoding=\"async\" width=\"800\" height=\"443\" src=\"https:\/\/diariotiempo.com.uy\/noticias\/wp-content\/uploads\/2025\/06\/grupo.jpg\" alt=\"\" class=\"wp-image-19406\" srcset=\"https:\/\/diariotiempo.com.uy\/noticias\/wp-content\/uploads\/2025\/06\/grupo.jpg 800w, https:\/\/diariotiempo.com.uy\/noticias\/wp-content\/uploads\/2025\/06\/grupo-300x166.jpg 300w, https:\/\/diariotiempo.com.uy\/noticias\/wp-content\/uploads\/2025\/06\/grupo-768x425.jpg 768w\" sizes=\"auto, (max-width: 800px) 100vw, 800px\" \/><\/figure>\n\n\n\n<p>La Jefatura de Polic\u00eda de Canelones inaugur\u00f3 oficialmente su Recinto de Entrenamiento de CQC (Combate en Cuartos Cerrados) para el Grupo de Reserva T\u00e1ctica (GRT). El evento cont\u00f3 con la presencia del Jefe de Polic\u00eda, Crio. Gral. (R) F. Quevedo y el comando jefaturial.<\/p>\n\n\n\n<p>Polic\u00eda de Pie<\/p>\n\n\n\n<p>La Jefatura de Polic\u00eda de Canelones ha inaugurado oficialmente su nuevo Recinto de Entrenamiento de CQC (Combate en Cuartos Cerrados), destinado al Grupo de Reserva T\u00e1ctica (GRT).<\/p>\n\n\n\n<p>El evento, que cont\u00f3 con la presencia del Sr. Jefe de Polic\u00eda, Crio. Gral. (R) F. Quevedo, junto al comando de la Jefatura, incluy\u00f3 una ceremonia protocolar liderada por el Jefe del GRT, Subcomisario Valenzuela. Durante la demostraci\u00f3n, equipos del GRT realizaron una incursi\u00f3n de alta complejidad, mostrando sus t\u00e9cnicas y estrategias para manejar situaciones de crisis tanto dentro como fuera de un espacio cerrado. La pr\u00e1ctica se llev\u00f3 a cabo utilizando equipamiento menos letal (Lanzadores Neum\u00e1ticos BYRNA SD) y armamento con munici\u00f3n letal, reflejando la preparaci\u00f3n integral de la unidad.<\/p>\n\n\n\n<p>Esta inauguraci\u00f3n representa un avance significativo en la capacidad de entrenamiento y respuesta t\u00e1ctica de la Jefatura de Polic\u00eda de Canelones, garantizando una mayor profesionalizaci\u00f3n de sus fuerzas especiales.<\/p>\n\n\n\n<p>Fuente y foto: Minterior<\/p>\n\n\n\n<p><\/p>\n","protected":false},"excerpt":{"rendered":"<p>La Jefatura de Polic\u00eda de Canelones inaugur\u00f3 oficialmente su Recinto de Entrenamiento de CQC (Combate&#8230;<\/p>\n","protected":false},"author":1,"featured_media":19406,"comment_status":"closed","ping_status":"closed","sticky":false,"template":"","format":"standard","meta":{"_monsterinsights_skip_tracking":false,"_monsterinsights_sitenote_active":false,"_monsterinsights_sitenote_note":"","_monsterinsights_sitenote_category":0,"footnotes":""},"categories":[4],"tags":[],"class_list":["post-19405","post","type-post","status-publish","format-standard","has-post-thumbnail","hentry","category-departamental"],"featured_image_urls":{"full":["https:\/\/diariotiempo.com.uy\/noticias\/wp-content\/uploads\/2025\/06\/grupo.jpg",800,443,false],"thumbnail":["https:\/\/diariotiempo.com.uy\/noticias\/wp-content\/uploads\/2025\/06\/grupo-150x150.jpg",150,150,true],"medium":["https:\/\/diariotiempo.com.uy\/noticias\/wp-content\/uploads\/2025\/06\/grupo-300x166.jpg",300,166,true],"medium_large":["https:\/\/diariotiempo.com.uy\/noticias\/wp-content\/uploads\/2025\/06\/grupo-768x425.jpg",640,354,true],"large":["https:\/\/diariotiempo.com.uy\/noticias\/wp-content\/uploads\/2025\/06\/grupo.jpg",640,354,false],"rpg_gallery_admin_thumb":["https:\/\/diariotiempo.com.uy\/noticias\/wp-content\/uploads\/2025\/06\/grupo-150x150.jpg",150,150,true],"rpg_gallery_thumb":["https:\/\/diariotiempo.com.uy\/noticias\/wp-content\/uploads\/2025\/06\/grupo-150x150.jpg",150,150,true],"1536x1536":["https:\/\/diariotiempo.com.uy\/noticias\/wp-content\/uploads\/2025\/06\/grupo.jpg",800,443,false],"2048x2048":["https:\/\/diariotiempo.com.uy\/noticias\/wp-content\/uploads\/2025\/06\/grupo.jpg",800,443,false],"covernews-slider-full":["https:\/\/diariotiempo.com.uy\/noticias\/wp-content\/uploads\/2025\/06\/grupo.jpg",800,443,false],"covernews-slider-center":["https:\/\/diariotiempo.com.uy\/noticias\/wp-content\/uploads\/2025\/06\/grupo.jpg",800,443,false],"covernews-featured":["https:\/\/diariotiempo.com.uy\/noticias\/wp-content\/uploads\/2025\/06\/grupo.jpg",800,443,false],"covernews-medium":["https:\/\/diariotiempo.com.uy\/noticias\/wp-content\/uploads\/2025\/06\/grupo-540x340.jpg",540,340,true],"covernews-medium-square":["https:\/\/diariotiempo.com.uy\/noticias\/wp-content\/uploads\/2025\/06\/grupo-400x250.jpg",400,250,true]},"author_info":{"display_name":"diario","author_link":"https:\/\/diariotiempo.com.uy\/noticias\/author\/diario\/"},"category_info":"<a href=\"https:\/\/diariotiempo.com.uy\/noticias\/category\/departamental\/\" rel=\"category tag\">DEPARTAMENTAL<\/a>","tag_info":"DEPARTAMENTAL","comment_count":"0","_links":{"self":[{"href":"https:\/\/diariotiempo.com.uy\/noticias\/wp-json\/wp\/v2\/posts\/19405","targetHints":{"allow":["GET"]}}],"collection":[{"href":"https:\/\/diariotiempo.com.uy\/noticias\/wp-json\/wp\/v2\/posts"}],"about":[{"href":"https:\/\/diariotiempo.com.uy\/noticias\/wp-json\/wp\/v2\/types\/post"}],"author":[{"embeddable":true,"href":"https:\/\/diariotiempo.com.uy\/noticias\/wp-json\/wp\/v2\/users\/1"}],"replies":[{"embeddable":true,"href":"https:\/\/diariotiempo.com.uy\/noticias\/wp-json\/wp\/v2\/comments?post=19405"}],"version-history":[{"count":1,"href":"https:\/\/diariotiempo.com.uy\/noticias\/wp-json\/wp\/v2\/posts\/19405\/revisions"}],"predecessor-version":[{"id":19407,"href":"https:\/\/diariotiempo.com.uy\/noticias\/wp-json\/wp\/v2\/posts\/19405\/revisions\/19407"}],"wp:featuredmedia":[{"embeddable":true,"href":"https:\/\/diariotiempo.com.uy\/noticias\/wp-json\/wp\/v2\/media\/19406"}],"wp:attachment":[{"href":"https:\/\/diariotiempo.com.uy\/noticias\/wp-json\/wp\/v2\/media?parent=19405"}],"wp:term":[{"taxonomy":"category","embeddable":true,"href":"https:\/\/diariotiempo.com.uy\/noticias\/wp-json\/wp\/v2\/categories?post=19405"},{"taxonomy":"post_tag","embeddable":true,"href":"https:\/\/diariotiempo.com.uy\/noticias\/wp-json\/wp\/v2\/tags?post=19405"}],"curies":[{"name":"wp","href":"https:\/\/api.w.org\/{rel}","templated":true}]}}