{"id":19419,"date":"2025-06-10T14:10:38","date_gmt":"2025-06-10T14:10:38","guid":{"rendered":"https:\/\/diariotiempo.com.uy\/noticias\/?p=19419"},"modified":"2025-06-10T14:10:39","modified_gmt":"2025-06-10T14:10:39","slug":"el-11-de-junio-se-celebra-el-dia-mundial-del-cancer-de-prostata","status":"publish","type":"post","link":"https:\/\/diariotiempo.com.uy\/noticias\/2025\/06\/10\/el-11-de-junio-se-celebra-el-dia-mundial-del-cancer-de-prostata\/","title":{"rendered":"El 11 de junio se celebra el D\u00eda Mundial del C\u00e1ncer de Pr\u00f3stata"},"content":{"rendered":"\n<figure class=\"wp-block-image size-full\"><img loading=\"lazy\" decoding=\"async\" width=\"711\" height=\"404\" src=\"https:\/\/diariotiempo.com.uy\/noticias\/wp-content\/uploads\/2025\/06\/PROSTATA.jpg\" alt=\"\" class=\"wp-image-19420\" srcset=\"https:\/\/diariotiempo.com.uy\/noticias\/wp-content\/uploads\/2025\/06\/PROSTATA.jpg 711w, https:\/\/diariotiempo.com.uy\/noticias\/wp-content\/uploads\/2025\/06\/PROSTATA-300x170.jpg 300w\" sizes=\"auto, (max-width: 711px) 100vw, 711px\" \/><\/figure>\n\n\n\n<p>El 11 de junio se celebra el D\u00eda Mundial del C\u00e1ncer de Pr\u00f3stata, una patolog\u00eda que afecta a m\u00e1s de 1,2 millones de personas en el mundo.<\/p>\n\n\n\n<p>Esta efem\u00e9ride se cre\u00f3 con la finalidad de sensibilizar y concienciar a la poblaci\u00f3n masculina, acerca de la importancia del diagn\u00f3stico precoz del c\u00e1ncer de pr\u00f3stata y la aplicaci\u00f3n del tratamiento respectivo.<\/p>\n\n\n\n<p>\u00bfQu\u00e9 es el c\u00e1ncer de pr\u00f3stata?<\/p>\n\n\n\n<p>El c\u00e1ncer de pr\u00f3stata o prost\u00e1tico es el c\u00e1ncer que se origina por un crecimiento descontrolado de las c\u00e9lulas de la pr\u00f3stata. La pr\u00f3stata es una gl\u00e1ndula con forma de nuez ubicada debajo de la vejiga y delante del recto en los hombres. Es la encargada de producir el l\u00edquido seminal que nutre y transporta el esperma.<\/p>\n\n\n\n<p>Esta patolog\u00eda no est\u00e1 asociada a un estilo de vida y h\u00e1bitos poco saludables, como tabaquismo, obesidad, alimentaci\u00f3n desbalanceada o alcoholismo. El principal factor de riesgo lo constituye la edad y los antecedentes familiares.<\/p>\n\n\n\n<p><strong>Los principales s\u00edntomas del c\u00e1ncer de pr\u00f3stata son los siguientes:<\/strong><\/p>\n\n\n\n<p>Demora al comenzar a orinar.<\/p>\n\n\n\n<p>Esfuerzos al orinar.<\/p>\n\n\n\n<p>Disminuci\u00f3n de la fuerza e intensidad del chorro miccional.<\/p>\n\n\n\n<p>Incremento en la frecuencia al orinar. La vejiga no se vac\u00eda por completo.<\/p>\n\n\n\n<p>P\u00e9rdida de peso.<\/p>\n\n\n\n<p>Disfunci\u00f3n er\u00e9ctil.<\/p>\n\n\n\n<p>Presencia de sangre en la orina y el semen.<\/p>\n\n\n\n<p>Dolor en la cadera, columna vertebral, costillas y otras \u00e1reas.<\/p>\n\n\n\n<p>Debilidad o adormecimiento en las piernas y los pies.<\/p>\n\n\n\n<p>Diagn\u00f3stico y tratamiento del c\u00e1ncer de pr\u00f3stata<\/p>\n\n\n\n<p>El diagn\u00f3stico del c\u00e1ncer de pr\u00f3stata es efectuado por un m\u00e9dico especialista (ur\u00f3logo). Se realiza una evaluaci\u00f3n f\u00edsica mediante tacto rectal, as\u00ed como la medici\u00f3n de valores en sangre denominada Ant\u00edgeno Prost\u00e1tico Espec\u00edfico (APE).<\/p>\n\n\n\n<p>La edad y los antecedentes familiares de primera l\u00ednea (padre, hermanos, t\u00edos paternos) son los principales factores de riesgo de esta enfermedad. Es recomendable que la poblaci\u00f3n masculina, mayor de 40 a\u00f1os de edad, acuda a efectuarse controles m\u00e9dicos preventivos y regulares de la pr\u00f3stata. El diagn\u00f3stico precoz del c\u00e1ncer de pr\u00f3stata permitir\u00e1 que el tratamiento de esta enfermedad sea menos invasivo.<\/p>\n\n\n\n<p>En lo concerniente al tratamiento se destacan los siguientes procedimientos m\u00e9dicos. Depender\u00e1 del grado de la lesi\u00f3n en cada paciente:<\/p>\n\n\n\n<p>Intervenci\u00f3n quir\u00fargica para la extracci\u00f3n de la pr\u00f3stata (prostatectom\u00eda abierta).<\/p>\n\n\n\n<p>Radioterapia.<\/p>\n\n\n\n<p>Crioterapia.<\/p>\n\n\n\n<p>Terapia hormonal.<\/p>\n\n\n\n<p>Quimioterapia.<\/p>\n\n\n\n<p>Inmunoterapia.<\/p>\n\n\n\n<p>Seguimiento de los niveles de ant\u00edgeno prost\u00e1tico espec\u00edfico (PSA), mediante an\u00e1lisis de laboratorio.<\/p>\n\n\n\n<p>\u00bfC\u00f3mo prevenir el c\u00e1ncer de pr\u00f3stata?<\/p>\n\n\n\n<p>El c\u00e1ncer de pr\u00f3stata es curable si se diagnostica a tiempo. Para ello es de vital importancia que la poblaci\u00f3n masculina acuda a efectuarse chequeos prost\u00e1ticos preventivos y regulares.<\/p>\n\n\n\n<p>Es recomendable adoptar h\u00e1bitos de vida m\u00e1s saludables. Mencionamos algunos de ellos:<\/p>\n\n\n\n<p>Evitar el consumo de alcohol, cigarrillos y otras sustancias nocivas.<\/p>\n\n\n\n<p>Hacer ejercicio regularmente para desechar toxinas, as\u00ed como para prevenir la obesidad y el sobrepeso.<\/p>\n\n\n\n<p>Cuidar la alimentaci\u00f3n, incrementando el consumo de prote\u00ednas, verduras, frutas y vegetales. Disminuir el consumo de harinas, carnes rojas, sal y az\u00facares. Evitar el abuso de consumo de medicamentos y f\u00e1rmacos, sin prescripci\u00f3n m\u00e9dica. Mantener una actividad sexual frecuente y saludable. De acuerdo a estudios realizados por la Organizaci\u00f3n Mundial de la Salud, disminuye en un 47% la probabilidad de c\u00e1ncer de pr\u00f3stata.<\/p>\n","protected":false},"excerpt":{"rendered":"<p>El 11 de junio se celebra el D\u00eda Mundial del C\u00e1ncer de Pr\u00f3stata, una patolog\u00eda&#8230;<\/p>\n","protected":false},"author":1,"featured_media":19420,"comment_status":"closed","ping_status":"closed","sticky":false,"template":"","format":"standard","meta":{"_monsterinsights_skip_tracking":false,"_monsterinsights_sitenote_active":false,"_monsterinsights_sitenote_note":"","_monsterinsights_sitenote_category":0,"footnotes":""},"categories":[70],"tags":[],"class_list":["post-19419","post","type-post","status-publish","format-standard","has-post-thumbnail","hentry","category-salud"],"featured_image_urls":{"full":["https:\/\/diariotiempo.com.uy\/noticias\/wp-content\/uploads\/2025\/06\/PROSTATA.jpg",711,404,false],"thumbnail":["https:\/\/diariotiempo.com.uy\/noticias\/wp-content\/uploads\/2025\/06\/PROSTATA-150x150.jpg",150,150,true],"medium":["https:\/\/diariotiempo.com.uy\/noticias\/wp-content\/uploads\/2025\/06\/PROSTATA-300x170.jpg",300,170,true],"medium_large":["https:\/\/diariotiempo.com.uy\/noticias\/wp-content\/uploads\/2025\/06\/PROSTATA.jpg",640,364,false],"large":["https:\/\/diariotiempo.com.uy\/noticias\/wp-content\/uploads\/2025\/06\/PROSTATA.jpg",640,364,false],"rpg_gallery_admin_thumb":["https:\/\/diariotiempo.com.uy\/noticias\/wp-content\/uploads\/2025\/06\/PROSTATA-150x150.jpg",150,150,true],"rpg_gallery_thumb":["https:\/\/diariotiempo.com.uy\/noticias\/wp-content\/uploads\/2025\/06\/PROSTATA-150x150.jpg",150,150,true],"1536x1536":["https:\/\/diariotiempo.com.uy\/noticias\/wp-content\/uploads\/2025\/06\/PROSTATA.jpg",711,404,false],"2048x2048":["https:\/\/diariotiempo.com.uy\/noticias\/wp-content\/uploads\/2025\/06\/PROSTATA.jpg",711,404,false],"covernews-slider-full":["https:\/\/diariotiempo.com.uy\/noticias\/wp-content\/uploads\/2025\/06\/PROSTATA.jpg",711,404,false],"covernews-slider-center":["https:\/\/diariotiempo.com.uy\/noticias\/wp-content\/uploads\/2025\/06\/PROSTATA.jpg",711,404,false],"covernews-featured":["https:\/\/diariotiempo.com.uy\/noticias\/wp-content\/uploads\/2025\/06\/PROSTATA.jpg",711,404,false],"covernews-medium":["https:\/\/diariotiempo.com.uy\/noticias\/wp-content\/uploads\/2025\/06\/PROSTATA-540x340.jpg",540,340,true],"covernews-medium-square":["https:\/\/diariotiempo.com.uy\/noticias\/wp-content\/uploads\/2025\/06\/PROSTATA-400x250.jpg",400,250,true]},"author_info":{"display_name":"diario","author_link":"https:\/\/diariotiempo.com.uy\/noticias\/author\/diario\/"},"category_info":"<a href=\"https:\/\/diariotiempo.com.uy\/noticias\/category\/salud\/\" rel=\"category tag\">SALUD<\/a>","tag_info":"SALUD","comment_count":"0","_links":{"self":[{"href":"https:\/\/diariotiempo.com.uy\/noticias\/wp-json\/wp\/v2\/posts\/19419","targetHints":{"allow":["GET"]}}],"collection":[{"href":"https:\/\/diariotiempo.com.uy\/noticias\/wp-json\/wp\/v2\/posts"}],"about":[{"href":"https:\/\/diariotiempo.com.uy\/noticias\/wp-json\/wp\/v2\/types\/post"}],"author":[{"embeddable":true,"href":"https:\/\/diariotiempo.com.uy\/noticias\/wp-json\/wp\/v2\/users\/1"}],"replies":[{"embeddable":true,"href":"https:\/\/diariotiempo.com.uy\/noticias\/wp-json\/wp\/v2\/comments?post=19419"}],"version-history":[{"count":1,"href":"https:\/\/diariotiempo.com.uy\/noticias\/wp-json\/wp\/v2\/posts\/19419\/revisions"}],"predecessor-version":[{"id":19421,"href":"https:\/\/diariotiempo.com.uy\/noticias\/wp-json\/wp\/v2\/posts\/19419\/revisions\/19421"}],"wp:featuredmedia":[{"embeddable":true,"href":"https:\/\/diariotiempo.com.uy\/noticias\/wp-json\/wp\/v2\/media\/19420"}],"wp:attachment":[{"href":"https:\/\/diariotiempo.com.uy\/noticias\/wp-json\/wp\/v2\/media?parent=19419"}],"wp:term":[{"taxonomy":"category","embeddable":true,"href":"https:\/\/diariotiempo.com.uy\/noticias\/wp-json\/wp\/v2\/categories?post=19419"},{"taxonomy":"post_tag","embeddable":true,"href":"https:\/\/diariotiempo.com.uy\/noticias\/wp-json\/wp\/v2\/tags?post=19419"}],"curies":[{"name":"wp","href":"https:\/\/api.w.org\/{rel}","templated":true}]}}