{"id":19493,"date":"2025-06-13T16:57:11","date_gmt":"2025-06-13T16:57:11","guid":{"rendered":"https:\/\/diariotiempo.com.uy\/noticias\/?p=19493"},"modified":"2025-06-13T16:57:12","modified_gmt":"2025-06-13T16:57:12","slug":"en-el-mes-del-medio-ambiente-continua-la-preocupacion-por-el-basurero-de-villa-olmos","status":"publish","type":"post","link":"https:\/\/diariotiempo.com.uy\/noticias\/2025\/06\/13\/en-el-mes-del-medio-ambiente-continua-la-preocupacion-por-el-basurero-de-villa-olmos\/","title":{"rendered":"En el mes del Medio Ambiente contin\u00faa la preocupaci\u00f3n por el Basurero de Villa Olmos"},"content":{"rendered":"\n<figure class=\"wp-block-image size-full\"><img loading=\"lazy\" decoding=\"async\" width=\"800\" height=\"542\" src=\"https:\/\/diariotiempo.com.uy\/noticias\/wp-content\/uploads\/2025\/06\/basura-carteles.jpg\" alt=\"\" class=\"wp-image-19494\" srcset=\"https:\/\/diariotiempo.com.uy\/noticias\/wp-content\/uploads\/2025\/06\/basura-carteles.jpg 800w, https:\/\/diariotiempo.com.uy\/noticias\/wp-content\/uploads\/2025\/06\/basura-carteles-300x203.jpg 300w, https:\/\/diariotiempo.com.uy\/noticias\/wp-content\/uploads\/2025\/06\/basura-carteles-768x520.jpg 768w\" sizes=\"auto, (max-width: 800px) 100vw, 800px\" \/><\/figure>\n\n\n\n<p>El proyecto para instalar un nuevo basurero en la zona est\u00e1 siendo evaluado por la Intendencia de Canelones. De los cinco permisos ambientales necesarios, \u00a0uno fue autorizado totalmente Localizaci\u00f3n) otro aprobado de forma parcial (Autorizaci\u00f3n Ambiental Previa) y tres siguen sin autorizaci\u00f3n (Operativa, Viabilidad Locativa y Permiso de Obra). \u00a0Sin embargo quienes trabajan en contra de dicho basurero expresan que \u00abA pesar de esto, el tr\u00e1mite sigue avanzando, violando leyes ambientales y sin informar nada a la poblaci\u00f3n. Desde la comunidad hemos presentado pedidos de acceso a la informaci\u00f3n p\u00fablica, solicitando detalles sobre el avance del proyecto. Hasta el d\u00eda de hoy, no hemos recibido ninguna respuesta.\u00bfPor qu\u00e9 se sigue avanzando sin cumplir los requisitos? \u00bfPor qu\u00e9 se oculta informaci\u00f3n a los vecinos? Exigimos transparencia, respeto por el ambiente y participaci\u00f3n ciudadana. Merecemos merece decidir sobre su futuro. Orsi Yamand\u00fa Carolina Cosse\u00bb.<\/p>\n\n\n\n<p>En el marco del D\u00eda Mundial Medio Ambiente la Comsi\u00f3n de Vecinos \u00abNo al basurero Villa Olmos expres\u00f3 \u00a0\u00abHoy, en el D\u00eda Mundial del Medio Ambiente, la comunidad se une para defender nuestro entorno natural. Queremos expresar nuestra profunda preocupaci\u00f3n por el proyecto de instalaci\u00f3n de un basurero en Villa Olmos, una zona que forma parte de un ecosistema valioso, donde conviven flora, fauna y el arroyo Pando, fuente de vida para toda la regi\u00f3n. Este proyecto no s\u00f3lo amenaza a ese lugar, sino a toda la comunidad, a nuestros arroyos, a la biodiversidad y a nuestra calidad de vida. Adem\u00e1s, denunciamos que no se est\u00e1n respetando leyes ambientales vigentes, que exigen estudios de impacto serios, participaci\u00f3n ciudadana real y protecci\u00f3n de los recursos naturales y zonas sensibles como cursos de agua y \u00e1reas de biodiversidad. No estamos en contra de una gesti\u00f3n responsable de residuos, pero s\u00ed decimos NO a decisiones arbitrarias y mal ubicadas que ignoran los derechos de la comunidad y las normativas ambientales. Hoy defendemos nuestro ambiente, nuestro arroyo, y nuestro derecho a vivir en un entorno sano. Por nosotros, por las futuras generaciones y por la naturaleza que no tiene voz. Sumate, informate y hac\u00e9 tu voz escuchar. Empalme Olmos, Pando y Villa Olmos merece respeto. Merece un futuro mejor\u00bb.<\/p>\n","protected":false},"excerpt":{"rendered":"<p>El proyecto para instalar un nuevo basurero en la zona est\u00e1 siendo evaluado por la&#8230;<\/p>\n","protected":false},"author":1,"featured_media":19494,"comment_status":"closed","ping_status":"closed","sticky":false,"template":"","format":"standard","meta":{"_monsterinsights_skip_tracking":false,"_monsterinsights_sitenote_active":false,"_monsterinsights_sitenote_note":"","_monsterinsights_sitenote_category":0,"footnotes":""},"categories":[11],"tags":[],"class_list":["post-19493","post","type-post","status-publish","format-standard","has-post-thumbnail","hentry","category-noticia-destacada"],"featured_image_urls":{"full":["https:\/\/diariotiempo.com.uy\/noticias\/wp-content\/uploads\/2025\/06\/basura-carteles.jpg",800,542,false],"thumbnail":["https:\/\/diariotiempo.com.uy\/noticias\/wp-content\/uploads\/2025\/06\/basura-carteles-150x150.jpg",150,150,true],"medium":["https:\/\/diariotiempo.com.uy\/noticias\/wp-content\/uploads\/2025\/06\/basura-carteles-300x203.jpg",300,203,true],"medium_large":["https:\/\/diariotiempo.com.uy\/noticias\/wp-content\/uploads\/2025\/06\/basura-carteles-768x520.jpg",640,433,true],"large":["https:\/\/diariotiempo.com.uy\/noticias\/wp-content\/uploads\/2025\/06\/basura-carteles.jpg",640,434,false],"rpg_gallery_admin_thumb":["https:\/\/diariotiempo.com.uy\/noticias\/wp-content\/uploads\/2025\/06\/basura-carteles-150x150.jpg",150,150,true],"rpg_gallery_thumb":["https:\/\/diariotiempo.com.uy\/noticias\/wp-content\/uploads\/2025\/06\/basura-carteles-150x150.jpg",150,150,true],"1536x1536":["https:\/\/diariotiempo.com.uy\/noticias\/wp-content\/uploads\/2025\/06\/basura-carteles.jpg",800,542,false],"2048x2048":["https:\/\/diariotiempo.com.uy\/noticias\/wp-content\/uploads\/2025\/06\/basura-carteles.jpg",800,542,false],"covernews-slider-full":["https:\/\/diariotiempo.com.uy\/noticias\/wp-content\/uploads\/2025\/06\/basura-carteles.jpg",800,542,false],"covernews-slider-center":["https:\/\/diariotiempo.com.uy\/noticias\/wp-content\/uploads\/2025\/06\/basura-carteles-800x500.jpg",800,500,true],"covernews-featured":["https:\/\/diariotiempo.com.uy\/noticias\/wp-content\/uploads\/2025\/06\/basura-carteles.jpg",800,542,false],"covernews-medium":["https:\/\/diariotiempo.com.uy\/noticias\/wp-content\/uploads\/2025\/06\/basura-carteles-540x340.jpg",540,340,true],"covernews-medium-square":["https:\/\/diariotiempo.com.uy\/noticias\/wp-content\/uploads\/2025\/06\/basura-carteles-400x250.jpg",400,250,true]},"author_info":{"display_name":"diario","author_link":"https:\/\/diariotiempo.com.uy\/noticias\/author\/diario\/"},"category_info":"<a href=\"https:\/\/diariotiempo.com.uy\/noticias\/category\/noticia-destacada\/\" rel=\"category tag\">NOTICIA DESTACADA<\/a>","tag_info":"NOTICIA DESTACADA","comment_count":"0","_links":{"self":[{"href":"https:\/\/diariotiempo.com.uy\/noticias\/wp-json\/wp\/v2\/posts\/19493","targetHints":{"allow":["GET"]}}],"collection":[{"href":"https:\/\/diariotiempo.com.uy\/noticias\/wp-json\/wp\/v2\/posts"}],"about":[{"href":"https:\/\/diariotiempo.com.uy\/noticias\/wp-json\/wp\/v2\/types\/post"}],"author":[{"embeddable":true,"href":"https:\/\/diariotiempo.com.uy\/noticias\/wp-json\/wp\/v2\/users\/1"}],"replies":[{"embeddable":true,"href":"https:\/\/diariotiempo.com.uy\/noticias\/wp-json\/wp\/v2\/comments?post=19493"}],"version-history":[{"count":1,"href":"https:\/\/diariotiempo.com.uy\/noticias\/wp-json\/wp\/v2\/posts\/19493\/revisions"}],"predecessor-version":[{"id":19495,"href":"https:\/\/diariotiempo.com.uy\/noticias\/wp-json\/wp\/v2\/posts\/19493\/revisions\/19495"}],"wp:featuredmedia":[{"embeddable":true,"href":"https:\/\/diariotiempo.com.uy\/noticias\/wp-json\/wp\/v2\/media\/19494"}],"wp:attachment":[{"href":"https:\/\/diariotiempo.com.uy\/noticias\/wp-json\/wp\/v2\/media?parent=19493"}],"wp:term":[{"taxonomy":"category","embeddable":true,"href":"https:\/\/diariotiempo.com.uy\/noticias\/wp-json\/wp\/v2\/categories?post=19493"},{"taxonomy":"post_tag","embeddable":true,"href":"https:\/\/diariotiempo.com.uy\/noticias\/wp-json\/wp\/v2\/tags?post=19493"}],"curies":[{"name":"wp","href":"https:\/\/api.w.org\/{rel}","templated":true}]}}