{"id":19508,"date":"2025-06-13T17:14:03","date_gmt":"2025-06-13T17:14:03","guid":{"rendered":"https:\/\/diariotiempo.com.uy\/noticias\/?p=19508"},"modified":"2025-06-13T17:15:18","modified_gmt":"2025-06-13T17:15:18","slug":"nuevo-refugio-nocturno-en-parque-del-plata-brinda-atencion-a-personas-en-situacion-de-calle","status":"publish","type":"post","link":"https:\/\/diariotiempo.com.uy\/noticias\/2025\/06\/13\/nuevo-refugio-nocturno-en-parque-del-plata-brinda-atencion-a-personas-en-situacion-de-calle\/","title":{"rendered":"Nuevo refugio nocturno en Parque del Plata brinda atenci\u00f3n a personas en situaci\u00f3n de calle"},"content":{"rendered":"\n<figure class=\"wp-block-gallery has-nested-images columns-default is-cropped wp-block-gallery-1 is-layout-flex wp-block-gallery-is-layout-flex\">\n<figure class=\"wp-block-image size-large\"><img loading=\"lazy\" decoding=\"async\" width=\"800\" height=\"423\" data-id=\"19509\" src=\"https:\/\/diariotiempo.com.uy\/noticias\/wp-content\/uploads\/2025\/06\/cama.jpg\" alt=\"\" class=\"wp-image-19509\" srcset=\"https:\/\/diariotiempo.com.uy\/noticias\/wp-content\/uploads\/2025\/06\/cama.jpg 800w, https:\/\/diariotiempo.com.uy\/noticias\/wp-content\/uploads\/2025\/06\/cama-300x159.jpg 300w, https:\/\/diariotiempo.com.uy\/noticias\/wp-content\/uploads\/2025\/06\/cama-768x406.jpg 768w\" sizes=\"auto, (max-width: 800px) 100vw, 800px\" \/><\/figure>\n\n\n\n<figure class=\"wp-block-image size-large\"><img loading=\"lazy\" decoding=\"async\" width=\"800\" height=\"402\" data-id=\"19510\" src=\"https:\/\/diariotiempo.com.uy\/noticias\/wp-content\/uploads\/2025\/06\/refugio.jpg\" alt=\"\" class=\"wp-image-19510\" srcset=\"https:\/\/diariotiempo.com.uy\/noticias\/wp-content\/uploads\/2025\/06\/refugio.jpg 800w, https:\/\/diariotiempo.com.uy\/noticias\/wp-content\/uploads\/2025\/06\/refugio-300x151.jpg 300w, https:\/\/diariotiempo.com.uy\/noticias\/wp-content\/uploads\/2025\/06\/refugio-768x386.jpg 768w\" sizes=\"auto, (max-width: 800px) 100vw, 800px\" \/><\/figure>\n<\/figure>\n\n\n\n<p>Con el objetivo de brindar resguardo ante las bajas temperaturas y reforzar el acompa\u00f1amiento a personas en calle, la Intendencia de Canelones y el Ministerio de Desarrollo Social, con el apoyo del Municipio Parque del Plata &#8211; Las Toscas, pusieron en funcionamiento un refugio nocturno en el Teatro de Verano de Parque del Plata, en el marco del Plan Invierno 2025.El dispositivo, que comenz\u00f3 a operar el pasado martes 26 de mayo, en una zona de fuerte referencia comunitaria. Ofrece alojamiento para 20 personas, con posibilidad de ampliaci\u00f3n hasta 25 en caso de ser necesario, e integra servicios b\u00e1sicos como cena, desayuno, duchas, lavado de ropa y asistencia t\u00e9cnica permanente. La apertura se realiza cada noche a partir de las 19:00 horas y el funcionamiento se extiende hasta las 09:00 del d\u00eda siguiente.<\/p>\n\n\n\n<p><strong>Espacio digno con apoyo profesional<\/strong><\/p>\n\n\n\n<p>La Intendenta de Canelones, Profa. Gabriela Garrido, inform\u00f3 que el refugio fue acondicionado a partir de una remodelaci\u00f3n parcial del antiguo espacio cultural del Teatro de Verano, permitiendo adaptarlo a los requerimientos del nuevo uso. \u201cCuenta con una habitaci\u00f3n grande con cuchetas para hombres y estamos construyendo una habitaci\u00f3n para mujeres, porque sabemos que hay cada vez m\u00e1s presencia de mujeres en situaci\u00f3n de calle, sobre todo en la zona de Las Piedras, pero tambi\u00e9n en el eje de la costa\u201d, explic\u00f3 la jerarca. Adem\u00e1s del abrigo y la alimentaci\u00f3n, el dispositivo incorpora el acompa\u00f1amiento de un equipo t\u00e9cnico que realiza derivaciones ante posibles problemas de salud, coordina tratamientos y promueve actividades que favorecen la inclusi\u00f3n. \u201cEl pasaje por el refugio no debe ser solamente para dormir y alimentarse. Tambi\u00e9n puede ser un peque\u00f1o empuj\u00f3n para salir adelante\u201d, afirm\u00f3 Garrido.<\/p>\n\n\n\n<p><strong>Coordinaci\u00f3n y traslados<\/strong><\/p>\n\n\n\n<p>Para facilitar el acceso, la Intendencia habilit\u00f3 un m\u00f3vil que recorre todas las noches distintas zonas de la Costa de Oro y Ciudad de la Costa a partir de las 18:00 horas. Las personas interesadas pueden dirigirse directamente al lugar, acercarse al municipio m\u00e1s cercano para solicitar informaci\u00f3n o aguardar el traslado en los recorridos establecidos por los equipos territoriales.Este nuevo refugio se integra a una estrategia departamental m\u00e1s amplia para enfrentar el fen\u00f3meno de gente en situaci\u00f3n de calle, con un enfoque integral y humanizante. En este mismo marco, recientemente se habilit\u00f3 un centro de atenci\u00f3n de 24 horas en la chacra Los Nogales, ubicada entre Progreso y Las Piedras, que combina alojamiento, alimentaci\u00f3n, formaci\u00f3n, atenci\u00f3n sanitaria y acompa\u00f1amiento psicosocial.La Intendencia de Canelones contin\u00faa implementando pol\u00edticas p\u00fablicas departamentales que apuestan por la calidad, la dignidad y el acompa\u00f1amiento sostenido como fundamentos para enfrentar el fen\u00f3meno de la calle desde una perspectiva humanizante e inclusiva.<\/p>\n","protected":false},"excerpt":{"rendered":"<p>Con el objetivo de brindar resguardo ante las bajas temperaturas y reforzar el acompa\u00f1amiento a&#8230;<\/p>\n","protected":false},"author":1,"featured_media":19510,"comment_status":"closed","ping_status":"closed","sticky":false,"template":"","format":"standard","meta":{"_monsterinsights_skip_tracking":false,"_monsterinsights_sitenote_active":false,"_monsterinsights_sitenote_note":"","_monsterinsights_sitenote_category":0,"footnotes":""},"categories":[86],"tags":[],"class_list":["post-19508","post","type-post","status-publish","format-standard","has-post-thumbnail","hentry","category-parque-del-plata"],"featured_image_urls":{"full":["https:\/\/diariotiempo.com.uy\/noticias\/wp-content\/uploads\/2025\/06\/refugio.jpg",800,402,false],"thumbnail":["https:\/\/diariotiempo.com.uy\/noticias\/wp-content\/uploads\/2025\/06\/refugio-150x150.jpg",150,150,true],"medium":["https:\/\/diariotiempo.com.uy\/noticias\/wp-content\/uploads\/2025\/06\/refugio-300x151.jpg",300,151,true],"medium_large":["https:\/\/diariotiempo.com.uy\/noticias\/wp-content\/uploads\/2025\/06\/refugio-768x386.jpg",640,322,true],"large":["https:\/\/diariotiempo.com.uy\/noticias\/wp-content\/uploads\/2025\/06\/refugio.jpg",640,322,false],"rpg_gallery_admin_thumb":["https:\/\/diariotiempo.com.uy\/noticias\/wp-content\/uploads\/2025\/06\/refugio-150x150.jpg",150,150,true],"rpg_gallery_thumb":["https:\/\/diariotiempo.com.uy\/noticias\/wp-content\/uploads\/2025\/06\/refugio-150x150.jpg",150,150,true],"1536x1536":["https:\/\/diariotiempo.com.uy\/noticias\/wp-content\/uploads\/2025\/06\/refugio.jpg",800,402,false],"2048x2048":["https:\/\/diariotiempo.com.uy\/noticias\/wp-content\/uploads\/2025\/06\/refugio.jpg",800,402,false],"covernews-slider-full":["https:\/\/diariotiempo.com.uy\/noticias\/wp-content\/uploads\/2025\/06\/refugio.jpg",800,402,false],"covernews-slider-center":["https:\/\/diariotiempo.com.uy\/noticias\/wp-content\/uploads\/2025\/06\/refugio.jpg",800,402,false],"covernews-featured":["https:\/\/diariotiempo.com.uy\/noticias\/wp-content\/uploads\/2025\/06\/refugio.jpg",800,402,false],"covernews-medium":["https:\/\/diariotiempo.com.uy\/noticias\/wp-content\/uploads\/2025\/06\/refugio-540x340.jpg",540,340,true],"covernews-medium-square":["https:\/\/diariotiempo.com.uy\/noticias\/wp-content\/uploads\/2025\/06\/refugio-400x250.jpg",400,250,true]},"author_info":{"display_name":"diario","author_link":"https:\/\/diariotiempo.com.uy\/noticias\/author\/diario\/"},"category_info":"<a href=\"https:\/\/diariotiempo.com.uy\/noticias\/category\/departamental\/parque-del-plata\/\" rel=\"category tag\">Parque del Plata<\/a>","tag_info":"Parque del Plata","comment_count":"0","_links":{"self":[{"href":"https:\/\/diariotiempo.com.uy\/noticias\/wp-json\/wp\/v2\/posts\/19508","targetHints":{"allow":["GET"]}}],"collection":[{"href":"https:\/\/diariotiempo.com.uy\/noticias\/wp-json\/wp\/v2\/posts"}],"about":[{"href":"https:\/\/diariotiempo.com.uy\/noticias\/wp-json\/wp\/v2\/types\/post"}],"author":[{"embeddable":true,"href":"https:\/\/diariotiempo.com.uy\/noticias\/wp-json\/wp\/v2\/users\/1"}],"replies":[{"embeddable":true,"href":"https:\/\/diariotiempo.com.uy\/noticias\/wp-json\/wp\/v2\/comments?post=19508"}],"version-history":[{"count":1,"href":"https:\/\/diariotiempo.com.uy\/noticias\/wp-json\/wp\/v2\/posts\/19508\/revisions"}],"predecessor-version":[{"id":19511,"href":"https:\/\/diariotiempo.com.uy\/noticias\/wp-json\/wp\/v2\/posts\/19508\/revisions\/19511"}],"wp:featuredmedia":[{"embeddable":true,"href":"https:\/\/diariotiempo.com.uy\/noticias\/wp-json\/wp\/v2\/media\/19510"}],"wp:attachment":[{"href":"https:\/\/diariotiempo.com.uy\/noticias\/wp-json\/wp\/v2\/media?parent=19508"}],"wp:term":[{"taxonomy":"category","embeddable":true,"href":"https:\/\/diariotiempo.com.uy\/noticias\/wp-json\/wp\/v2\/categories?post=19508"},{"taxonomy":"post_tag","embeddable":true,"href":"https:\/\/diariotiempo.com.uy\/noticias\/wp-json\/wp\/v2\/tags?post=19508"}],"curies":[{"name":"wp","href":"https:\/\/api.w.org\/{rel}","templated":true}]}}