{"id":19522,"date":"2025-06-13T17:26:34","date_gmt":"2025-06-13T17:26:34","guid":{"rendered":"https:\/\/diariotiempo.com.uy\/noticias\/?p=19522"},"modified":"2025-06-13T17:26:35","modified_gmt":"2025-06-13T17:26:35","slug":"inauguraron-planta-de-alimentos-para-mascotas-promueve-produccion-sostenible-y-empleo-local","status":"publish","type":"post","link":"https:\/\/diariotiempo.com.uy\/noticias\/2025\/06\/13\/inauguraron-planta-de-alimentos-para-mascotas-promueve-produccion-sostenible-y-empleo-local\/","title":{"rendered":"Inauguraron planta de alimentos para mascotas\u00a0promueve producci\u00f3n sostenible y empleo local"},"content":{"rendered":"\n<figure class=\"wp-block-gallery has-nested-images columns-default is-cropped wp-block-gallery-1 is-layout-flex wp-block-gallery-is-layout-flex\">\n<figure class=\"wp-block-image size-large\"><img loading=\"lazy\" decoding=\"async\" width=\"700\" height=\"525\" data-id=\"19523\" src=\"https:\/\/diariotiempo.com.uy\/noticias\/wp-content\/uploads\/2025\/06\/san-jacinto-silo-pantalla.jpg\" alt=\"\" class=\"wp-image-19523\" srcset=\"https:\/\/diariotiempo.com.uy\/noticias\/wp-content\/uploads\/2025\/06\/san-jacinto-silo-pantalla.jpg 700w, https:\/\/diariotiempo.com.uy\/noticias\/wp-content\/uploads\/2025\/06\/san-jacinto-silo-pantalla-300x225.jpg 300w\" sizes=\"auto, (max-width: 700px) 100vw, 700px\" \/><\/figure>\n\n\n\n<figure class=\"wp-block-image size-large\"><img loading=\"lazy\" decoding=\"async\" width=\"700\" height=\"519\" data-id=\"19524\" src=\"https:\/\/diariotiempo.com.uy\/noticias\/wp-content\/uploads\/2025\/06\/san-jacinto-cinta.jpg\" alt=\"\" class=\"wp-image-19524\" srcset=\"https:\/\/diariotiempo.com.uy\/noticias\/wp-content\/uploads\/2025\/06\/san-jacinto-cinta.jpg 700w, https:\/\/diariotiempo.com.uy\/noticias\/wp-content\/uploads\/2025\/06\/san-jacinto-cinta-300x222.jpg 300w\" sizes=\"auto, (max-width: 700px) 100vw, 700px\" \/><\/figure>\n<\/figure>\n\n\n\n<p>Con la presencia de la Intendenta de Canelones, Profa. Gabriela Garrido, qued\u00f3 inaugurada en San Jacinto la nueva planta industrial Modenas, dedicada a la producci\u00f3n de alimentos balanceados para mascotas. El emprendimiento ubicado sobre Ruta 11 km 146,5, de base familiar y enfoque sustentable, fue acompa\u00f1ado por la Intendencia de Canelones desde sus primeras etapas y generar\u00e1 empleo directo en la localidad.<\/p>\n\n\n\n<p>Participaron de la presentaci\u00f3n el Secretario General de la Intendencia de Canelones, Dr. Esc. Francisco Legnani, el Director Nacional de Industrias, Lic. Adri\u00e1n Miguez, el Alcalde del Municipio San Jacinto, Cristian Ferraro, entre otras autoridades nacionales, departamentales y locales. Asimismo, participaron asesores, t\u00e9cnicos y personal vinculado al emprendimiento, productores locales, proveedores, vecinos y vecinas de la zona.La Intendenta Garrido destac\u00f3 que se trata de un emprendimiento innovador en el rubro de la alimentaci\u00f3n para mascotas, impulsado por una familia oriunda de Soriano que actualmente reside en el departamento. Subray\u00f3 que la empresa produce alimentos saludables, a base de prote\u00ednas y carbohidratos de origen vegetal, avena y frutas, con alto contenido de fibra y sin restos harinosos ni subproductos potencialmente t\u00f3xicos. \u201cNo existe otro alimento para mascotas igual en el pa\u00eds\u201d, afirm\u00f3.Adem\u00e1s, la jerarca explic\u00f3 que el proyecto incluye una estrategia de econom\u00eda circular que busca articularse con productores locales, especialmente org\u00e1nicos, para abastecerse de materias primas. Tambi\u00e9n valor\u00f3 que la planta reutiliza el agua, que es recolectada para el riego de cultivos que integran el entorno de la f\u00e1brica. \u201cNos parece muy interesante que el producto final sea saludable, pero tambi\u00e9n que el proceso de producci\u00f3n sea sostenible\u201d, expres\u00f3 Garrido.La inversi\u00f3n contempla, en una primera etapa, la incorporaci\u00f3n de seis puestos de trabajo. A futuro, se espera que la cifra crezca conforme se integren nuevas tecnolog\u00edas, como el sistema de liofilizaci\u00f3n, que permite conservar las propiedades nutricionales de los alimentos mediante congelamiento en lugar de calor. \u201cDesde la Agencia de Promoci\u00f3n a la Inversi\u00f3n y el gobierno departamental, vamos a seguir acompa\u00f1ando a esta empresa para que crezca, se expanda y llegue a nivel nacional e internacional\u201d, agreg\u00f3 la Intendenta. Fortalecimiento del desarrollo productivo con triple impactoLegnani, por su parte, hizo \u00e9nfasis en que este tipo de inversiones fortalecen la estrategia de desarrollo productivo del departamento. \u201cEs un emprendimiento familiar que eligi\u00f3 esta zona del departamento por su potencial y por el apoyo recibido. Estamos comprometidos en seguir promoviendo la inversi\u00f3n privada como motor de empleo y desarrollo econ\u00f3mico\u201d, afirm\u00f3.Desde el gobierno nacional, el Director Nacional de Industrias, Lic. Adri\u00e1n Miguez, se\u00f1al\u00f3 que Modenas es la industria n\u00famero 19.381 habilitada en Uruguay y que se ajusta a los pilares estrat\u00e9gicos del Ministerio de Industria: triple impacto, descentralizaci\u00f3n territorial y atracci\u00f3n de talentos. \u201cLa familia que lidera este emprendimiento trae conocimiento del exterior, se instala fuera del eje metropolitano y se abastece de materias primas locales, generando valor agregado para el mercado interno y para la exportaci\u00f3n\u201d, subray\u00f3.<\/p>\n\n\n\n<p><strong>Tecnolog\u00eda automatizada y capacidad de producci\u00f3n<\/strong><\/p>\n\n\n\n<p>La Ing. Agr. Mar\u00eda Alejandra Oliver Echezarreta, una de las fundadoras de Modenas, explic\u00f3 que la empresa fue concebida desde un inicio con principios de econom\u00eda circular y sustentabilidad. \u201cCuando iniciamos este proyecto, estudiamos la viabilidad log\u00edstica y elegimos Canelones por una suma de factores positivos. No somos de aqu\u00ed, pero encontramos en la Intendencia personas que nos ayudaron a recorrer el camino\u201d, relat\u00f3.La planta estar\u00e1 dedicada en esta primera etapa a la elaboraci\u00f3n de alimentos balanceados para mascotas, con tecnolog\u00eda automatizada y capacidad de producci\u00f3n para abastecer mercados locales e internacionales. Se\u00f1al\u00f3 la intenci\u00f3n de querer colaborar con la comunidad, trabajar con productores y proveedores de la zona y generar empleo local. En esta etapa inicial se contrataron seis personas y esperan seguir ampliando.Por su parte, el Alcalde del Municipio San Jacinto, Cristian Ferraro, resalt\u00f3 el impacto del emprendimiento para la localidad y para el corredor productivo de la Ruta 11. Consider\u00f3 que no es solo una industria, es un proyecto con equipamiento moderno, empleo de calidad y un fuerte compromiso con el medio ambiente. \u201cComo parte del proceso desde el inicio, estoy muy orgulloso de este logro\u201d, dijo.La planta de Modenas se instal\u00f3 en un predio que tambi\u00e9n contar\u00e1 con \u00e1reas verdes productivas, integrando la industria a un entorno agroecol\u00f3gico. El proyecto incluye futuras etapas y nuevos rubros, todos pensados para desarrollarse en Canelones. Con esta apertura, el departamento refuerza su posicionamiento como polo de innovaci\u00f3n alimentaria y apuesta a seguir siendo territorio f\u00e9rtil para el desarrollo industrial sostenible.<\/p>\n","protected":false},"excerpt":{"rendered":"<p>Con la presencia de la Intendenta de Canelones, Profa. Gabriela Garrido, qued\u00f3 inaugurada en San&#8230;<\/p>\n","protected":false},"author":1,"featured_media":19524,"comment_status":"closed","ping_status":"closed","sticky":false,"template":"","format":"standard","meta":{"_monsterinsights_skip_tracking":false,"_monsterinsights_sitenote_active":false,"_monsterinsights_sitenote_note":"","_monsterinsights_sitenote_category":0,"footnotes":""},"categories":[87],"tags":[],"class_list":["post-19522","post","type-post","status-publish","format-standard","has-post-thumbnail","hentry","category-san-jacinto"],"featured_image_urls":{"full":["https:\/\/diariotiempo.com.uy\/noticias\/wp-content\/uploads\/2025\/06\/san-jacinto-cinta.jpg",700,519,false],"thumbnail":["https:\/\/diariotiempo.com.uy\/noticias\/wp-content\/uploads\/2025\/06\/san-jacinto-cinta-150x150.jpg",150,150,true],"medium":["https:\/\/diariotiempo.com.uy\/noticias\/wp-content\/uploads\/2025\/06\/san-jacinto-cinta-300x222.jpg",300,222,true],"medium_large":["https:\/\/diariotiempo.com.uy\/noticias\/wp-content\/uploads\/2025\/06\/san-jacinto-cinta.jpg",640,475,false],"large":["https:\/\/diariotiempo.com.uy\/noticias\/wp-content\/uploads\/2025\/06\/san-jacinto-cinta.jpg",640,475,false],"rpg_gallery_admin_thumb":["https:\/\/diariotiempo.com.uy\/noticias\/wp-content\/uploads\/2025\/06\/san-jacinto-cinta-150x150.jpg",150,150,true],"rpg_gallery_thumb":["https:\/\/diariotiempo.com.uy\/noticias\/wp-content\/uploads\/2025\/06\/san-jacinto-cinta-150x150.jpg",150,150,true],"1536x1536":["https:\/\/diariotiempo.com.uy\/noticias\/wp-content\/uploads\/2025\/06\/san-jacinto-cinta.jpg",700,519,false],"2048x2048":["https:\/\/diariotiempo.com.uy\/noticias\/wp-content\/uploads\/2025\/06\/san-jacinto-cinta.jpg",700,519,false],"covernews-slider-full":["https:\/\/diariotiempo.com.uy\/noticias\/wp-content\/uploads\/2025\/06\/san-jacinto-cinta.jpg",700,519,false],"covernews-slider-center":["https:\/\/diariotiempo.com.uy\/noticias\/wp-content\/uploads\/2025\/06\/san-jacinto-cinta-700x500.jpg",700,500,true],"covernews-featured":["https:\/\/diariotiempo.com.uy\/noticias\/wp-content\/uploads\/2025\/06\/san-jacinto-cinta.jpg",700,519,false],"covernews-medium":["https:\/\/diariotiempo.com.uy\/noticias\/wp-content\/uploads\/2025\/06\/san-jacinto-cinta-540x340.jpg",540,340,true],"covernews-medium-square":["https:\/\/diariotiempo.com.uy\/noticias\/wp-content\/uploads\/2025\/06\/san-jacinto-cinta-400x250.jpg",400,250,true]},"author_info":{"display_name":"diario","author_link":"https:\/\/diariotiempo.com.uy\/noticias\/author\/diario\/"},"category_info":"<a href=\"https:\/\/diariotiempo.com.uy\/noticias\/category\/departamental\/san-jacinto\/\" rel=\"category tag\">San Jacinto<\/a>","tag_info":"San Jacinto","comment_count":"0","_links":{"self":[{"href":"https:\/\/diariotiempo.com.uy\/noticias\/wp-json\/wp\/v2\/posts\/19522","targetHints":{"allow":["GET"]}}],"collection":[{"href":"https:\/\/diariotiempo.com.uy\/noticias\/wp-json\/wp\/v2\/posts"}],"about":[{"href":"https:\/\/diariotiempo.com.uy\/noticias\/wp-json\/wp\/v2\/types\/post"}],"author":[{"embeddable":true,"href":"https:\/\/diariotiempo.com.uy\/noticias\/wp-json\/wp\/v2\/users\/1"}],"replies":[{"embeddable":true,"href":"https:\/\/diariotiempo.com.uy\/noticias\/wp-json\/wp\/v2\/comments?post=19522"}],"version-history":[{"count":1,"href":"https:\/\/diariotiempo.com.uy\/noticias\/wp-json\/wp\/v2\/posts\/19522\/revisions"}],"predecessor-version":[{"id":19525,"href":"https:\/\/diariotiempo.com.uy\/noticias\/wp-json\/wp\/v2\/posts\/19522\/revisions\/19525"}],"wp:featuredmedia":[{"embeddable":true,"href":"https:\/\/diariotiempo.com.uy\/noticias\/wp-json\/wp\/v2\/media\/19524"}],"wp:attachment":[{"href":"https:\/\/diariotiempo.com.uy\/noticias\/wp-json\/wp\/v2\/media?parent=19522"}],"wp:term":[{"taxonomy":"category","embeddable":true,"href":"https:\/\/diariotiempo.com.uy\/noticias\/wp-json\/wp\/v2\/categories?post=19522"},{"taxonomy":"post_tag","embeddable":true,"href":"https:\/\/diariotiempo.com.uy\/noticias\/wp-json\/wp\/v2\/tags?post=19522"}],"curies":[{"name":"wp","href":"https:\/\/api.w.org\/{rel}","templated":true}]}}