{"id":19673,"date":"2025-06-27T15:26:21","date_gmt":"2025-06-27T15:26:21","guid":{"rendered":"https:\/\/diariotiempo.com.uy\/noticias\/?p=19673"},"modified":"2025-06-27T15:26:22","modified_gmt":"2025-06-27T15:26:22","slug":"inauguraron-nuevo-espacio-para-el-encuentro-en-la-plaza-del-tanque-en-villa-argentina","status":"publish","type":"post","link":"https:\/\/diariotiempo.com.uy\/noticias\/2025\/06\/27\/inauguraron-nuevo-espacio-para-el-encuentro-en-la-plaza-del-tanque-en-villa-argentina\/","title":{"rendered":"Inauguraron nuevo espacio para el encuentro en la Plaza del Tanque en Villa Argentina"},"content":{"rendered":"\n<figure class=\"wp-block-gallery has-nested-images columns-default is-cropped wp-block-gallery-1 is-layout-flex wp-block-gallery-is-layout-flex\">\n<figure class=\"wp-block-image size-large\"><img loading=\"lazy\" decoding=\"async\" width=\"700\" height=\"467\" data-id=\"19677\" src=\"https:\/\/diariotiempo.com.uy\/noticias\/wp-content\/uploads\/2025\/06\/villa-argentina-gim.jpg\" alt=\"\" class=\"wp-image-19677\" srcset=\"https:\/\/diariotiempo.com.uy\/noticias\/wp-content\/uploads\/2025\/06\/villa-argentina-gim.jpg 700w, https:\/\/diariotiempo.com.uy\/noticias\/wp-content\/uploads\/2025\/06\/villa-argentina-gim-300x200.jpg 300w\" sizes=\"auto, (max-width: 700px) 100vw, 700px\" \/><\/figure>\n\n\n\n<figure class=\"wp-block-image size-large\"><img loading=\"lazy\" decoding=\"async\" width=\"700\" height=\"467\" data-id=\"19674\" src=\"https:\/\/diariotiempo.com.uy\/noticias\/wp-content\/uploads\/2025\/06\/villa-argentina-juegos-d.jpg\" alt=\"\" class=\"wp-image-19674\" srcset=\"https:\/\/diariotiempo.com.uy\/noticias\/wp-content\/uploads\/2025\/06\/villa-argentina-juegos-d.jpg 700w, https:\/\/diariotiempo.com.uy\/noticias\/wp-content\/uploads\/2025\/06\/villa-argentina-juegos-d-300x200.jpg 300w\" sizes=\"auto, (max-width: 700px) 100vw, 700px\" \/><\/figure>\n\n\n\n<figure class=\"wp-block-image size-large\"><img loading=\"lazy\" decoding=\"async\" width=\"700\" height=\"467\" data-id=\"19676\" src=\"https:\/\/diariotiempo.com.uy\/noticias\/wp-content\/uploads\/2025\/06\/villa-argentina-juegos.jpg\" alt=\"\" class=\"wp-image-19676\" srcset=\"https:\/\/diariotiempo.com.uy\/noticias\/wp-content\/uploads\/2025\/06\/villa-argentina-juegos.jpg 700w, https:\/\/diariotiempo.com.uy\/noticias\/wp-content\/uploads\/2025\/06\/villa-argentina-juegos-300x200.jpg 300w\" sizes=\"auto, (max-width: 700px) 100vw, 700px\" \/><\/figure>\n\n\n\n<figure class=\"wp-block-image size-large\"><img loading=\"lazy\" decoding=\"async\" width=\"700\" height=\"466\" data-id=\"19675\" src=\"https:\/\/diariotiempo.com.uy\/noticias\/wp-content\/uploads\/2025\/06\/villa-argentina-cinta.jpg\" alt=\"\" class=\"wp-image-19675\" srcset=\"https:\/\/diariotiempo.com.uy\/noticias\/wp-content\/uploads\/2025\/06\/villa-argentina-cinta.jpg 700w, https:\/\/diariotiempo.com.uy\/noticias\/wp-content\/uploads\/2025\/06\/villa-argentina-cinta-300x200.jpg 300w\" sizes=\"auto, (max-width: 700px) 100vw, 700px\" \/><\/figure>\n<\/figure>\n\n\n\n<p>Villa Argentina celebr\u00f3 el s\u00e1bado 21 de junio la inauguraci\u00f3n de la Plaza del Tanque, un espacio p\u00fablico ubicado al norte de la ruta Interbalnearia que fue recuperado gracias al trabajo conjunto de los vecinos y vecinas organizados, el Municipio de Atl\u00e1ntida y la Intendencia de Canelones, en el marco del programa Costeando Ideas.La jornada cont\u00f3 con la participaci\u00f3n de la Intendenta de Canelones, Profa. Gabriela Garrido, el Alcalde en funciones del Municipio Atl\u00e1ntida, Luis Trujillo, concejales, concejalas, representantes de instituciones sociales locales, vecinas y vecinos de la zona. En un clima de entusiasmo comunitario, las autoridades fueron recibidas con caf\u00e9 caliente y preparaciones dulces elaboradas por la propia comunidad para contrarrestar el fr\u00edo de la primera ma\u00f1ana del invierno 2025. Luego de esa recepci\u00f3n, hicieron uso de la palabra en el acto protocolar para, finalmente, mantener animados di\u00e1logos con las personas que se acercaron.La Intendenta Garrido afirm\u00f3 que este tipo de propuestas, promueven la participaci\u00f3n comunitaria, siendo est\u00e1, una de las formas m\u00e1s efectivas para defender a la democracia desde el territorio.<\/p>\n\n\n\n<p><strong>Una historia de trabajo colectivo<\/strong><\/p>\n\n\n\n<p>El predio en el que se ubica la plaza fue cedido por OSE. En \u00e9l se encuentra un antiguo tanque de agua que es precisamente el que da nombre al espacio. A partir del impulso de un grupo de vecinas y vecinos, se conform\u00f3 la Comisi\u00f3n de la Plaza del Tanque, que comenz\u00f3 con tareas de limpieza y acondicionamiento general, buscando devolverle vida al lugar.<\/p>\n\n\n\n<p>La iniciativa fue presentada por primera vez al programa Costeando Ideas en su edici\u00f3n 2023, sin resultar seleccionada. Sin embargo, esa primera experiencia fortaleci\u00f3 al grupo, que comenz\u00f3 a trabajar por sus propios medios y volvi\u00f3 a postularse en 2024, cuando obtuvo el primer lugar en la votaci\u00f3n vecinal. Desde entonces, el proyecto avanz\u00f3 de manera sostenida, con participaci\u00f3n activa de la comunidad y acompa\u00f1amiento t\u00e9cnico del municipio.<\/p>\n\n\n\n<p><strong>Un espacio para todas y todos<\/strong><\/p>\n\n\n\n<p>Las obras realizadas en la plaza incluyen la construcci\u00f3n de una bicisenda que rodea el predio, juegos infantiles, aparatos de calistenia, una estaci\u00f3n saludable, p\u00e9rgola, tirolesa, limpieza del tanque, plantaci\u00f3n de \u00e1rboles y especies nativas, adem\u00e1s de conexi\u00f3n de agua de OSE para riego. Tambi\u00e9n se coloc\u00f3 un cartel met\u00e1lico con letras grabadas, donado por un integrante de la comisi\u00f3n, y se aprovecharon materiales reciclados del propio tanque para fabricar parte del equipamiento.Uno de los elementos m\u00e1s destacados de la intervenci\u00f3n es el mural art\u00edstico de gran formato que decora el tanque de agua, obra del artista pl\u00e1stico uruguayo Jos\u00e9 Gallino. La pieza aporta color, identidad y una impronta cultural al entorno, integrando el arte como parte fundamental del espacio p\u00fablico.La Intendenta Garrido valor\u00f3 especialmente este componente. \u201cSumamos entonces arte a la parte de recreaci\u00f3n\u201d, se\u00f1al\u00f3, y destac\u00f3 que este tipo de propuestas \u201cgeneran convivencia, participaci\u00f3n y solidaridad\u201d. Adem\u00e1s, anunci\u00f3 que se trabajar\u00e1 en una nueva etapa de mejoras, con la incorporaci\u00f3n de juegos dise\u00f1ados espec\u00edficamente para la primera infancia.Durante el proceso, el colectivo logr\u00f3 integrar a personas de distintas edades y barrios cercanos, consolidando un espacio del que hoy disfruta la comunidad de distintos puntos del municipio. El Alcalde Trujillo destac\u00f3 que, m\u00e1s all\u00e1 del financiamiento, \u201clos vecinos hicieron un trabajo b\u00e1rbaro durante todo el a\u00f1o, reuni\u00e9ndose los fines de semana y aportando con esfuerzo y compromiso para crear este lugar\u201d.<\/p>\n\n\n\n<p><strong>Participaci\u00f3n de la comunidad y sentido de pertenencia<\/strong><\/p>\n\n\n\n<p>La inauguraci\u00f3n de la Plaza del Tanque es un ejemplo concreto de c\u00f3mo el programa Costeando Ideas \u2014impulsado por la Intendencia de Canelones y los municipios de la Costa de Oro\u2014 promueve la organizaci\u00f3n vecinal, el sentido de pertenencia y el fortalecimiento de la democracia participativa. \u201cNosotros estamos de paso y vendr\u00e1 otra gesti\u00f3n ma\u00f1ana y vendr\u00e1 otra luego, pero estas cosas que vamos creando son de la comunidad, que es la que las va a defender a futuro y las seguir\u00e1 potenciando\u201d, expres\u00f3 el Alcalde. El uso cotidiano del espacio ya es una realidad, con presencia constante de familias, ni\u00f1as, ni\u00f1os y adolescentes. \u201cDesde que se hizo la bicisenda, empez\u00f3 a usarse m\u00e1s y ahora con los juegos ni hablar\u201d, cont\u00f3 Luc\u00eda, integrante del grupo barrial. Bruno, otro de los impulsores del proyecto, relat\u00f3 c\u00f3mo se pas\u00f3 de la frustraci\u00f3n inicial a la victoria colectiva. \u201cLa primera vez que nos presentamos al Costeando Ideas quedamos afuera por 20 votos. Eso nos dio m\u00e1s fuerza y al a\u00f1o siguiente ganamos\u201d, dijo.Para Blanca, una de las vecinas m\u00e1s antiguas, la emoci\u00f3n fue a\u00fan m\u00e1s personal. \u201cYo antes ven\u00eda siempre sola y le dec\u00eda mi placita silvestre\u201d, cont\u00f3, \u201cahora siempre hay alguien, los chicos muy contentos jugando. Me da alegr\u00eda porque esta plaza ahora es de todos\u201d. Alejandra, tambi\u00e9n integrante de la comisi\u00f3n, resumi\u00f3 sus sensaciones: \u201cver en qu\u00e9 se transform\u00f3 este lugar es pura emoci\u00f3n, pero esta es apenas la primera etapa\u201d. Fuente y fotos:IMC<\/p>\n","protected":false},"excerpt":{"rendered":"<p>Villa Argentina celebr\u00f3 el s\u00e1bado 21 de junio la inauguraci\u00f3n de la Plaza del Tanque,&#8230;<\/p>\n","protected":false},"author":1,"featured_media":19675,"comment_status":"closed","ping_status":"closed","sticky":false,"template":"","format":"standard","meta":{"_monsterinsights_skip_tracking":false,"_monsterinsights_sitenote_active":false,"_monsterinsights_sitenote_note":"","_monsterinsights_sitenote_category":0,"footnotes":""},"categories":[25],"tags":[],"class_list":["post-19673","post","type-post","status-publish","format-standard","has-post-thumbnail","hentry","category-atlantida"],"featured_image_urls":{"full":["https:\/\/diariotiempo.com.uy\/noticias\/wp-content\/uploads\/2025\/06\/villa-argentina-cinta.jpg",700,466,false],"thumbnail":["https:\/\/diariotiempo.com.uy\/noticias\/wp-content\/uploads\/2025\/06\/villa-argentina-cinta-150x150.jpg",150,150,true],"medium":["https:\/\/diariotiempo.com.uy\/noticias\/wp-content\/uploads\/2025\/06\/villa-argentina-cinta-300x200.jpg",300,200,true],"medium_large":["https:\/\/diariotiempo.com.uy\/noticias\/wp-content\/uploads\/2025\/06\/villa-argentina-cinta.jpg",640,426,false],"large":["https:\/\/diariotiempo.com.uy\/noticias\/wp-content\/uploads\/2025\/06\/villa-argentina-cinta.jpg",640,426,false],"rpg_gallery_admin_thumb":["https:\/\/diariotiempo.com.uy\/noticias\/wp-content\/uploads\/2025\/06\/villa-argentina-cinta-150x150.jpg",150,150,true],"rpg_gallery_thumb":["https:\/\/diariotiempo.com.uy\/noticias\/wp-content\/uploads\/2025\/06\/villa-argentina-cinta-150x150.jpg",150,150,true],"1536x1536":["https:\/\/diariotiempo.com.uy\/noticias\/wp-content\/uploads\/2025\/06\/villa-argentina-cinta.jpg",700,466,false],"2048x2048":["https:\/\/diariotiempo.com.uy\/noticias\/wp-content\/uploads\/2025\/06\/villa-argentina-cinta.jpg",700,466,false],"covernews-slider-full":["https:\/\/diariotiempo.com.uy\/noticias\/wp-content\/uploads\/2025\/06\/villa-argentina-cinta.jpg",700,466,false],"covernews-slider-center":["https:\/\/diariotiempo.com.uy\/noticias\/wp-content\/uploads\/2025\/06\/villa-argentina-cinta.jpg",700,466,false],"covernews-featured":["https:\/\/diariotiempo.com.uy\/noticias\/wp-content\/uploads\/2025\/06\/villa-argentina-cinta.jpg",700,466,false],"covernews-medium":["https:\/\/diariotiempo.com.uy\/noticias\/wp-content\/uploads\/2025\/06\/villa-argentina-cinta-540x340.jpg",540,340,true],"covernews-medium-square":["https:\/\/diariotiempo.com.uy\/noticias\/wp-content\/uploads\/2025\/06\/villa-argentina-cinta-400x250.jpg",400,250,true]},"author_info":{"display_name":"diario","author_link":"https:\/\/diariotiempo.com.uy\/noticias\/author\/diario\/"},"category_info":"<a href=\"https:\/\/diariotiempo.com.uy\/noticias\/category\/departamental\/atlantida\/\" rel=\"category tag\">Atl\u00e1ntida<\/a>","tag_info":"Atl\u00e1ntida","comment_count":"0","_links":{"self":[{"href":"https:\/\/diariotiempo.com.uy\/noticias\/wp-json\/wp\/v2\/posts\/19673","targetHints":{"allow":["GET"]}}],"collection":[{"href":"https:\/\/diariotiempo.com.uy\/noticias\/wp-json\/wp\/v2\/posts"}],"about":[{"href":"https:\/\/diariotiempo.com.uy\/noticias\/wp-json\/wp\/v2\/types\/post"}],"author":[{"embeddable":true,"href":"https:\/\/diariotiempo.com.uy\/noticias\/wp-json\/wp\/v2\/users\/1"}],"replies":[{"embeddable":true,"href":"https:\/\/diariotiempo.com.uy\/noticias\/wp-json\/wp\/v2\/comments?post=19673"}],"version-history":[{"count":1,"href":"https:\/\/diariotiempo.com.uy\/noticias\/wp-json\/wp\/v2\/posts\/19673\/revisions"}],"predecessor-version":[{"id":19678,"href":"https:\/\/diariotiempo.com.uy\/noticias\/wp-json\/wp\/v2\/posts\/19673\/revisions\/19678"}],"wp:featuredmedia":[{"embeddable":true,"href":"https:\/\/diariotiempo.com.uy\/noticias\/wp-json\/wp\/v2\/media\/19675"}],"wp:attachment":[{"href":"https:\/\/diariotiempo.com.uy\/noticias\/wp-json\/wp\/v2\/media?parent=19673"}],"wp:term":[{"taxonomy":"category","embeddable":true,"href":"https:\/\/diariotiempo.com.uy\/noticias\/wp-json\/wp\/v2\/categories?post=19673"},{"taxonomy":"post_tag","embeddable":true,"href":"https:\/\/diariotiempo.com.uy\/noticias\/wp-json\/wp\/v2\/tags?post=19673"}],"curies":[{"name":"wp","href":"https:\/\/api.w.org\/{rel}","templated":true}]}}