{"id":19679,"date":"2025-06-27T15:28:54","date_gmt":"2025-06-27T15:28:54","guid":{"rendered":"https:\/\/diariotiempo.com.uy\/noticias\/?p=19679"},"modified":"2025-06-27T15:28:55","modified_gmt":"2025-06-27T15:28:55","slug":"con-una-interesante-propuesta-artistica-y-simbolica-el-espacio-dinamo-de-atlantida-festejo-sus-tres-anos-de-vida","status":"publish","type":"post","link":"https:\/\/diariotiempo.com.uy\/noticias\/2025\/06\/27\/con-una-interesante-propuesta-artistica-y-simbolica-el-espacio-dinamo-de-atlantida-festejo-sus-tres-anos-de-vida\/","title":{"rendered":"Con una interesante propuesta art\u00edstica y simb\u00f3lica, el Espacio D\u00ednamo de Atl\u00e1ntida festej\u00f3 sus tres a\u00f1os de vida."},"content":{"rendered":"\n<figure class=\"wp-block-gallery has-nested-images columns-2 is-cropped wp-block-gallery-1 is-layout-flex wp-block-gallery-is-layout-flex\">\n<figure class=\"wp-block-image size-large\"><img loading=\"lazy\" decoding=\"async\" width=\"700\" height=\"467\" data-id=\"19680\" src=\"https:\/\/diariotiempo.com.uy\/noticias\/wp-content\/uploads\/2025\/06\/atlantida-dinamo-baile.jpg\" alt=\"\" class=\"wp-image-19680\" srcset=\"https:\/\/diariotiempo.com.uy\/noticias\/wp-content\/uploads\/2025\/06\/atlantida-dinamo-baile.jpg 700w, https:\/\/diariotiempo.com.uy\/noticias\/wp-content\/uploads\/2025\/06\/atlantida-dinamo-baile-300x200.jpg 300w\" sizes=\"auto, (max-width: 700px) 100vw, 700px\" \/><\/figure>\n\n\n\n<figure class=\"wp-block-image size-large\"><img loading=\"lazy\" decoding=\"async\" width=\"700\" height=\"466\" data-id=\"19681\" src=\"https:\/\/diariotiempo.com.uy\/noticias\/wp-content\/uploads\/2025\/06\/atlantida-dinamo-gente.jpg\" alt=\"\" class=\"wp-image-19681\" srcset=\"https:\/\/diariotiempo.com.uy\/noticias\/wp-content\/uploads\/2025\/06\/atlantida-dinamo-gente.jpg 700w, https:\/\/diariotiempo.com.uy\/noticias\/wp-content\/uploads\/2025\/06\/atlantida-dinamo-gente-300x200.jpg 300w\" sizes=\"auto, (max-width: 700px) 100vw, 700px\" \/><\/figure>\n\n\n\n<figure class=\"wp-block-image size-large\"><img loading=\"lazy\" decoding=\"async\" width=\"700\" height=\"467\" data-id=\"19682\" src=\"https:\/\/diariotiempo.com.uy\/noticias\/wp-content\/uploads\/2025\/06\/atlantida-dinamo-salon.jpg\" alt=\"\" class=\"wp-image-19682\" srcset=\"https:\/\/diariotiempo.com.uy\/noticias\/wp-content\/uploads\/2025\/06\/atlantida-dinamo-salon.jpg 700w, https:\/\/diariotiempo.com.uy\/noticias\/wp-content\/uploads\/2025\/06\/atlantida-dinamo-salon-300x200.jpg 300w\" sizes=\"auto, (max-width: 700px) 100vw, 700px\" \/><\/figure>\n<\/figure>\n\n\n\n<p>Con una interesante propuesta art\u00edstica y simb\u00f3lica, el Espacio D\u00ednamo festej\u00f3 sus tres a\u00f1os de vida, consolid\u00e1ndose como una referencia para las industrias creativas del departamento. La celebraci\u00f3n se desarroll\u00f3 en la tarde del martes 17 de junio y reuni\u00f3 a autoridades departamentales, productores audiovisuales, artistas, m\u00fasicos y personas vinculadas con el ecosistema cultural de Canelones.<\/p>\n\n\n\n<p>La actividad cont\u00f3 con una anfitriona que ofici\u00f3 de \u00abazafata &#8211; gu\u00eda\u00bb durante el acto protocolar, presentando espect\u00e1culos de danza y m\u00fasica con una importante cuota de humor y simbolismo, transformando el evento en un verdadero \u201cviaje\u201d por el universo D\u00ednamo.Hicieron uso de la palabra, la Intendenta de Canelones, Profa. Gabriela Garrido, la Directora General de la Unidad de Planificaci\u00f3n Estrat\u00e9gica, Stephany Luzardo, el ex Coordinador del proyecto D\u00ednamo, Rodrigo M\u00e1rquez, y la actual senadora Patricia Kramer, quien desde la Unidad de Planificaci\u00f3n Estrat\u00e9gica fue una de las principales impulsoras del proyecto en su gesti\u00f3n en la Intendencia de Canelones.<\/p>\n\n\n\n<p><strong>Una respuesta creativa en tiempos de pandemia<\/strong><\/p>\n\n\n\n<p>D\u00ednamo naci\u00f3 en 2022 como respuesta a los desaf\u00edos que plante\u00f3 la pandemia de COVID-19, en especial al sector art\u00edstico y cultural. En aquel momento, el Gobierno de Canelones impuls\u00f3 propuestas para sostener el trabajo de artistas. Desde entonces, el proyecto ha crecido con una estructura s\u00f3lida y diversa, apoyada en tres herramientas fundamentales: los D\u00ednamos Sectoriales, los D\u00ednamos de Pensamiento y el propio Espacio D\u00ednamo, con sede en ruta Interbalnearia Km 45, Atl\u00e1ntida.<\/p>\n\n\n\n<p>Pol\u00edticas que apuestan al encuentro<\/p>\n\n\n\n<p>La Intendenta Garrido destac\u00f3 que D\u00ednamo es \u201cun punto de encuentro para las industrias creativas del departamento\u201d, donde confluyen expresiones art\u00edsticas diversas y se promueven emprendimientos sostenibles. Se\u00f1al\u00f3, adem\u00e1s, que el proyecto tiene un doble impacto: por un lado, \u201ces dinamizador de la econom\u00eda y, por otro lado, dinamizador de los seres humanos, de la creatividad y lo colectivo\u201d.A lo largo de estos tres a\u00f1os, el espacio ha promovido talleres, di\u00e1logos, clases y encuentros que acompa\u00f1an la profesionalizaci\u00f3n del sector cultural. \u201cQue se valore la creaci\u00f3n art\u00edstica de los seres humanos y que se les d\u00e9 un lugar para desarrollarse es una pol\u00edtica muy innovadora desde el punto de vista cultural, econ\u00f3mico y social\u201d, asegur\u00f3 Garrido.Durante sus tres a\u00f1os de vida Canelones Creativo gener\u00f3 8 DINAMOS de Pensamiento y 12 DINAMOS Sectoriales en los que participaron cerca de 700 personas, empresas y organizaciones. Adem\u00e1s, el Espacio recibi\u00f3 610 actividades, surgidas de 24 llamados abiertos, por las que pasaron m\u00e1s de 30.000 personas. Por otra parte, m\u00e1s de 40 proyectos pasaron por la Incubadora, Aceleradora y Lab, una experiencia \u00fanica a nivel pa\u00eds en el \u00e1mbito p\u00fablico y m\u00e1s de 1.000 personas participaron de las dos ediciones del FIECA con m\u00e1s de 3.500 entrevistas generadas en las rondas de negocios.<\/p>\n\n\n\n<p><strong>Un espacio para pensar y crear<\/strong><\/p>\n\n\n\n<p>El Director General de Cultura, Sergio Mach\u00edn, valor\u00f3 al espacio D\u00ednamo como una plataforma departamental que le ha permitido a la Intendencia de Canelones generar nuevas herramientas para repensarse, crear proyectos y explorar \u00e1reas innovadoras como la econom\u00eda creativa. Destac\u00f3 que el espacio posibilita \u201ctomar un tema para trabajarlo colaborativamente\u201d y resalt\u00f3 su importancia para cientos de artistas, de las m\u00e1s diversas ramas, que han podido exponer sus proyectos y obras.Mach\u00edn afirm\u00f3 que se abre una nueva etapa de trabajo, con desaf\u00edos que incluyen el di\u00e1logo con autoridades entrantes, la evaluaci\u00f3n participativa de lo realizado y la construcci\u00f3n colectiva del pr\u00f3ximo programa cultural. \u201cEstamos ahora en ese plan de poder hacernos de esos insumos y armando el equipo para poder seguir trabajando\u201d, afirm\u00f3.<\/p>\n\n\n\n<p><strong>Creado para que las cosas sucedan<\/strong><\/p>\n\n\n\n<p>La Directora Luzardo opin\u00f3 que la jornada de celebraci\u00f3n fue tambi\u00e9n una creaci\u00f3n colectiva. \u201cTres a\u00f1os puede ser muy poco o un eslaboncito de una pol\u00edtica p\u00fablica, pero para nosotros fue mucho\u201d, expres\u00f3, y explic\u00f3 que, por ello, el evento fue concebido junto a artistas vinculados al espacio desde sus inicios y pensado como una experiencia diferente.Asimismo, inform\u00f3 que D\u00ednamo ha funcionado como catalizador de ideas, proyectos y v\u00ednculos. \u201cNos propusimos: generemos el espacio, las condiciones y dejemos que la gente lo llene de contenido\u201d, afirm\u00f3 Luzardo, quien a la hora de definir el proyecto global respondi\u00f3: \u201c\u00bfQu\u00e9 es D\u00ednamo? Un espacio donde las cosas suceden, a eso los invitamos y a eso los esperamos\u201d.<\/p>\n\n\n\n<p><strong>Gobernar con creatividad<\/strong><\/p>\n\n\n\n<p>Precisamente en el cierre del encuentro desarrollado en este espacio, que se ha consolidado como un importante motor para el desarrollo de la creatividad en todas sus formas, la Intendenta Garrido asegur\u00f3 que Canelones ha demostrado ser \u201cun gobierno subnacional que se ha caracterizado por la innovaci\u00f3n\u201d.\u201cEs una innovaci\u00f3n pensar que desde un departamento se puede aportar a combatir el cambio clim\u00e1tico. Es innovaci\u00f3n crear una agencia de promoci\u00f3n a la inversi\u00f3n que ha captado inversiones muy importantes para el departamento. Y tambi\u00e9n apostamos a la innovaci\u00f3n y la creatividad para pasar de 20 centros para la primera infancia a 100, al igual que desarrollar programas de mensajer\u00eda por celular para apoyar la infancia a trav\u00e9s de programas que hoy el MIDES est\u00e1 tomando para replicar a nivel nacional\u201d, detall\u00f3.<\/p>\n\n\n\n<p><\/p>\n","protected":false},"excerpt":{"rendered":"<p>Con una interesante propuesta art\u00edstica y simb\u00f3lica, el Espacio D\u00ednamo festej\u00f3 sus tres a\u00f1os de&#8230;<\/p>\n","protected":false},"author":1,"featured_media":19681,"comment_status":"closed","ping_status":"closed","sticky":false,"template":"","format":"standard","meta":{"_monsterinsights_skip_tracking":false,"_monsterinsights_sitenote_active":false,"_monsterinsights_sitenote_note":"","_monsterinsights_sitenote_category":0,"footnotes":""},"categories":[25],"tags":[],"class_list":["post-19679","post","type-post","status-publish","format-standard","has-post-thumbnail","hentry","category-atlantida"],"featured_image_urls":{"full":["https:\/\/diariotiempo.com.uy\/noticias\/wp-content\/uploads\/2025\/06\/atlantida-dinamo-gente.jpg",700,466,false],"thumbnail":["https:\/\/diariotiempo.com.uy\/noticias\/wp-content\/uploads\/2025\/06\/atlantida-dinamo-gente-150x150.jpg",150,150,true],"medium":["https:\/\/diariotiempo.com.uy\/noticias\/wp-content\/uploads\/2025\/06\/atlantida-dinamo-gente-300x200.jpg",300,200,true],"medium_large":["https:\/\/diariotiempo.com.uy\/noticias\/wp-content\/uploads\/2025\/06\/atlantida-dinamo-gente.jpg",640,426,false],"large":["https:\/\/diariotiempo.com.uy\/noticias\/wp-content\/uploads\/2025\/06\/atlantida-dinamo-gente.jpg",640,426,false],"rpg_gallery_admin_thumb":["https:\/\/diariotiempo.com.uy\/noticias\/wp-content\/uploads\/2025\/06\/atlantida-dinamo-gente-150x150.jpg",150,150,true],"rpg_gallery_thumb":["https:\/\/diariotiempo.com.uy\/noticias\/wp-content\/uploads\/2025\/06\/atlantida-dinamo-gente-150x150.jpg",150,150,true],"1536x1536":["https:\/\/diariotiempo.com.uy\/noticias\/wp-content\/uploads\/2025\/06\/atlantida-dinamo-gente.jpg",700,466,false],"2048x2048":["https:\/\/diariotiempo.com.uy\/noticias\/wp-content\/uploads\/2025\/06\/atlantida-dinamo-gente.jpg",700,466,false],"covernews-slider-full":["https:\/\/diariotiempo.com.uy\/noticias\/wp-content\/uploads\/2025\/06\/atlantida-dinamo-gente.jpg",700,466,false],"covernews-slider-center":["https:\/\/diariotiempo.com.uy\/noticias\/wp-content\/uploads\/2025\/06\/atlantida-dinamo-gente.jpg",700,466,false],"covernews-featured":["https:\/\/diariotiempo.com.uy\/noticias\/wp-content\/uploads\/2025\/06\/atlantida-dinamo-gente.jpg",700,466,false],"covernews-medium":["https:\/\/diariotiempo.com.uy\/noticias\/wp-content\/uploads\/2025\/06\/atlantida-dinamo-gente-540x340.jpg",540,340,true],"covernews-medium-square":["https:\/\/diariotiempo.com.uy\/noticias\/wp-content\/uploads\/2025\/06\/atlantida-dinamo-gente-400x250.jpg",400,250,true]},"author_info":{"display_name":"diario","author_link":"https:\/\/diariotiempo.com.uy\/noticias\/author\/diario\/"},"category_info":"<a href=\"https:\/\/diariotiempo.com.uy\/noticias\/category\/departamental\/atlantida\/\" rel=\"category tag\">Atl\u00e1ntida<\/a>","tag_info":"Atl\u00e1ntida","comment_count":"0","_links":{"self":[{"href":"https:\/\/diariotiempo.com.uy\/noticias\/wp-json\/wp\/v2\/posts\/19679","targetHints":{"allow":["GET"]}}],"collection":[{"href":"https:\/\/diariotiempo.com.uy\/noticias\/wp-json\/wp\/v2\/posts"}],"about":[{"href":"https:\/\/diariotiempo.com.uy\/noticias\/wp-json\/wp\/v2\/types\/post"}],"author":[{"embeddable":true,"href":"https:\/\/diariotiempo.com.uy\/noticias\/wp-json\/wp\/v2\/users\/1"}],"replies":[{"embeddable":true,"href":"https:\/\/diariotiempo.com.uy\/noticias\/wp-json\/wp\/v2\/comments?post=19679"}],"version-history":[{"count":1,"href":"https:\/\/diariotiempo.com.uy\/noticias\/wp-json\/wp\/v2\/posts\/19679\/revisions"}],"predecessor-version":[{"id":19683,"href":"https:\/\/diariotiempo.com.uy\/noticias\/wp-json\/wp\/v2\/posts\/19679\/revisions\/19683"}],"wp:featuredmedia":[{"embeddable":true,"href":"https:\/\/diariotiempo.com.uy\/noticias\/wp-json\/wp\/v2\/media\/19681"}],"wp:attachment":[{"href":"https:\/\/diariotiempo.com.uy\/noticias\/wp-json\/wp\/v2\/media?parent=19679"}],"wp:term":[{"taxonomy":"category","embeddable":true,"href":"https:\/\/diariotiempo.com.uy\/noticias\/wp-json\/wp\/v2\/categories?post=19679"},{"taxonomy":"post_tag","embeddable":true,"href":"https:\/\/diariotiempo.com.uy\/noticias\/wp-json\/wp\/v2\/tags?post=19679"}],"curies":[{"name":"wp","href":"https:\/\/api.w.org\/{rel}","templated":true}]}}