{"id":20242,"date":"2025-08-08T16:44:53","date_gmt":"2025-08-08T16:44:53","guid":{"rendered":"https:\/\/diariotiempo.com.uy\/noticias\/?p=20242"},"modified":"2025-08-08T16:44:54","modified_gmt":"2025-08-08T16:44:54","slug":"ulosev-de-soca-realizo-una-puesta-a-punto-al-equipo-de-descentralizacion-de-unasev","status":"publish","type":"post","link":"https:\/\/diariotiempo.com.uy\/noticias\/2025\/08\/08\/ulosev-de-soca-realizo-una-puesta-a-punto-al-equipo-de-descentralizacion-de-unasev\/","title":{"rendered":"ULOSEV de Soca realiz\u00f3 una puesta a punto al Equipo de Descentralizaci\u00f3n de UNASEV"},"content":{"rendered":"\n<figure class=\"wp-block-image size-full\"><img loading=\"lazy\" decoding=\"async\" width=\"800\" height=\"384\" src=\"https:\/\/diariotiempo.com.uy\/noticias\/wp-content\/uploads\/2025\/08\/soca.jpg\" alt=\"\" class=\"wp-image-20243\" srcset=\"https:\/\/diariotiempo.com.uy\/noticias\/wp-content\/uploads\/2025\/08\/soca.jpg 800w, https:\/\/diariotiempo.com.uy\/noticias\/wp-content\/uploads\/2025\/08\/soca-300x144.jpg 300w, https:\/\/diariotiempo.com.uy\/noticias\/wp-content\/uploads\/2025\/08\/soca-768x369.jpg 768w\" sizes=\"auto, (max-width: 800px) 100vw, 800px\" \/><\/figure>\n\n\n\n<p>En el Museo de la Imagen y la Memoria (MIM), el Espacio de la Red Social de Soca recibi\u00f3 al Equipo de Descentralizaci\u00f3n de Unasev, representado por la Psic. Ileana Poloni.Reuni\u00f3n de trabajo en la localidad de Soca<br>En una reuni\u00f3n de car\u00e1cter comunitario, en la que estuvieron presentes Polic\u00eda Comunitaria, ASSE, representantes del Municipio Soca, la educaci\u00f3n a trav\u00e9s de \u00a0la Escuela y el CAIF, el Grupo de Adultos Mayores y los anfitriones del propio MIM, de la Direcci\u00f3n de Cultura de la Intendencia de Canelones, se abordaron diversos temas que hacen al trabajo de la Unidad Local de Seguridad Vial, algunos de car\u00e1cter nacional, otros departamentales.<\/p>\n\n\n\n<p>Se trabaj\u00f3 en proyectos cuyo foco est\u00e1 puesto en la comunidad local y donde el di\u00e1logo e intercambio son puente para proponer h\u00e1bitos que resuelvan algunas de las situaciones de conflicto que se presentan hoy en la movilidad local. Uno de los temas abordados en pro de identificar soluciones para mitigar el impacto, son las aglomeraciones de tr\u00e1nsito en la Ruta Interbalnearia en la temporada estival. Dada su ubicaci\u00f3n geogr\u00e1fica, Soca es utilizada por los conductores como v\u00eda de comunicaci\u00f3n hacia el entorno de Ruta 8, alterando de manera importante y potencialmente riesgosa, la realidad del tr\u00e1nsito urbano. La ULOSEV Soca tiene una trayectoria importante en a\u00f1os de trabajo, muchas veces con soluciones creativas a problemas viales cotidianos, que involucran, no s\u00f3lo a las organizaciones de la Red Social, sino a la propia poblaci\u00f3n. En ese sentido, tienen en carpeta fortalecer una suerte de \u201cescuela para padres\u201d, que, en alguna acci\u00f3n piloto de los centros educativos, ha ensayado generar un di\u00e1logo con los adultos responsables de los y las j\u00f3venes que llegan por medios motorizados a su lugar de estudio. Precisamente, el acceso a los centros de estudio desde puntos poblados aleda\u00f1os, es otra referencia de trabajo. El objetivo de la ULOSEV Soca, es fortalecer y\/o mejorar la infraestructura en la ruta para que, a trav\u00e9s de la implementaci\u00f3n de ciclov\u00edas, facilite la movilidad con seguridad en esta v\u00eda.<\/p>\n\n\n\n<p>Algunas de las tareas que viene trabajando el equipo de Soca, para fortalecer la conciencia de que una movilidad segura es posible, van de la mano con una serie de necesidades como mejorar la iluminaci\u00f3n y el trazado de algunos de los puntos de acceso a la localidad. Por otra parte, est\u00e1 la situaci\u00f3n del transporte pesado y la demarcaci\u00f3n de v\u00edas exclusivas de circulaci\u00f3n, adem\u00e1s de la habilitaci\u00f3n de espacios espec\u00edficos para que descansen los camiones. Tambi\u00e9n plantean como necesidad, la actualizaci\u00f3n de la infraestructura sobre el arroyo Los Caracoles en el camino del Cementerio, para poder transitar de forma segura. Otro de los puntos planteados es el impacto que ha tenido la construcci\u00f3n de la doble v\u00eda de Ruta 8 para la movilidad cotidiana.El encuentro cerr\u00f3 con una propuesta de trabajo en materia de intervenciones preventivas de cara a la pr\u00f3xima edici\u00f3n de la Noche de la Nostalgia.\u00a0<\/p>\n","protected":false},"excerpt":{"rendered":"<p>En el Museo de la Imagen y la Memoria (MIM), el Espacio de la Red&#8230;<\/p>\n","protected":false},"author":1,"featured_media":20243,"comment_status":"closed","ping_status":"closed","sticky":false,"template":"","format":"standard","meta":{"_monsterinsights_skip_tracking":false,"_monsterinsights_sitenote_active":false,"_monsterinsights_sitenote_note":"","_monsterinsights_sitenote_category":0,"footnotes":""},"categories":[84],"tags":[],"class_list":["post-20242","post","type-post","status-publish","format-standard","has-post-thumbnail","hentry","category-soca"],"featured_image_urls":{"full":["https:\/\/diariotiempo.com.uy\/noticias\/wp-content\/uploads\/2025\/08\/soca.jpg",800,384,false],"thumbnail":["https:\/\/diariotiempo.com.uy\/noticias\/wp-content\/uploads\/2025\/08\/soca-150x150.jpg",150,150,true],"medium":["https:\/\/diariotiempo.com.uy\/noticias\/wp-content\/uploads\/2025\/08\/soca-300x144.jpg",300,144,true],"medium_large":["https:\/\/diariotiempo.com.uy\/noticias\/wp-content\/uploads\/2025\/08\/soca-768x369.jpg",640,308,true],"large":["https:\/\/diariotiempo.com.uy\/noticias\/wp-content\/uploads\/2025\/08\/soca.jpg",640,307,false],"rpg_gallery_admin_thumb":["https:\/\/diariotiempo.com.uy\/noticias\/wp-content\/uploads\/2025\/08\/soca-150x150.jpg",150,150,true],"rpg_gallery_thumb":["https:\/\/diariotiempo.com.uy\/noticias\/wp-content\/uploads\/2025\/08\/soca-150x150.jpg",150,150,true],"1536x1536":["https:\/\/diariotiempo.com.uy\/noticias\/wp-content\/uploads\/2025\/08\/soca.jpg",800,384,false],"2048x2048":["https:\/\/diariotiempo.com.uy\/noticias\/wp-content\/uploads\/2025\/08\/soca.jpg",800,384,false],"covernews-slider-full":["https:\/\/diariotiempo.com.uy\/noticias\/wp-content\/uploads\/2025\/08\/soca.jpg",800,384,false],"covernews-slider-center":["https:\/\/diariotiempo.com.uy\/noticias\/wp-content\/uploads\/2025\/08\/soca.jpg",800,384,false],"covernews-featured":["https:\/\/diariotiempo.com.uy\/noticias\/wp-content\/uploads\/2025\/08\/soca.jpg",800,384,false],"covernews-medium":["https:\/\/diariotiempo.com.uy\/noticias\/wp-content\/uploads\/2025\/08\/soca-540x340.jpg",540,340,true],"covernews-medium-square":["https:\/\/diariotiempo.com.uy\/noticias\/wp-content\/uploads\/2025\/08\/soca-400x250.jpg",400,250,true]},"author_info":{"display_name":"diario","author_link":"https:\/\/diariotiempo.com.uy\/noticias\/author\/diario\/"},"category_info":"<a href=\"https:\/\/diariotiempo.com.uy\/noticias\/category\/departamental\/soca\/\" rel=\"category tag\">Soca<\/a>","tag_info":"Soca","comment_count":"0","_links":{"self":[{"href":"https:\/\/diariotiempo.com.uy\/noticias\/wp-json\/wp\/v2\/posts\/20242","targetHints":{"allow":["GET"]}}],"collection":[{"href":"https:\/\/diariotiempo.com.uy\/noticias\/wp-json\/wp\/v2\/posts"}],"about":[{"href":"https:\/\/diariotiempo.com.uy\/noticias\/wp-json\/wp\/v2\/types\/post"}],"author":[{"embeddable":true,"href":"https:\/\/diariotiempo.com.uy\/noticias\/wp-json\/wp\/v2\/users\/1"}],"replies":[{"embeddable":true,"href":"https:\/\/diariotiempo.com.uy\/noticias\/wp-json\/wp\/v2\/comments?post=20242"}],"version-history":[{"count":1,"href":"https:\/\/diariotiempo.com.uy\/noticias\/wp-json\/wp\/v2\/posts\/20242\/revisions"}],"predecessor-version":[{"id":20244,"href":"https:\/\/diariotiempo.com.uy\/noticias\/wp-json\/wp\/v2\/posts\/20242\/revisions\/20244"}],"wp:featuredmedia":[{"embeddable":true,"href":"https:\/\/diariotiempo.com.uy\/noticias\/wp-json\/wp\/v2\/media\/20243"}],"wp:attachment":[{"href":"https:\/\/diariotiempo.com.uy\/noticias\/wp-json\/wp\/v2\/media?parent=20242"}],"wp:term":[{"taxonomy":"category","embeddable":true,"href":"https:\/\/diariotiempo.com.uy\/noticias\/wp-json\/wp\/v2\/categories?post=20242"},{"taxonomy":"post_tag","embeddable":true,"href":"https:\/\/diariotiempo.com.uy\/noticias\/wp-json\/wp\/v2\/tags?post=20242"}],"curies":[{"name":"wp","href":"https:\/\/api.w.org\/{rel}","templated":true}]}}