{"id":20372,"date":"2025-08-15T20:07:17","date_gmt":"2025-08-15T20:07:17","guid":{"rendered":"https:\/\/diariotiempo.com.uy\/noticias\/?p=20372"},"modified":"2025-08-15T20:07:18","modified_gmt":"2025-08-15T20:07:18","slug":"30-jovenes-se-capacitaron-en-tecnicas-de-barismo-en-la-tercera-edicion-de-nestle-jovenes-baristas","status":"publish","type":"post","link":"https:\/\/diariotiempo.com.uy\/noticias\/2025\/08\/15\/30-jovenes-se-capacitaron-en-tecnicas-de-barismo-en-la-tercera-edicion-de-nestle-jovenes-baristas\/","title":{"rendered":"30 j\u00f3venes se capacitaron en t\u00e9cnicas de barismo en la tercera edici\u00f3n de Nestl\u00e9 J\u00f3venes Baristas"},"content":{"rendered":"\n<figure class=\"wp-block-gallery has-nested-images columns-2 is-cropped wp-block-gallery-1 is-layout-flex wp-block-gallery-is-layout-flex\">\n<figure class=\"wp-block-image size-large\"><img loading=\"lazy\" decoding=\"async\" width=\"700\" height=\"517\" data-id=\"20374\" src=\"https:\/\/diariotiempo.com.uy\/noticias\/wp-content\/uploads\/2025\/08\/nestle-adentro.jpg\" alt=\"\" class=\"wp-image-20374\" srcset=\"https:\/\/diariotiempo.com.uy\/noticias\/wp-content\/uploads\/2025\/08\/nestle-adentro.jpg 700w, https:\/\/diariotiempo.com.uy\/noticias\/wp-content\/uploads\/2025\/08\/nestle-adentro-300x222.jpg 300w\" sizes=\"auto, (max-width: 700px) 100vw, 700px\" \/><\/figure>\n\n\n\n<figure class=\"wp-block-image size-large\"><img loading=\"lazy\" decoding=\"async\" width=\"700\" height=\"525\" data-id=\"20375\" src=\"https:\/\/diariotiempo.com.uy\/noticias\/wp-content\/uploads\/2025\/08\/baristas.jpg\" alt=\"\" class=\"wp-image-20375\" srcset=\"https:\/\/diariotiempo.com.uy\/noticias\/wp-content\/uploads\/2025\/08\/baristas.jpg 700w, https:\/\/diariotiempo.com.uy\/noticias\/wp-content\/uploads\/2025\/08\/baristas-300x225.jpg 300w\" sizes=\"auto, (max-width: 700px) 100vw, 700px\" \/><\/figure>\n\n\n\n<figure class=\"wp-block-image size-large\"><img loading=\"lazy\" decoding=\"async\" width=\"800\" height=\"600\" data-id=\"20373\" src=\"https:\/\/diariotiempo.com.uy\/noticias\/wp-content\/uploads\/2025\/08\/22-8-25.jpg\" alt=\"\" class=\"wp-image-20373\" srcset=\"https:\/\/diariotiempo.com.uy\/noticias\/wp-content\/uploads\/2025\/08\/22-8-25.jpg 800w, https:\/\/diariotiempo.com.uy\/noticias\/wp-content\/uploads\/2025\/08\/22-8-25-300x225.jpg 300w, https:\/\/diariotiempo.com.uy\/noticias\/wp-content\/uploads\/2025\/08\/22-8-25-768x576.jpg 768w\" sizes=\"auto, (max-width: 800px) 100vw, 800px\" \/><\/figure>\n<\/figure>\n\n\n\n<p>Con la presencia del intendente de Canelones y otras autoridades departamentales, en Colonia Nicolich, Nestl\u00e9 Uruguay cerr\u00f3 una nueva edici\u00f3n del programa de formaci\u00f3n en barismo que ya ha capacitado a m\u00e1s de 80 j\u00f3venes.<\/p>\n\n\n\n<p>En esta tercera edici\u00f3n, el programa Nestl\u00e9 J\u00f3venes Baristas brind\u00f3 capacitaci\u00f3n gratuita a 30 j\u00f3venes, interesados en desarrollarse profesionalmente en el barismo, una profesi\u00f3n cada vez m\u00e1s valorada en el mundo del caf\u00e9.<\/p>\n\n\n\n<p>Durante dos jornadas, que se realizaron el 11 y el 12 de agosto, los participantes accedieron a 10 horas de formaci\u00f3n te\u00f3rico-pr\u00e1ctica sobre barismo con expertos uruguayos y de la regi\u00f3n. Los participantes provienen de diversas organizaciones, instituciones, entre ellas la UTU de Canelones, la organizaci\u00f3n Fe y Alegr\u00eda Uruguay, DESEM Junior Achievement, Fundaci\u00f3n FORGE, Fundaci\u00f3n Tienda Inglesa, El Dorado, Hotel Cottage y ANCAP.<\/p>\n\n\n\n<p>La capacitaci\u00f3n en t\u00e9cnicas de caf\u00e9 estuvo a cargo de Max Garc\u00eda, barista &amp; Beverage Ambassador de Nestl\u00e9, junto a Natalia Taveira y Silvina Gazzara, especialistas en Innovaci\u00f3n y Desarrollo de Productos de la compa\u00f1\u00eda. En paralelo, se dictaron talleres sobre habilidades laborales, empleabilidad, atenci\u00f3n al cliente y emprendimiento, con el apoyo de profesionales de DESEM y FORGE.<\/p>\n\n\n\n<p>Max Garc\u00eda, quien ha acompa\u00f1ado el programa desde sus inicios, destac\u00f3 el valor de la experiencia: \u201cNo dejo de sorprenderme por este programa que no solo entrelaza encuentros en la comunidad, sino que, en cada implementaci\u00f3n, aprendemos y tenemos una nueva mirada del barismo. Se nutre la iniciativa. Salimos todos motivados; la pasi\u00f3n por el caf\u00e9 encendida, habit\u00e1ndola mejor y en nuestros j\u00f3venes con ganas de descubrir su identidad laboral\u201d. La actividad cont\u00f3 con la presencia de autoridades departamentales y educativas, entre ellas el intendente de Canelones, Francisco Legnani, quien destac\u00f3 el crecimiento industrial de la zona y el rol de Nestl\u00e9 como actor clave en el desarrollo local. Al respecto, Legnani remarc\u00f3 \u201cel aporte enorme de una empresa modelo, como es Nestl\u00e9, en nuestro departamento\u201d. Adem\u00e1s, explic\u00f3 que decidi\u00f3 participar del programa para interactuar con los j\u00f3venes y \u201ccomo amante del caf\u00e9, para conocer un poco m\u00e1s tambi\u00e9n\u201d.<\/p>\n\n\n\n<p>Por su parte, Santiago Casas, Country Manager de Nestl\u00e9 Uruguay destac\u00f3 la importancia que tiene para la compa\u00f1\u00eda desarrollar programas que fomenten la empleabilidad juvenil: \u201cComo parte de nuestra \u201cIniciativa por los J\u00f3venes\u201d a nivel global, este programa busca impulsar la empleabilidad y el emprendimiento a trav\u00e9s de la formaci\u00f3n y de brindar herramientas que ayuden en la inserci\u00f3n laboral. Este a\u00f1o elegimos desarrollar Nestl\u00e9 J\u00f3venes Baristas en las cercan\u00edas de nuestra f\u00e1brica, en la UTU de Colonia Nicolich dentro del Centro Fe y Alegr\u00eda, para potenciar las oportunidades de los j\u00f3venes de Canelones\u201d. Desde su lanzamiento en 2023 y con esta nueva edici\u00f3n, el programa habr\u00e1 logrado capacitar a m\u00e1s de 85 j\u00f3venes en Uruguay, consolidando su objetivo de ofrecer oportunidades de capacitaci\u00f3n en el sector gastron\u00f3mico.<\/p>\n","protected":false},"excerpt":{"rendered":"<p>Con la presencia del intendente de Canelones y otras autoridades departamentales, en Colonia Nicolich, Nestl\u00e9&#8230;<\/p>\n","protected":false},"author":1,"featured_media":20373,"comment_status":"closed","ping_status":"closed","sticky":false,"template":"","format":"standard","meta":{"_monsterinsights_skip_tracking":false,"_monsterinsights_sitenote_active":false,"_monsterinsights_sitenote_note":"","_monsterinsights_sitenote_category":0,"footnotes":""},"categories":[4],"tags":[],"class_list":["post-20372","post","type-post","status-publish","format-standard","has-post-thumbnail","hentry","category-departamental"],"featured_image_urls":{"full":["https:\/\/diariotiempo.com.uy\/noticias\/wp-content\/uploads\/2025\/08\/22-8-25.jpg",800,600,false],"thumbnail":["https:\/\/diariotiempo.com.uy\/noticias\/wp-content\/uploads\/2025\/08\/22-8-25-150x150.jpg",150,150,true],"medium":["https:\/\/diariotiempo.com.uy\/noticias\/wp-content\/uploads\/2025\/08\/22-8-25-300x225.jpg",300,225,true],"medium_large":["https:\/\/diariotiempo.com.uy\/noticias\/wp-content\/uploads\/2025\/08\/22-8-25-768x576.jpg",640,480,true],"large":["https:\/\/diariotiempo.com.uy\/noticias\/wp-content\/uploads\/2025\/08\/22-8-25.jpg",640,480,false],"rpg_gallery_admin_thumb":["https:\/\/diariotiempo.com.uy\/noticias\/wp-content\/uploads\/2025\/08\/22-8-25-150x150.jpg",150,150,true],"rpg_gallery_thumb":["https:\/\/diariotiempo.com.uy\/noticias\/wp-content\/uploads\/2025\/08\/22-8-25-150x150.jpg",150,150,true],"1536x1536":["https:\/\/diariotiempo.com.uy\/noticias\/wp-content\/uploads\/2025\/08\/22-8-25.jpg",800,600,false],"2048x2048":["https:\/\/diariotiempo.com.uy\/noticias\/wp-content\/uploads\/2025\/08\/22-8-25.jpg",800,600,false],"covernews-slider-full":["https:\/\/diariotiempo.com.uy\/noticias\/wp-content\/uploads\/2025\/08\/22-8-25.jpg",800,600,false],"covernews-slider-center":["https:\/\/diariotiempo.com.uy\/noticias\/wp-content\/uploads\/2025\/08\/22-8-25-800x500.jpg",800,500,true],"covernews-featured":["https:\/\/diariotiempo.com.uy\/noticias\/wp-content\/uploads\/2025\/08\/22-8-25.jpg",800,600,false],"covernews-medium":["https:\/\/diariotiempo.com.uy\/noticias\/wp-content\/uploads\/2025\/08\/22-8-25-540x340.jpg",540,340,true],"covernews-medium-square":["https:\/\/diariotiempo.com.uy\/noticias\/wp-content\/uploads\/2025\/08\/22-8-25-400x250.jpg",400,250,true]},"author_info":{"display_name":"diario","author_link":"https:\/\/diariotiempo.com.uy\/noticias\/author\/diario\/"},"category_info":"<a href=\"https:\/\/diariotiempo.com.uy\/noticias\/category\/departamental\/\" rel=\"category tag\">DEPARTAMENTAL<\/a>","tag_info":"DEPARTAMENTAL","comment_count":"0","_links":{"self":[{"href":"https:\/\/diariotiempo.com.uy\/noticias\/wp-json\/wp\/v2\/posts\/20372","targetHints":{"allow":["GET"]}}],"collection":[{"href":"https:\/\/diariotiempo.com.uy\/noticias\/wp-json\/wp\/v2\/posts"}],"about":[{"href":"https:\/\/diariotiempo.com.uy\/noticias\/wp-json\/wp\/v2\/types\/post"}],"author":[{"embeddable":true,"href":"https:\/\/diariotiempo.com.uy\/noticias\/wp-json\/wp\/v2\/users\/1"}],"replies":[{"embeddable":true,"href":"https:\/\/diariotiempo.com.uy\/noticias\/wp-json\/wp\/v2\/comments?post=20372"}],"version-history":[{"count":1,"href":"https:\/\/diariotiempo.com.uy\/noticias\/wp-json\/wp\/v2\/posts\/20372\/revisions"}],"predecessor-version":[{"id":20376,"href":"https:\/\/diariotiempo.com.uy\/noticias\/wp-json\/wp\/v2\/posts\/20372\/revisions\/20376"}],"wp:featuredmedia":[{"embeddable":true,"href":"https:\/\/diariotiempo.com.uy\/noticias\/wp-json\/wp\/v2\/media\/20373"}],"wp:attachment":[{"href":"https:\/\/diariotiempo.com.uy\/noticias\/wp-json\/wp\/v2\/media?parent=20372"}],"wp:term":[{"taxonomy":"category","embeddable":true,"href":"https:\/\/diariotiempo.com.uy\/noticias\/wp-json\/wp\/v2\/categories?post=20372"},{"taxonomy":"post_tag","embeddable":true,"href":"https:\/\/diariotiempo.com.uy\/noticias\/wp-json\/wp\/v2\/tags?post=20372"}],"curies":[{"name":"wp","href":"https:\/\/api.w.org\/{rel}","templated":true}]}}