{"id":20377,"date":"2025-08-15T20:13:13","date_gmt":"2025-08-15T20:13:13","guid":{"rendered":"https:\/\/diariotiempo.com.uy\/noticias\/?p=20377"},"modified":"2025-08-15T20:13:14","modified_gmt":"2025-08-15T20:13:14","slug":"presentaron-compromisos-de-gestion-2025-para-la-policia-en-el-area-metropolitana","status":"publish","type":"post","link":"https:\/\/diariotiempo.com.uy\/noticias\/2025\/08\/15\/presentaron-compromisos-de-gestion-2025-para-la-policia-en-el-area-metropolitana\/","title":{"rendered":"Presentaron compromisos de gesti\u00f3n 2025 para la Polic\u00eda en el \u00e1rea metropolitana"},"content":{"rendered":"\n<figure class=\"wp-block-gallery has-nested-images columns-default is-cropped wp-block-gallery-1 is-layout-flex wp-block-gallery-is-layout-flex\">\n<figure class=\"wp-block-image size-large\"><img loading=\"lazy\" decoding=\"async\" width=\"700\" height=\"394\" data-id=\"20378\" src=\"https:\/\/diariotiempo.com.uy\/noticias\/wp-content\/uploads\/2025\/08\/POLICIAS-MUCHOS.jpg\" alt=\"\" class=\"wp-image-20378\" srcset=\"https:\/\/diariotiempo.com.uy\/noticias\/wp-content\/uploads\/2025\/08\/POLICIAS-MUCHOS.jpg 700w, https:\/\/diariotiempo.com.uy\/noticias\/wp-content\/uploads\/2025\/08\/POLICIAS-MUCHOS-300x169.jpg 300w\" sizes=\"auto, (max-width: 700px) 100vw, 700px\" \/><\/figure>\n\n\n\n<figure class=\"wp-block-image size-large\"><img loading=\"lazy\" decoding=\"async\" width=\"700\" height=\"394\" data-id=\"20379\" src=\"https:\/\/diariotiempo.com.uy\/noticias\/wp-content\/uploads\/2025\/08\/POLICIA.jpg\" alt=\"\" class=\"wp-image-20379\" srcset=\"https:\/\/diariotiempo.com.uy\/noticias\/wp-content\/uploads\/2025\/08\/POLICIA.jpg 700w, https:\/\/diariotiempo.com.uy\/noticias\/wp-content\/uploads\/2025\/08\/POLICIA-300x169.jpg 300w\" sizes=\"auto, (max-width: 700px) 100vw, 700px\" \/><\/figure>\n<\/figure>\n\n\n\n<p>El Ministerio del Interior present\u00f3 los compromisos de gesti\u00f3n para el a\u00f1o 2025 en el \u00e1rea metropolitana, un acuerdo que fija metas estrat\u00e9gicas para mejorar la seguridad p\u00fablica en Montevideo, Canelones y San Jos\u00e9. Las metas de este a\u00f1o se centran en la reducci\u00f3n de homicidios y en el incremento de su esclarecimiento, la incautaci\u00f3n de armas, cartuchos y motocicletas, as\u00ed como en la reformulaci\u00f3n de programas como el PADO y la Polic\u00eda Comunitaria Orientada a Problemas (PCOP).<\/p>\n\n\n\n<p>Presentan compromisos de gesti\u00f3n 2025 para la Polic\u00eda en el \u00e1rea metropolitana<\/p>\n\n\n\n<p>Del acto participaron la Subsecretaria del Ministerio del Interior, Cra. Gabriela Valverde; el Director de la Polic\u00eda Nacional, Comisario General (R) Jos\u00e9 Manuel Azambuya; el Subdirector Ejecutivo de la Polic\u00eda Nacional, Comisario General (R) Robert Taroco; y la Gerenta del \u00c1rea de Pol\u00edtica Institucional y Planificaci\u00f3n Estrat\u00e9gica, Lic. Micaela Mondino.<\/p>\n\n\n\n<p>La Subsecretaria Valverde explic\u00f3 que el compromiso de gesti\u00f3n es una partida salarial variable que busca mejorar el desempe\u00f1o y la gesti\u00f3n, vigente desde hace m\u00e1s de 10 a\u00f1os. \u201cCada a\u00f1o se define en funci\u00f3n de las prioridades del gobierno cu\u00e1l es el desempe\u00f1o que debe tener la Polic\u00eda Nacional en aspectos estrat\u00e9gicos\u201d, se\u00f1al\u00f3.<\/p>\n\n\n\n<p><strong>Entre los objetivos establecidos para 2025 se incluyen:<\/strong><\/p>\n\n\n\n<p>&nbsp; &nbsp; \u2022 &nbsp; &nbsp;Reducir los homicidios consumados.<\/p>\n\n\n\n<p>&nbsp; &nbsp; \u2022 &nbsp; &nbsp;Mejorar la eficiencia en la investigaci\u00f3n y esclarecimiento de delitos.<\/p>\n\n\n\n<p>&nbsp; &nbsp; \u2022 &nbsp; &nbsp;Fortalecer la prevenci\u00f3n del delito con un enfoque interinstitucional.<\/p>\n\n\n\n<p>&nbsp; &nbsp; \u2022 &nbsp; &nbsp;Prevenir situaciones de conflicto y violencia en la comunidad educativa.<\/p>\n\n\n\n<p>&nbsp; &nbsp; \u2022 &nbsp; &nbsp;Reforzar la disuasi\u00f3n y represi\u00f3n del delito para garantizar la convivencia ciudadana.<\/p>\n\n\n\n<p>&nbsp; &nbsp; \u2022 &nbsp; &nbsp;Reducir la infraestructura operativa del crimen.<\/p>\n\n\n\n<p>El cumplimiento de las metas ser\u00e1 evaluado por una Comisi\u00f3n de Seguimiento integrada por representantes del Ministerio del Interior, la Polic\u00eda Nacional, el \u00c1rea de Pol\u00edtica Institucional y Planificaci\u00f3n Estrat\u00e9gica, el Ministerio de Econom\u00eda, la Oficina Nacional del Servicio Civil y la Oficina de Planeamiento y Presupuesto.<\/p>\n\n\n\n<p>Para el Director de la Polic\u00eda Nacional, este sistema \u201cordena la tarea, nos marca un rumbo y nos compromete. Somos servidores p\u00fablicos y administradores de lo que el Estado nos da, por eso es fundamental fijarnos metas y controlarlas a\u00f1o a a\u00f1o\u201d.<\/p>\n\n\n\n<p>La Lic. Micaela Mondino present\u00f3 los lineamientos estrat\u00e9gicos y prioridades de este a\u00f1o, orientados a fortalecer la seguridad p\u00fablica, la prevenci\u00f3n y el esclarecimiento de delitos, con el objetivo de consolidar una polic\u00eda m\u00e1s eficiente y cercana a la comunidad.<\/p>\n","protected":false},"excerpt":{"rendered":"<p>El Ministerio del Interior present\u00f3 los compromisos de gesti\u00f3n para el a\u00f1o 2025 en el&#8230;<\/p>\n","protected":false},"author":1,"featured_media":20378,"comment_status":"closed","ping_status":"closed","sticky":false,"template":"","format":"standard","meta":{"_monsterinsights_skip_tracking":false,"_monsterinsights_sitenote_active":false,"_monsterinsights_sitenote_note":"","_monsterinsights_sitenote_category":0,"footnotes":""},"categories":[6],"tags":[],"class_list":["post-20377","post","type-post","status-publish","format-standard","has-post-thumbnail","hentry","category-policial"],"featured_image_urls":{"full":["https:\/\/diariotiempo.com.uy\/noticias\/wp-content\/uploads\/2025\/08\/POLICIAS-MUCHOS.jpg",700,394,false],"thumbnail":["https:\/\/diariotiempo.com.uy\/noticias\/wp-content\/uploads\/2025\/08\/POLICIAS-MUCHOS-150x150.jpg",150,150,true],"medium":["https:\/\/diariotiempo.com.uy\/noticias\/wp-content\/uploads\/2025\/08\/POLICIAS-MUCHOS-300x169.jpg",300,169,true],"medium_large":["https:\/\/diariotiempo.com.uy\/noticias\/wp-content\/uploads\/2025\/08\/POLICIAS-MUCHOS.jpg",640,360,false],"large":["https:\/\/diariotiempo.com.uy\/noticias\/wp-content\/uploads\/2025\/08\/POLICIAS-MUCHOS.jpg",640,360,false],"rpg_gallery_admin_thumb":["https:\/\/diariotiempo.com.uy\/noticias\/wp-content\/uploads\/2025\/08\/POLICIAS-MUCHOS-150x150.jpg",150,150,true],"rpg_gallery_thumb":["https:\/\/diariotiempo.com.uy\/noticias\/wp-content\/uploads\/2025\/08\/POLICIAS-MUCHOS-150x150.jpg",150,150,true],"1536x1536":["https:\/\/diariotiempo.com.uy\/noticias\/wp-content\/uploads\/2025\/08\/POLICIAS-MUCHOS.jpg",700,394,false],"2048x2048":["https:\/\/diariotiempo.com.uy\/noticias\/wp-content\/uploads\/2025\/08\/POLICIAS-MUCHOS.jpg",700,394,false],"covernews-slider-full":["https:\/\/diariotiempo.com.uy\/noticias\/wp-content\/uploads\/2025\/08\/POLICIAS-MUCHOS.jpg",700,394,false],"covernews-slider-center":["https:\/\/diariotiempo.com.uy\/noticias\/wp-content\/uploads\/2025\/08\/POLICIAS-MUCHOS.jpg",700,394,false],"covernews-featured":["https:\/\/diariotiempo.com.uy\/noticias\/wp-content\/uploads\/2025\/08\/POLICIAS-MUCHOS.jpg",700,394,false],"covernews-medium":["https:\/\/diariotiempo.com.uy\/noticias\/wp-content\/uploads\/2025\/08\/POLICIAS-MUCHOS-540x340.jpg",540,340,true],"covernews-medium-square":["https:\/\/diariotiempo.com.uy\/noticias\/wp-content\/uploads\/2025\/08\/POLICIAS-MUCHOS-400x250.jpg",400,250,true]},"author_info":{"display_name":"diario","author_link":"https:\/\/diariotiempo.com.uy\/noticias\/author\/diario\/"},"category_info":"<a href=\"https:\/\/diariotiempo.com.uy\/noticias\/category\/policial\/\" rel=\"category tag\">POLICIAL<\/a>","tag_info":"POLICIAL","comment_count":"0","_links":{"self":[{"href":"https:\/\/diariotiempo.com.uy\/noticias\/wp-json\/wp\/v2\/posts\/20377","targetHints":{"allow":["GET"]}}],"collection":[{"href":"https:\/\/diariotiempo.com.uy\/noticias\/wp-json\/wp\/v2\/posts"}],"about":[{"href":"https:\/\/diariotiempo.com.uy\/noticias\/wp-json\/wp\/v2\/types\/post"}],"author":[{"embeddable":true,"href":"https:\/\/diariotiempo.com.uy\/noticias\/wp-json\/wp\/v2\/users\/1"}],"replies":[{"embeddable":true,"href":"https:\/\/diariotiempo.com.uy\/noticias\/wp-json\/wp\/v2\/comments?post=20377"}],"version-history":[{"count":1,"href":"https:\/\/diariotiempo.com.uy\/noticias\/wp-json\/wp\/v2\/posts\/20377\/revisions"}],"predecessor-version":[{"id":20380,"href":"https:\/\/diariotiempo.com.uy\/noticias\/wp-json\/wp\/v2\/posts\/20377\/revisions\/20380"}],"wp:featuredmedia":[{"embeddable":true,"href":"https:\/\/diariotiempo.com.uy\/noticias\/wp-json\/wp\/v2\/media\/20378"}],"wp:attachment":[{"href":"https:\/\/diariotiempo.com.uy\/noticias\/wp-json\/wp\/v2\/media?parent=20377"}],"wp:term":[{"taxonomy":"category","embeddable":true,"href":"https:\/\/diariotiempo.com.uy\/noticias\/wp-json\/wp\/v2\/categories?post=20377"},{"taxonomy":"post_tag","embeddable":true,"href":"https:\/\/diariotiempo.com.uy\/noticias\/wp-json\/wp\/v2\/tags?post=20377"}],"curies":[{"name":"wp","href":"https:\/\/api.w.org\/{rel}","templated":true}]}}